{"id":111593,"date":"2022-11-21T12:42:02","date_gmt":"2022-11-21T15:42:02","guid":{"rendered":"https:\/\/www.blogdopaulonunes.com\/v5\/?p=111593"},"modified":"2022-11-21T12:42:02","modified_gmt":"2022-11-21T15:42:02","slug":"bolsonaro-quer-declarar-apoio-a-manifestantes-golpistas-mas-teme-consequencias-na-justica-se-declarar-sera-cassado","status":"publish","type":"post","link":"https:\/\/www.blogdopaulonunes.com\/v5\/index.php\/2022\/11\/21\/bolsonaro-quer-declarar-apoio-a-manifestantes-golpistas-mas-teme-consequencias-na-justica-se-declarar-sera-cassado\/","title":{"rendered":"Bolsonaro quer declarar apoio a manifestantes golpistas, mas teme consequ\u00eancias na Justi\u00e7a; se declarar ser\u00e1 cassado"},"content":{"rendered":"<p style=\"text-align: justify;\"><strong>Ele teme que os atos evoluam para movimentos mais violentos, o que o deixaria em posi\u00e7\u00e3o desfavor\u00e1vel perante a Justi\u00e7a<\/strong><\/p>\n<p style=\"text-align: justify;\">Recluso desde que perdeu a elei\u00e7\u00e3o presidencial para Luiz In\u00e1cio Lula da Silva (PT), Jair Bolsonaro (PL) observa seus apoiadores tumultuarem o pa\u00eds desde ent\u00e3o, alegando fraude no pleito e pedindo &#8220;interven\u00e7\u00e3o federal&#8221; e golpe militar. Segundo a\u00a0<a href=\"https:\/\/www1.folha.uol.com.br\/colunas\/painel\/2022\/11\/bolsonaro-diz-que-quer-declarar-apoio-a-manifestantes-mas-teme-justica.shtml\" target=\"_blank\" rel=\"noopener\">Folha de S. Paulo<\/a>, o ainda ocupante do Pal\u00e1cio do Planalto &#8220;estuda uma formula\u00e7\u00e3o para conseguir declarar apoio aos manifestantes&#8221;.<\/p>\n<p style=\"text-align: justify;\">&#8220;No entanto, ele n\u00e3o tem tido sucesso em superar o temor de que algum incidente violento aconte\u00e7a nos protestos golpistas e isso possa ser usado contra ele na Justi\u00e7a, especialmente pelo Supremo Tribunal Federal. Ele teme ser enquadrado como incentivador de eventuais a\u00e7\u00f5es ilegais&#8221;, diz a reportagem.<\/p>\n<p style=\"text-align: justify;\">A quem o visita, Bolsonaro diz que os atos contam com a participa\u00e7\u00e3o de pessoas comuns, mas tamb\u00e9m de fan\u00e1ticos que poderiam causar algum incidente mais grave, o que o colocaria em uma posi\u00e7\u00e3o complicada.<\/p>\n<p><iframe loading=\"lazy\" title=\"YouTube video player\" src=\"https:\/\/www.youtube.com\/embed\/1aV3lrpVeHc\" width=\"560\" height=\"315\" frameborder=\"0\" allowfullscreen=\"allowfullscreen\"><\/iframe><\/p>\n","protected":false},"excerpt":{"rendered":"<p>Ele teme que os atos evoluam para movimentos mais violentos, o que o deixaria em posi\u00e7\u00e3o desfavor\u00e1vel perante a Justi\u00e7a Recluso desde que perdeu a elei\u00e7\u00e3o presidencial para Luiz In\u00e1cio Lula da Silva (PT), Jair Bolsonaro (PL) observa seus apoiadores tumultuarem o pa\u00eds desde ent\u00e3o, alegando fraude no pleito e pedindo &#8220;interven\u00e7\u00e3o federal&#8221; e golpe [&hellip;]<\/p>\n","protected":false},"author":2,"featured_media":111597,"comment_status":"open","ping_status":"open","sticky":false,"template":"","format":"standard","meta":[],"categories":[75,71],"tags":[],"_links":{"self":[{"href":"https:\/\/www.blogdopaulonunes.com\/v5\/index.php\/wp-json\/wp\/v2\/posts\/111593"}],"collection":[{"href":"https:\/\/www.blogdopaulonunes.com\/v5\/index.php\/wp-json\/wp\/v2\/posts"}],"about":[{"href":"https:\/\/www.blogdopaulonunes.com\/v5\/index.php\/wp-json\/wp\/v2\/types\/post"}],"author":[{"embeddable":true,"href":"https:\/\/www.blogdopaulonunes.com\/v5\/index.php\/wp-json\/wp\/v2\/users\/2"}],"replies":[{"embeddable":true,"href":"https:\/\/www.blogdopaulonunes.com\/v5\/index.php\/wp-json\/wp\/v2\/comments?post=111593"}],"version-history":[{"count":1,"href":"https:\/\/www.blogdopaulonunes.com\/v5\/index.php\/wp-json\/wp\/v2\/posts\/111593\/revisions"}],"predecessor-version":[{"id":111598,"href":"https:\/\/www.blogdopaulonunes.com\/v5\/index.php\/wp-json\/wp\/v2\/posts\/111593\/revisions\/111598"}],"wp:featuredmedia":[{"embeddable":true,"href":"https:\/\/www.blogdopaulonunes.com\/v5\/index.php\/wp-json\/wp\/v2\/media\/111597"}],"wp:attachment":[{"href":"https:\/\/www.blogdopaulonunes.com\/v5\/index.php\/wp-json\/wp\/v2\/media?parent=111593"}],"wp:term":[{"taxonomy":"category","embeddable":true,"href":"https:\/\/www.blogdopaulonunes.com\/v5\/index.php\/wp-json\/wp\/v2\/categories?post=111593"},{"taxonomy":"post_tag","embeddable":true,"href":"https:\/\/www.blogdopaulonunes.com\/v5\/index.php\/wp-json\/wp\/v2\/tags?post=111593"}],"curies":[{"name":"wp","href":"https:\/\/api.w.org\/{rel}","templated":true}]}}