{"id":111564,"date":"2022-11-18T19:48:03","date_gmt":"2022-11-18T22:48:03","guid":{"rendered":"https:\/\/www.blogdopaulonunes.com\/v5\/?p=111564"},"modified":"2022-11-18T19:48:03","modified_gmt":"2022-11-18T22:48:03","slug":"ze-raimundo-e-waldenor-pereira-recebem-comenda-anisio-teixeira-do-conselho-estadual-de-educacao","status":"publish","type":"post","link":"https:\/\/www.blogdopaulonunes.com\/v5\/index.php\/2022\/11\/18\/ze-raimundo-e-waldenor-pereira-recebem-comenda-anisio-teixeira-do-conselho-estadual-de-educacao\/","title":{"rendered":"Z\u00e9 Raimundo e Waldenor Pereira recebem Comenda An\u00edsio Teixeira do Conselho Estadual de Educa\u00e7\u00e3o"},"content":{"rendered":"<p style=\"text-align: justify;\">Em sess\u00e3o especial na Assembleia Legislativa do Estado da Bahia (ALBA), para marcar os 180 anos do Conselho Estadual de Educa\u00e7\u00e3o da Bahia, completados em 2022, os deputados petistas Waldenor Pereira (federal) e Z\u00e9 Raimundo (estadual) foram homenageados com a Comenda An\u00edsio Teixeira &#8211; honraria criada pelo Conselho com o objetivo de conferir reconhecimento \u00e0queles que se distinguiram por suas relevantes contribui\u00e7\u00f5es para o desenvolvimento da Educa\u00e7\u00e3o da Bahia.<br \/>\nA sess\u00e3o especial foi realizada na quinta-feira, 17\/11, no Plen\u00e1rio Orlando Sp\u00ednola, a partir de proposta do deputado Z\u00e9 Raimundo, que presidiu a solenidade e destacou o papel relevante deste que foi o primeiro Conselho de Educa\u00e7\u00e3o no pa\u00eds, criado ainda no Imp\u00e9rio, pela Lei n\u00ba 172, de 25 de maio de 1842. O Conselho \u00e9 vinculado \u00e0 Secretaria Estadual de Educa\u00e7\u00e3o. A entrega da comenda foi uma iniciativa do Conselho no decorrer da sess\u00e3o.<\/p>\n<p style=\"text-align: justify;\">\n<strong>Luta pela educa\u00e7\u00e3o<\/strong><\/p>\n<p><img loading=\"lazy\" class=\"alignnone size-full wp-image-111566\" src=\"https:\/\/www.blogdopaulonunes.com\/v5\/wp-content\/uploads\/2022\/11\/luta-pela-educacao9.png\" alt=\"\" width=\"300\" height=\"183\" \/><\/p>\n<p style=\"text-align: justify;\">Como um dos agraciados pela Comenda, o deputado federal Waldenor Pereira revelou sua alegria: \u201cEstou muito orgulhoso e agradecido por receber esta honraria, porque desde muito jovem tenho lutado incansavelmente em defesa de uma educa\u00e7\u00e3o p\u00fablica, de qualidade e laica, como preceituou o patrono da educa\u00e7\u00e3o da Bahia, An\u00edsio Teixeira&#8221;. Waldenor tamb\u00e9m lembrou sua trajet\u00f3ria de atua\u00e7\u00e3o, iniciada ainda no movimento estudantil, depois nas entidades representativas dos professores, tendo encampado a luta pela cria\u00e7\u00e3o da Universidade Estadual do Sudoeste da Bahia (UESB). Ele, inclusive, integrou o quadro de docentes desta institui\u00e7\u00e3o, onde foi reitor por dois mandatos consecutivos.<\/p>\n<p style=\"text-align: justify;\">Atualmente, exercendo mandato de deputado federal pela terceira vez, tem se destacado na defesa da educa\u00e7\u00e3o como membro titular da Comiss\u00e3o de Educa\u00e7\u00e3o da C\u00e2mara Federal e foi coordenador do N\u00facleo de Educa\u00e7\u00e3o do PT no Congresso Nacional. Ele acaba de ser reeleito para o quarto mandato federal com o compromisso de continuar lutando pela educa\u00e7\u00e3o p\u00fablica, gratuita e de qualidade.<!--more--><\/p>\n<p style=\"text-align: justify;\">\n<strong>Homenagem de surpresa<\/strong><\/p>\n<p style=\"text-align: justify;\">Z\u00e9 Raimundo foi surpreendido com a inclus\u00e3o do seu nome entre os homenageados, ao final da sess\u00e3o que ele prop\u00f4s e conduziu, e agradeceu aos conselheiros pelo reconhecimento. Igualmente com trajet\u00f3ria de ativismo e trabalho em defesa da educa\u00e7\u00e3o, tanto nas entidades representativas dos estudantes e depois de docentes, Z\u00e9 Raimundo foi parceiro de Waldenor na luta pela cria\u00e7\u00e3o da UESB. Mais tarde, quando Z\u00e9 Raimundo era prefeito de Vit\u00f3ria da Conquista e o amigo Waldenor era deputado estadual, ambos apoiaram a cria\u00e7\u00e3o do Campus An\u00edsio Teixeira, da Universidade Federal da Bahia (UFBA), em Vit\u00f3ria da Conquista.<br \/>\nOutros agraciados com a Comenda An\u00edsio Teixeira foram a deputada estadual Fab\u00edola Mansur (PSB); o promotor Adalvo Nunes J\u00fanior; o secret\u00e1rio Danilo de Melo Souza; e os diretores de n\u00facleos territoriais de educa\u00e7\u00e3o de Ribeira do Pombal (NTE17), Deusdete Gomes de Almeida J\u00fanior; de Valen\u00e7a (NTE 06), Jos\u00e9lia Maria dosSantos; de Paulo Afonso (NTE 24), Marco Ant\u00f4nio Queiroz Pires; de Ipir\u00e1(NTE 15), N\u00edvea Mairi; e de Itabuna (NTE 05), Rosilene Vila Nova Cavalcante, conhecida como Leninha.<\/p>\n<p style=\"text-align: justify;\"><strong>Pe\u00e7a art\u00edstica da comenda<\/strong><\/p>\n<p style=\"text-align: justify;\">Durante a sess\u00e3o foram exibidos dois v\u00eddeos, um mostrando um breve hist\u00f3rico do Conselho de Educa\u00e7\u00e3o da Bahia, outro sobre a cria\u00e7\u00e3o da Comenda An\u00edsio Teixeira. A honraria foi institu\u00edda pelo Conselho no in\u00edcio deste ano para homenagear personalidades com hist\u00f3rico de defesa da educa\u00e7\u00e3o e \u00e9 simbolizada pelo artista Billy Oliveira, do munic\u00edpio baiano de Cachoeira. Cada pe\u00e7a tem a sua originalidade pelo entalhe feito \u00e0 m\u00e3o com a imagem do educador An\u00edsio Teixeira, vision\u00e1rio baiano que \u00e9 patrono da educa\u00e7\u00e3o e do Conselho Estadual da Bahia.<\/p>\n<p style=\"text-align: justify;\"><strong>O Conselho<\/strong><\/p>\n<p><img loading=\"lazy\" class=\"alignnone size-full wp-image-111567\" src=\"https:\/\/www.blogdopaulonunes.com\/v5\/wp-content\/uploads\/2022\/11\/Conselho9.png\" alt=\"\" width=\"300\" height=\"175\" \/><\/p>\n<p style=\"text-align: justify;\">O v\u00eddeo exibido sobre o Conselho Estadual da Bahia, o primeiro do pa\u00eds, criado quando o Brasil ainda era governado por um imperador, contou um pouco da hist\u00f3ria da importante institui\u00e7\u00e3o, que hoje disciplina as atividades do ensino p\u00fablico e privado no Estado da Bahia, assumindo as fun\u00e7\u00f5es normativas, deliberativas, fiscalizadoras e consultivas.<\/p>\n<p style=\"text-align: justify;\">Este Conselho de 180 anos \u00e9 repleto de conquistas capitaneadas por importantes personalidades, em momentos distintos da sua hist\u00f3ria, como, por exemplo, o jurista Ruy Barbosa, o educador An\u00edsio Teixeira, os professores Luiz Rog\u00e9rio de Souza, Edivaldo Machado Boaventura, Germano Tabacoff, Luiz Felippe Perret Serpa, R\u00f4mulo Galv\u00e3o de Carvalho, Jos\u00e9 Rog\u00e9rio da Costa Vargens, e as professoras Iraci Pican\u00e7o, Ana Maria Silva Teixeira, Nadja Valverde Viana, Ren\u00e9e Albagli, entre tantos outros nomes n\u00e3o menos importantes.<\/p>\n<p style=\"text-align: justify;\"><strong>Personalidades presentes<\/strong><\/p>\n<p style=\"text-align: justify;\">O plen\u00e1rio da Alba ficou lotado de profissionais e personalidades baianas ligadas \u00e0 educa\u00e7\u00e3o que foram prestigiar a homenagem. \u00c0 mesa de condu\u00e7\u00e3o da sess\u00e3o especial, estiveram junto com Z\u00e9 Raimundo o presidente do Conselho Estadual de Educa\u00e7\u00e3o, Paulo Gabriel Nacif, o vice-presidente, Roberto Pires Gondim; o secret\u00e1rio estadual de Educa\u00e7\u00e3o, Danilo Souza, a conselheira decana Ester Figueiredo, o deputado Waldenor Pereira, representante da Defensoria P\u00fablica; Adriano Marques, \u00c1lvaro Gomes (ex-deputado), a reitora da UNEB, Adriana Marmori, o promotor de justi\u00e7a, Adriano Marques, o diretor do Col\u00e9gio Militar, Tenente Coronel Genebaldo Gomes Nascimento, e os deputados estaduais Fab\u00edola Mansur (homenageada), Rosemberg Pinto, l\u00edder do governo, e F\u00e1tima Nunes, do PT.<\/p>\n","protected":false},"excerpt":{"rendered":"<p>Em sess\u00e3o especial na Assembleia Legislativa do Estado da Bahia (ALBA), para marcar os 180 anos do Conselho Estadual de Educa\u00e7\u00e3o da Bahia, completados em 2022, os deputados petistas Waldenor Pereira (federal) e Z\u00e9 Raimundo (estadual) foram homenageados com a Comenda An\u00edsio Teixeira &#8211; honraria criada pelo Conselho com o objetivo de conferir reconhecimento \u00e0queles [&hellip;]<\/p>\n","protected":false},"author":2,"featured_media":111565,"comment_status":"open","ping_status":"open","sticky":false,"template":"","format":"standard","meta":[],"categories":[112,72],"tags":[],"_links":{"self":[{"href":"https:\/\/www.blogdopaulonunes.com\/v5\/index.php\/wp-json\/wp\/v2\/posts\/111564"}],"collection":[{"href":"https:\/\/www.blogdopaulonunes.com\/v5\/index.php\/wp-json\/wp\/v2\/posts"}],"about":[{"href":"https:\/\/www.blogdopaulonunes.com\/v5\/index.php\/wp-json\/wp\/v2\/types\/post"}],"author":[{"embeddable":true,"href":"https:\/\/www.blogdopaulonunes.com\/v5\/index.php\/wp-json\/wp\/v2\/users\/2"}],"replies":[{"embeddable":true,"href":"https:\/\/www.blogdopaulonunes.com\/v5\/index.php\/wp-json\/wp\/v2\/comments?post=111564"}],"version-history":[{"count":1,"href":"https:\/\/www.blogdopaulonunes.com\/v5\/index.php\/wp-json\/wp\/v2\/posts\/111564\/revisions"}],"predecessor-version":[{"id":111568,"href":"https:\/\/www.blogdopaulonunes.com\/v5\/index.php\/wp-json\/wp\/v2\/posts\/111564\/revisions\/111568"}],"wp:featuredmedia":[{"embeddable":true,"href":"https:\/\/www.blogdopaulonunes.com\/v5\/index.php\/wp-json\/wp\/v2\/media\/111565"}],"wp:attachment":[{"href":"https:\/\/www.blogdopaulonunes.com\/v5\/index.php\/wp-json\/wp\/v2\/media?parent=111564"}],"wp:term":[{"taxonomy":"category","embeddable":true,"href":"https:\/\/www.blogdopaulonunes.com\/v5\/index.php\/wp-json\/wp\/v2\/categories?post=111564"},{"taxonomy":"post_tag","embeddable":true,"href":"https:\/\/www.blogdopaulonunes.com\/v5\/index.php\/wp-json\/wp\/v2\/tags?post=111564"}],"curies":[{"name":"wp","href":"https:\/\/api.w.org\/{rel}","templated":true}]}}