{"id":111553,"date":"2022-11-18T07:19:19","date_gmt":"2022-11-18T10:19:19","guid":{"rendered":"https:\/\/www.blogdopaulonunes.com\/v5\/?p=111553"},"modified":"2022-11-18T07:19:19","modified_gmt":"2022-11-18T10:19:19","slug":"governo-esperou-eleicao-para-apurar-suspeita-em-cadastros-do-auxilio-brasil","status":"publish","type":"post","link":"https:\/\/www.blogdopaulonunes.com\/v5\/index.php\/2022\/11\/18\/governo-esperou-eleicao-para-apurar-suspeita-em-cadastros-do-auxilio-brasil\/","title":{"rendered":"Governo esperou elei\u00e7\u00e3o para apurar suspeita em cadastros do Aux\u00edlio Brasil"},"content":{"rendered":"<div class=\"\">\n<header>\n<div class=\"type-content-wrapper image-full\">\n<div class=\"type-content-validation\">\n<div class=\"tooltip-wrapper\">\n<div class=\"tooltip-container \">\n<div class=\"w-tooltip \">\n<h5 class=\"open-tooltip\"><span class=\"p-author \">REPORTAGEM<\/span><\/h5>\n<\/div>\n<\/div>\n<\/div>\n<\/div>\n<\/div>\n<\/header>\n<\/div>\n<div class=\"\">\n<div class=\"row\">\n<div class=\"col-sm-24 col-md-16 col-lg-17 content-article\">\n<div class=\"row\">\n<figure class=\"photo col-xs-8 col-sm-24 representative crop-900x506 figure\">\n<div class=\"image bg\">\n<picture><source srcset=\"https:\/\/conteudo.imguol.com.br\/c\/noticias\/08\/2022\/11\/17\/boletim-repassado-aos-municipios-e-estados-um-dia-apos-publicacao-em-diario-oficial-de-instrucao-normativa-1668695618722_v2_450x337.jpg.webp\" type=\"image\/webp\" media=\"(max-width: 767px)\" \/><source srcset=\"https:\/\/conteudo.imguol.com.br\/c\/noticias\/08\/2022\/11\/17\/boletim-repassado-aos-municipios-e-estados-um-dia-apos-publicacao-em-diario-oficial-de-instrucao-normativa-1668695618722_v2_900x506.jpg.webp\" type=\"image\/webp\" media=\"(min-width: 768px)\" \/><source srcset=\"https:\/\/conteudo.imguol.com.br\/c\/noticias\/08\/2022\/11\/17\/boletim-repassado-aos-municipios-e-estados-um-dia-apos-publicacao-em-diario-oficial-de-instrucao-normativa-1668695618722_v2_450x337.jpg\" type=\"image\/jpeg\" media=\"(max-width: 767px)\" \/><source srcset=\"https:\/\/conteudo.imguol.com.br\/c\/noticias\/08\/2022\/11\/17\/boletim-repassado-aos-municipios-e-estados-um-dia-apos-publicacao-em-diario-oficial-de-instrucao-normativa-1668695618722_v2_900x506.jpg\" type=\"image\/jpeg\" media=\"(min-width: 768px)\" \/><\/picture>\n<div class=\"pinit-wraper\"><img loading=\"lazy\" class=\"pinit-img\" src=\"https:\/\/conteudo.imguol.com.br\/c\/noticias\/08\/2022\/11\/17\/boletim-repassado-aos-municipios-e-estados-um-dia-apos-publicacao-em-diario-oficial-de-instrucao-normativa-1668695618722_v2_900x506.jpg\" alt=\"Boletim repassado aos munic\u00edpios e estados ap\u00f3s publica\u00e7\u00e3o em Di\u00e1rio Oficial de instru\u00e7\u00e3o normativa - Repdrodu\u00e7\u00e3o\" width=\"900\" height=\"506\" \/><\/div>\n<\/div><figcaption class=\"container bottom-title\">Boletim repassado aos munic\u00edpios e estados ap\u00f3s publica\u00e7\u00e3o em Di\u00e1rio Oficial de instru\u00e7\u00e3o normativaImagem: Repdrodu\u00e7\u00e3o<\/figcaption><\/figure>\n<div class=\"col-xs-8 col-lg-3 col-md-3 col-sm-3 col-xs-24 has-title-sponsor share-sticky\">\n<div class=\"hidden-xs\">\n<div class=\"share share-vertical share-left share-large share-fixed\" data-config=\"{&quot;facebookApi&quot;:false,&quot;characters-limit&quot;:{&quot;twitter&quot;:{&quot;text&quot;:90}},&quot;xs&quot;:{&quot;order&quot;:{&quot;before&quot;:&quot;whatsapp;facebook;twitter;linkedin&quot;},&quot;mode&quot;:&quot;horizontal;small;&quot;},&quot;omniturereferences&quot;:{&quot;facebook&quot;:&quot;compartilhe_facebook&quot;,&quot;twitter&quot;:&quot;compartilhe_twitter&quot;,&quot;pinterest&quot;:&quot;compartilhe_pinterest&quot;,&quot;linkedin&quot;:&quot;compartilhe_linkedin&quot;,&quot;mail&quot;:&quot;compartilhe_email&quot;,&quot;whatsapp&quot;:&quot;compartilhe_whatsapp&quot;,&quot;messenger&quot;:&quot;compartilhe_messenger&quot;,&quot;viber&quot;:&quot;compartilhe_viber&quot;,&quot;more-open&quot;:&quot;compartilhe_expandir&quot;,&quot;more-close&quot;:&quot;compartilhe_fechar&quot;,&quot;save-link&quot;:&quot;link&quot;},&quot;defaultapis&quot;:{},&quot;components&quot;:[&quot;see-later&quot;,&quot;comment-counter&quot;],&quot;defaults&quot;:{&quot;see-later&quot;:{},&quot;general&quot;:{&quot;domain&quot;:&quot;noticias.uol.com.br&quot;,&quot;subject&quot;:&quot;Veja no UOL&quot;,&quot;body&quot;:&quot;Vi no UOL e acho que pode interessar a voc\u00ea:\\nhttps:\/\/noticias.uol.com.br\/colunas\/carlos-madeiro\/2022\/11\/18\/governo-esperou-eleicao-para-apurar-suspeita-em-cadastros-do-auxilio-brasil.htm?utm_campaign=carlos-madeiro&amp;utm_content=veja-texto-completo&amp;utm_medium=email&amp;utm_source=notificacao-coluna&quot;,&quot;redirect&quot;:&quot;https:\/\/tm.uol.com.br\/bt\/facebook_auth\/facebook-track-share.html?group=B&quot;,&quot;site&quot;:&quot;UOLNoticias @UOL&quot;,&quot;follow-title&quot;:&quot;UOL Not\u00edcias&quot;,&quot;image&quot;:{&quot;src&quot;:&quot;http:\/\/conteudo.imguol.com.br\/c\/noticias\/08\/2022\/11\/17\/boletim-repassado-aos-municipios-e-estados-um-dia-apos-publicacao-em-diario-oficial-de-instrucao-normativa-1668695618722_v2_615x300.jpg&quot;,&quot;sizes&quot;:{&quot;personalizado&quot;:&quot;&quot;,&quot;original&quot;:&quot;900x506&quot;},&quot;height&quot;:506,&quot;width&quot;:900,&quot;crops&quot;:&quot;1x1;3x4;4x3;9x16;16x9;16x12;80x80;142x100;142x200;300x100;300x200;300x300;300x420;300x500;615x300;615x470;956x500;1280x657&quot;,&quot;type&quot;:&quot;&quot;,&quot;titulo&quot;:&quot;Boletim repassado aos munic\u00edpios e estados ap\u00f3s publica\u00e7\u00e3o em Di\u00e1rio Oficial de instru\u00e7\u00e3o normativa&quot;,&quot;credito&quot;:&quot;Repdrodu\u00e7\u00e3o&quot;},&quot;title&quot;:&quot;Carlos Madeiro - Governo esperou elei\u00e7\u00e3o para apurar suspeita em cadastros do Aux\u00edlio Brasil&quot;,&quot;description&quot;:&quot;O Minist\u00e9rio da Cidadania publicou, no \u00faltimo dia 4, uma instru\u00e7\u00e3o normativa conjunta para dar &quot;,&quot;date&quot;:&quot;18\/11\/2022 04h01&quot;,&quot;kicker&quot;:&quot;Carlos Madeiro&quot;,&quot;url&quot;:&quot;https:\/\/noticias.uol.com.br\/colunas\/carlos-madeiro\/2022\/11\/18\/governo-esperou-eleicao-para-apurar-suspeita-em-cadastros-do-auxilio-brasil.htm?utm_campaign=carlos-madeiro&amp;utm_content=veja-texto-completo&amp;utm_medium=email&amp;utm_source=notificacao-coluna&quot;},&quot;facebook&quot;:{&quot;app_id&quot;:&quot;190329594333794&quot;},&quot;readspeaker&quot;:{}},&quot;sm&quot;:{&quot;order&quot;:{&quot;before&quot;:&quot;facebook;twitter&quot;,&quot;more&quot;:&quot;whatsapp;linkedin&quot;},&quot;mode&quot;:&quot;vertical;left;medium;fixed&quot;},&quot;md&quot;:{&quot;order&quot;:{&quot;before&quot;:&quot;facebook;twitter&quot;,&quot;more&quot;:&quot;whatsapp;linkedin&quot;},&quot;mode&quot;:&quot;vertical;left;large;fixed&quot;},&quot;lg&quot;:{&quot;order&quot;:{&quot;before&quot;:&quot;facebook;twitter&quot;,&quot;more&quot;:&quot;whatsapp;linkedin&quot;},&quot;mode&quot;:&quot;vertical;left;large;fixed&quot;},&quot;audience&quot;:{&quot;click&quot;:{&quot;component&quot;:&quot;share&quot;,&quot;mediaName&quot;:&quot;Not\u00edcia&quot;,&quot;onlyLoad&quot;:true,&quot;source&quot;:&quot;https:\/\/noticias.uol.com.br\/colunas\/carlos-madeiro\/2022\/11\/18\/governo-esperou-eleicao-para-apurar-suspeita-em-cadastros-do-auxilio-brasil.htm?utm_campaign=carlos-madeiro&amp;utm_content=veja-texto-completo&amp;utm_medium=email&amp;utm_source=notificacao-coluna&quot;},&quot;pv&quot;:{&quot;mediaName&quot;:&quot;Not\u00edcia&quot;,&quot;mediaType&quot;:&quot;article&quot;,&quot;mediaId&quot;:&quot;632f9f5da1a4d74d37572a30c575f8920221117&quot;,&quot;mediaTitle&quot;:&quot;Governo esperou elei\u00e7\u00e3o para apurar suspeita em cadastros do Aux\u00edlio Brasil&quot;,&quot;collection&quot;:&quot;Carlos Madeiro&quot;,&quot;tags&quot;:&quot;81544,35976,80789,79406,11229,22373,81388,79236,28132&quot;,&quot;channel&quot;:&quot;blogs e colunas&quot;,&quot;central&quot;:&quot;noticias&quot;,&quot;author&quot;:&quot;Carlos Madeiro&quot;,&quot;publicationDate&quot;:&quot;20221118040000&quot;}}}\" data-url=\"https:\/\/noticias.uol.com.br\/colunas\/carlos-madeiro\/2022\/11\/18\/governo-esperou-eleicao-para-apurar-suspeita-em-cadastros-do-auxilio-brasil.htm?utm_campaign=carlos-madeiro&amp;utm_content=veja-texto-completo&amp;utm_medium=email&amp;utm_source=notificacao-coluna\" data-originalmode=\"vertical,left,large,fixed\">\n<div class=\"share-item more-item clearfix\">\n<div class=\"share-item group\">\n<div class=\"overflow\">\n<div class=\"share-item social-item linkedin\" data-ref=\"linkedin\" data-target-click=\"\">\n<div class=\"table\">\n<div><\/div>\n<\/div>\n<\/div>\n<\/div>\n<\/div>\n<\/div>\n<\/div>\n<\/div>\n<\/div>\n<div class=\"col-xs-8 col-sm-21 col-md-21\">\n<div class=\"image-content-pad\">\n<div class=\" author has-image\" data-src=\"mouseover\">\n<p><img class=\"img-author mask-circle\" src=\"https:\/\/conteudo.imguol.com.br\/0d\/2022\/02\/02\/carlos-madeiro-150-1643816038527_150x150.jpg\" \/><\/p>\n<div class=\"tooltip-container \">\n<div class=\"w-tooltip single\">\n<h5 class=\"open-tooltip\"><a title=\"Carlos Madeiro\" href=\"https:\/\/noticias.uol.com.br\/colunas\/carlos-madeiro\/\">Carlos Madeiro<\/a><\/h5>\n<\/div>\n<\/div>\n<\/div>\n<div class=\"text \">\n<p>O Minist\u00e9rio da Cidadania publicou, no \u00faltimo dia 4, uma <a href=\"https:\/\/www.in.gov.br\/en\/web\/dou\/-\/instrucao-normativa-conjunta-n-5\/mc\/se\/secad-seds\/senarc-de-4-de-novembro-de-2022-442036312\" target=\"_blank\" rel=\"noopener\">instru\u00e7\u00e3o normativa conjunta<\/a>\u00a0para dar in\u00edcio a uma investiga\u00e7\u00e3o sobre benef\u00edcios pagos a fam\u00edlias unipessoais cadastradas nos \u00faltimos 12 meses por meio do\u00a0<a href=\"https:\/\/economia.uol.com.br\/guia-de-economia\/cadastro-unico-o-que-e-para-que-serve-como-se-cadastrar-como-consultar.htm\">Cadastro \u00danico<\/a>\u00a0de programas federais, o\u00a0<a href=\"https:\/\/economia.uol.com.br\/guia-de-economia\/cadastro-unico-o-que-e-para-que-serve-como-se-cadastrar-como-consultar.htm\">Cad\u00danico<\/a>.<\/p>\n<p>O n\u00famero de fam\u00edlias com um \u00fanico integrante no cadastro aumentou em 5 milh\u00f5es em apenas 11 meses (veja os n\u00fameros abaixo). Para receber o Aux\u00edlio Brasil, por exemplo, o benefici\u00e1rio precisa estar registrado no Cad\u00danico, mas ele tamb\u00e9m serve para quem est\u00e1 em outros programas sociais.<!--more--><\/p>\n<div class=\"slot-m\">\n<div class=\"related-content-hyperlink with-image\">\n<div class=\"related-content \" data-audience-print=\"{&quot;label&quot;:&quot;visualizado-3-chamadas&quot;,&quot;component&quot;:&quot;related-content-editorial&quot;}\" data-audience-print-visible=\"1668764962351\" data-audience-print-url=\"noticias.uol.com.br\/colunas\/carlos-madeiro\/2022\/11\/18\/governo-esperou-eleicao-para-apurar-suspeita-em-cadastros-do-auxilio-brasil.htm\" data-audience-print-sent=\"true\">\n<div class=\"row\">\n<div class=\"thumbnail-standard col-xs-8 col-sm-8 alignmentSide\">\n<div class=\"row thumbnail-standard-wrapper\">\n<figure class=\"thumb-image col-xs-4 col-sm-24\">\n<div class=\"thumb-layer\"><img loading=\"lazy\" class=\" loaded\" src=\"https:\/\/conteudo.imguol.com.br\/c\/noticias\/a5\/2022\/06\/30\/maria-anunciada-e-seus-cinco-filhos-valor-do-beneficio-caiu-se-descontada-a-inflacao-desde-2019-1656614730845_v2_300x225.jpg.webp\" alt=\"\" width=\"300\" height=\"225\" data-src=\"https:\/\/conteudo.imguol.com.br\/c\/noticias\/a5\/2022\/06\/30\/maria-anunciada-e-seus-cinco-filhos-valor-do-beneficio-caiu-se-descontada-a-inflacao-desde-2019-1656614730845_v2_300x225.jpg.webp\" data-crop=\"{&quot;xs&quot;:&quot;150x112&quot;,&quot;sm&quot;:&quot;300x225&quot;}\" data-crazyload=\"loaded\" \/><\/div>\n<\/figure>\n<div class=\"thumb-caption col-xs-6 col-sm-24\">\n<h3 class=\"thumb-title \">Aux\u00edlio Brasil exclui fam\u00edlias com mais filhos de reajuste e gera distor\u00e7\u00e3o<\/h3>\n<\/div>\n<\/div>\n<\/div>\n<div class=\"thumbnail-standard col-xs-8 col-sm-8 alignmentSide\">\n<div class=\"row thumbnail-standard-wrapper\">\n<figure class=\"thumb-image col-xs-4 col-sm-24\">\n<div class=\"thumb-layer\"><img loading=\"lazy\" class=\" loaded\" src=\"https:\/\/conteudo.imguol.com.br\/c\/noticias\/23\/2021\/11\/17\/auxilio-brasil-1637185359473_v2_300x225.jpg.webp\" alt=\"\" width=\"300\" height=\"225\" data-src=\"https:\/\/conteudo.imguol.com.br\/c\/noticias\/23\/2021\/11\/17\/auxilio-brasil-1637185359473_v2_300x225.jpg.webp\" data-crop=\"{&quot;xs&quot;:&quot;150x112&quot;,&quot;sm&quot;:&quot;300x225&quot;}\" data-crazyload=\"loaded\" \/><\/div>\n<\/figure>\n<div class=\"thumb-caption col-xs-6 col-sm-24\">\n<h3 class=\"thumb-title \">54% do Aux\u00edlio Brasil ampliado em agosto atende fam\u00edlias com uma s\u00f3 pessoa<\/h3>\n<\/div>\n<\/div>\n<\/div>\n<div class=\"thumbnail-standard col-xs-8 col-sm-8 alignmentSide\">\n<div class=\"row thumbnail-standard-wrapper\">\n<figure class=\"thumb-image col-xs-4 col-sm-24\">\n<div class=\"thumb-layer\"><img loading=\"lazy\" class=\" loaded\" src=\"https:\/\/conteudo.imguol.com.br\/c\/noticias\/b4\/2021\/11\/13\/familia-em-situacao-de-pobreza-no-brasil-conclusoes-de-estudos-feitos-na-holanda-e-em-outros-periodos-de-fome-podem-se-aplicar-ao-contexto-atual-1636816593408_v2_300x225.jpg.webp\" alt=\"\" width=\"300\" height=\"225\" data-src=\"https:\/\/conteudo.imguol.com.br\/c\/noticias\/b4\/2021\/11\/13\/familia-em-situacao-de-pobreza-no-brasil-conclusoes-de-estudos-feitos-na-holanda-e-em-outros-periodos-de-fome-podem-se-aplicar-ao-contexto-atual-1636816593408_v2_300x225.jpg.webp\" data-crop=\"{&quot;xs&quot;:&quot;150x112&quot;,&quot;sm&quot;:&quot;300x225&quot;}\" data-crazyload=\"loaded\" \/><\/div>\n<\/figure>\n<div class=\"thumb-caption col-xs-6 col-sm-24\">\n<h3 class=\"thumb-title \">Sob Bolsonaro, cadastro federal ganha mais 10 milh\u00f5es de pessoas na mis\u00e9ria<\/h3>\n<\/div>\n<\/div>\n<\/div>\n<\/div>\n<\/div>\n<\/div>\n<\/div>\n<p style=\"text-align: justify;\">A suspeita \u00e9 que tenham acontecido v\u00e1rios desmembramentos fict\u00edcios de n\u00facleos familiares para aumentar o valor recebido em um domic\u00edlio. At\u00e9 a instru\u00e7\u00e3o, n\u00e3o tinha havido normativa de fiscaliza\u00e7\u00e3o devida para casos assim. Entre o\u00a0<a href=\"https:\/\/noticias.uol.com.br\/colunas\/balaio-do-kotscho\/2021\/10\/30\/bolsa-familia-2003-2021-apos-18-anos-o-fim-de-uma-historia-de-sucesso.htm\">fim do Bolsa Fam\u00edlia (outubro de 2021)<\/a>\u00a0e setembro deste ano, percentual de fam\u00edlias com um \u00fanico membro passou de 15% para 26%.<\/p>\n<p style=\"text-align: justify;\">O que chama a aten\u00e7\u00e3o \u00e9 o momento da publica\u00e7\u00e3o das diretrizes. Isso apenas ocorreu ap\u00f3s o segundo turno das elei\u00e7\u00f5es para a Presid\u00eancia. Mas, desde o final do ano passado, estados e munic\u00edpios j\u00e1 alertavam o governo federal para o crescimento de fam\u00edlias com apenas uma pessoa.<\/p>\n<p style=\"text-align: justify;\">De novembro de 2021 at\u00e9 setembro deste ano, pelo menos 3,6 milh\u00f5es de brasileiros passaram a receber o\u00a0<a href=\"https:\/\/economia.uol.com.br\/auxilio-brasil\/\">Aux\u00edlio Brasil<\/a>\u00a0por meio de cadastro novo em que informava ser integrante solit\u00e1rio de uma fam\u00edlia. Os dados detalhados de outubro e novembro ainda n\u00e3o est\u00e3o dispon\u00edveis no sistema.<\/p>\n<p style=\"text-align: justify;\">Com a publica\u00e7\u00e3o da instru\u00e7\u00e3o, estados e munic\u00edpios devem atuar para averiguar a situa\u00e7\u00e3o real de cada uma das fam\u00edlias em suspeita.<\/p>\n<p style=\"text-align: justify;\">Segundo a normativa, a averigua\u00e7\u00e3o cadastral deve ser feita em todas as fam\u00edlias unipessoais com cadastro inclu\u00eddo ou atualizado ap\u00f3s novembro de 2021 e com renda familiar de at\u00e9 meio sal\u00e1rio m\u00ednimo (ou R$ 606 em valores atuais) por pessoa.<\/p>\n<p style=\"text-align: justify;\">&#8220;Foi observado um aumento gradativo do n\u00famero de fam\u00edlias unipessoais ao longo da hist\u00f3ria do Cadastro \u00danico, que se intensificou ap\u00f3s novembro de 2021, passando de 8.929.623 milh\u00f5es para 13.912.102 milh\u00f5es em outubro de 2022&#8221;, diz\u00a0<a href=\"https:\/\/www.mds.gov.br\/webarquivos\/sala_de_imprensa\/boletins\/boletim_auxilio_brasil\/2022\/11%20-%20Novembro\/Boletim_PAB_Informa_874.html\" target=\"_blank\" rel=\"noopener\">boletim enviado a estados e munic\u00edpios<\/a>\u00a0no dia 9 de novembro.<\/p>\n<p style=\"text-align: justify;\"><cite>O Minist\u00e9rio da Cidadania quer compreender o motivo pelo qual houve esse aumento significativo de registros unipessoais.&#8221;<\/cite><strong>Boletim do Minist\u00e9rio da Cidadania<\/strong><\/p>\n<p>Em agosto, havia 5,3 milh\u00f5es de fam\u00edlias unipessoais recebendo o Aux\u00edlio Brasil, bem superior a outubro de 2021, quando ainda existia o Bolsa Fam\u00edlia e havia 2,2 milh\u00f5es de casos assim.<\/p>\n<p>&nbsp;<\/p>\n<div class=\"flourish-embed\" data-src=\"visualisation\/11856967?2\" data-url=\"https:\/\/flo.uri.sh\/visualisation\/11856967\/embed\"><iframe title=\"Interactive or visual content\" src=\"https:\/\/flo.uri.sh\/visualisation\/11856967\/embed?auto=1\" frameborder=\"0\" scrolling=\"no\" sandbox=\"allow-same-origin allow-forms allow-scripts allow-downloads allow-popups allow-popups-to-escape-sandbox allow-top-navigation-by-user-activation\" data-mce-fragment=\"1\"><\/iframe><\/div>\n<p><img loading=\"lazy\" class=\"alignnone size-full wp-image-111554\" src=\"https:\/\/www.blogdopaulonunes.com\/v5\/wp-content\/uploads\/2022\/11\/Familia-unipessoal9.png\" alt=\"\" width=\"388\" height=\"206\" \/><\/p>\n<p>A diferen\u00e7a nos n\u00fameros ocorre porque nem toda fam\u00edlia inscrita no Cad\u00danico recebe Aux\u00edlio Brasil, seja porque ainda aguarda a libera\u00e7\u00e3o, seja porque n\u00e3o teve o perfil aprovado para o benef\u00edcio. Al\u00e9m disso, o dado mais atual informado do Cad\u00danico \u00e9 de outubro, j\u00e1 o do aux\u00edlio \u00e9 de agosto.<\/p>\n<p>Segundo determina a lei do Cad\u00danico, fam\u00edlia \u00e9 classificada como &#8220;unidade nuclear composta por uma ou mais pessoas que contribuam para o rendimento ou tenham suas despesas atendidas por ela, todas moradoras do mesmo domic\u00edlio&#8221;.<\/p>\n<p>O desmembramento de uma fam\u00edlia em dois ou mais cadastros &#8220;constitui fraude e afeta outros usu\u00e1rios&#8221;. A pr\u00e1tica pode levar \u00e0 perda dos benef\u00edcios do governo. &#8220;O cadastro deve refletir as condi\u00e7\u00f5es da fam\u00edlia no momento da entrevista.&#8221;<\/p>\n<p>Segundo a instru\u00e7\u00e3o, as pessoas nessa condi\u00e7\u00e3o j\u00e1 est\u00e3o sendo notificadas por meio de mensagens no extrato de pagamento dos benef\u00edcios e pelo aplicativo do programa. Fam\u00edlias benefici\u00e1rias da Tarifa Social de Energia El\u00e9trica tamb\u00e9m podem ser comunicadas nessa fatura.\u00a0<a href=\"https:\/\/economia.uol.com.br\/noticias\/redacao\/2022\/11\/17\/pagamento-auxilio-brasil-de-novembro.htm\">A folha de novembro come\u00e7ou a ser paga ontem<\/a>.<\/p>\n<div class=\"photoembed-wrapper\">\n<figure class=\"photo photo-embed no-gutter col-sm-24 crop-750x421 limit-crop figure\" style=\"text-align: justify;\" data-format=\"horizontal\">\n<div class=\"image bg\">\n<div class=\"placeholder\">\n<div class=\"pinit-wraper\"><img loading=\"lazy\" class=\"pinit-img loaded\" src=\"https:\/\/conteudo.imguol.com.br\/c\/noticias\/da\/2022\/11\/17\/modelo-de-mensagem-que-deve-ser-entregue-as-familias-em-averiguacao-1668695853370_v2_750x421.jpg.webp\" alt=\"Modelo de mensagem que deve ser entregue \u00e0s fam\u00edlias em averigua\u00e7\u00e3o - Reprodu\u00e7\u00e3o - Reprodu\u00e7\u00e3o\" width=\"750\" height=\"421\" data-src=\"https:\/\/conteudo.imguol.com.br\/c\/noticias\/da\/2022\/11\/17\/modelo-de-mensagem-que-deve-ser-entregue-as-familias-em-averiguacao-1668695853370_v2_750x421.jpg.webp\" data-crop=\"{&quot;xs&quot;:&quot;450x253&quot;,&quot;sm&quot;:&quot;750x421&quot;,&quot;md&quot;:&quot;600x337&quot;,&quot;lg&quot;:&quot;750x421&quot;}\" data-crazyload=\"loaded\" \/><\/div>\n<div class=\"slot-a\"><\/div>\n<\/div>\n<\/div><figcaption class=\"container bottom-title\">\n<div>Modelo de mensagem que deve ser entregue \u00e0s fam\u00edlias em averigua\u00e7\u00e3o<\/div>\n<p>Imagem: Reprodu\u00e7\u00e3o<\/p>\n<\/figcaption><\/figure>\n<\/div>\n<p style=\"text-align: justify;\">Em resposta \u00e0 coluna, o Minist\u00e9rio da Cidadania informou que &#8220;iniciou a\u00e7\u00e3o espec\u00edfica para tratamento das fam\u00edlias unipessoais em setembro de 2022, data anterior \u00e0s elei\u00e7\u00f5es.&#8221;<\/p>\n<p style=\"text-align: justify;\">&#8220;Conforme Instru\u00e7\u00e3o Operacional n\u00ba 1\/2022, o processo de Focaliza\u00e7\u00e3o do Programa Aux\u00edlio Brasil incluiu dois novos p\u00fablicos, compostos por fam\u00edlias unipessoais que, em sua maioria, apresentam data de ingresso recente no Cadastro \u00danico. Al\u00e9m disso, a pasta tamb\u00e9m priorizou, junto \u00e0 Dataprev, processo para tratamento de todo o p\u00fablico do Cadastro \u00danico&#8221;, diz a pasta.<\/p>\n<p style=\"text-align: justify;\">O\u00a0<strong>UOL<\/strong>\u00a0<a href=\"https:\/\/www.gov.br\/cidadania\/pt-br\/acesso-a-informacao\/legislacao\/instrucoes\/SEI_MC12942670InstruoOperacional.pdf\" target=\"_blank\" rel=\"noopener\">acessou a instru\u00e7\u00e3o citada<\/a>, e ela apenas &#8220;orienta sobre os procedimentos a serem aplicados pela gest\u00e3o municipal do Cadastro \u00danico em rela\u00e7\u00e3o ao acesso aos registros administrativos que comp\u00f5e o Cadastro Nacional de Informa\u00e7\u00f5es Sociais (CNIS) dispon\u00edveis no Portal Cadastro \u00danico.&#8221; Em nenhum momento fala em averigua\u00e7\u00e3o de dados de fam\u00edlias unipessoais.<\/p>\n<h2>TCU apontou problemas no cadastro<\/h2>\n<p>O caso chamou a aten\u00e7\u00e3o do TCU (Tribunal de Contas da Uni\u00e3o), que\u00a0<a href=\"https:\/\/www1.folha.uol.com.br\/mercado\/2022\/11\/auxilio-brasil-gera-distorcoes-em-cadastros-de-familias-sugere-tcu-a-alckmin.shtml\">citou que o novo modelo adotado pelo governo federal estimula distor\u00e7\u00f5es<\/a>.<\/p>\n<p style=\"text-align: justify;\">&#8220;O TCU est\u00e1 concluindo, provavelmente nas pr\u00f3ximas semanas, a avalia\u00e7\u00e3o mais completa que j\u00e1 fizemos do programa Aux\u00edlio Brasil, mostrando inclusive a compara\u00e7\u00e3o entre o Bolsa Fam\u00edlia e o Aux\u00edlio, a partir do desenho e crit\u00e9rio de elegibilidade&#8221;, afirmou o presidente do TCU, Bruno Dantas.<\/p>\n<p style=\"text-align: justify;\">Para ele, algumas das conclus\u00f5es da investiga\u00e7\u00e3o mostraram que o Aux\u00edlio Brasil tem incentivado o fracionamento de n\u00facleos familiares para o recebimento de mais recursos. &#8220;Prejudica fam\u00edlias que n\u00e3o podem ser decompostas, como m\u00e3es com dois ou tr\u00eas filhos pequenos&#8221;, informou.<\/p>\n<p style=\"text-align: justify;\">Ciente da investiga\u00e7\u00e3o do TCU e tentando uma solu\u00e7\u00e3o \u00e1gil antes da mudan\u00e7a de gest\u00e3o, o governo federal realizou na quarta-feira uma reuni\u00e3o virtual dos gestores do programa com os estados. Foi cobrada a busca pelas fam\u00edlias para tentar fazer a regulariza\u00e7\u00e3o dos benef\u00edcios j\u00e1 na folha de dezembro.<\/p>\n<div class=\"photoembed-wrapper\">\n<figure class=\"photo photo-embed no-gutter col-sm-24 crop-750x421 limit-crop figure\" data-format=\"horizontal\">\n<div class=\"image bg\">\n<div class=\"placeholder\">\n<div class=\"pinit-wraper\"><img loading=\"lazy\" class=\"pinit-img loaded\" src=\"https:\/\/conteudo.imguol.com.br\/c\/noticias\/44\/2022\/07\/13\/bolsonaro-com-beneficiada-com-auxilio-brasil-1657758735840_v2_750x421.jpg.webp\" alt=\"Bolsonaro entrega cart\u00e3o a benefici\u00e1ria do Aux\u00edlio Brasil - Clauber Cleuber Caetano\/PR - Clauber Cleuber Caetano\/PR\" width=\"750\" height=\"421\" data-src=\"https:\/\/conteudo.imguol.com.br\/c\/noticias\/44\/2022\/07\/13\/bolsonaro-com-beneficiada-com-auxilio-brasil-1657758735840_v2_750x421.jpg.webp\" data-crop=\"{&quot;xs&quot;:&quot;450x253&quot;,&quot;sm&quot;:&quot;750x421&quot;,&quot;md&quot;:&quot;600x337&quot;,&quot;lg&quot;:&quot;750x421&quot;}\" data-crazyload=\"loaded\" \/><\/div>\n<div class=\"slot-a\"><\/div>\n<\/div>\n<\/div><figcaption class=\"container bottom-title\">\n<div>Bolsonaro entrega cart\u00e3o a benefici\u00e1ria do Aux\u00edlio Brasil<\/div>\n<p>Imagem: Clauber Cleuber Caetano\/PR<\/p>\n<\/figcaption><\/figure>\n<\/div>\n<h2>Alerta foi dado desde o in\u00edcio do ano<\/h2>\n<p style=\"text-align: justify;\">Segundo apurou o\u00a0<strong>UOL\u00a0<\/strong>junto a v\u00e1rios coordenadores do Cad\u00danico pelo Nordeste, o alerta dos gestores municipais e estaduais n\u00e3o \u00e9 novo. O minist\u00e9rio sabia que havia uma procura desproporcional de fam\u00edlias com uma pessoa desde o in\u00edcio do ano, o que levanta a suspeita de desmembramento do n\u00facleo para fins apenas cadastrais.<\/p>\n<p style=\"text-align: justify;\">Eles afirmam que deram esse aviso e apontaram que o modelo prejudicava fam\u00edlias maiores,\u00a0<a href=\"https:\/\/noticias.uol.com.br\/colunas\/carlos-madeiro\/2022\/07\/04\/auxilio-brasil-deixa-familias-com-mais-filho-sem-reajustes-e-cria-distorcao.htm\">que n\u00e3o tiveram direito a reajuste no valor do benef\u00edcio<\/a>.<\/p>\n<p style=\"text-align: justify;\">Segundo os gestores, os munic\u00edpios passaram a receber demandas de pessoas que teriam entendido o\u00a0<a href=\"https:\/\/economia.uol.com.br\/noticias\/bbc\/2021\/10\/29\/oito-dados-que-mostram-impacto-do-bolsa-familia-que-chega-ao-fim-apos-18-anos.htm\">fim do Bolsa Fam\u00edlia<\/a>\u00a0como uma mudan\u00e7a na forma de receber o benef\u00edcio. Para elas, se tratava de um aux\u00edlio similar ao emergencial, pago durante a pandemia: &#8220;Ou seja, eles trataram o Aux\u00edlio Brasil como pagamento individual, n\u00e3o mais familiar&#8221;, disse um dos coordenadores, sob a condi\u00e7\u00e3o de anonimato.<\/p>\n<p style=\"text-align: justify;\">Al\u00e9m disso, reportagens no\u00a0<strong>UOL\u00a0<\/strong>e em v\u00e1rios outros ve\u00edculos de comunica\u00e7\u00e3o mostraram a alta desproporcional de fam\u00edlias com apenas um integrante.<\/p>\n<p style=\"text-align: justify;\">Apesar das informa\u00e7\u00f5es, o governo federal n\u00e3o tomou nenhuma a\u00e7\u00e3o pr\u00e1tica e continuou ampliando o n\u00famero de benefici\u00e1rios at\u00e9 a realiza\u00e7\u00e3o do segundo turno das elei\u00e7\u00f5es. Sempre que o minist\u00e9rio foi questionado pela coluna em outras oportunidades, ignorou os pedidos e n\u00e3o respondeu sobre o caso.<\/p>\n<p>No per\u00edodo pr\u00e9-eleitoral, a pasta tamb\u00e9m\u00a0<a href=\"https:\/\/noticias.uol.com.br\/colunas\/carlos-madeiro\/2022\/09\/24\/sem-acompanhamento-auxilio-brasil-tem-54-de-criancas-sem-vacinacao-em-dia.htm\">suspendeu os bloqueios dos benef\u00edcios por descumprimento das condicionantes de sa\u00fade e educa\u00e7\u00e3o<\/a>.<\/p>\n<div class=\"photoembed-wrapper\">\n<figure class=\"photo photo-embed no-gutter col-sm-24 crop-750x421 limit-crop figure\" data-format=\"horizontal\">\n<div class=\"image bg\">\n<div class=\"placeholder\">\n<div class=\"pinit-wraper\"><img loading=\"lazy\" class=\"pinit-img loaded\" src=\"https:\/\/conteudo.imguol.com.br\/c\/noticias\/59\/2021\/10\/19\/o-bolsa-familia-atende-atualmente-146-milhoes-de-pessoas-com-um-valor-medio-de-r-190-1634683390903_v2_750x421.jpg.webp\" alt=\"Bolsa Fam\u00edlia atendia 14,6 milh\u00f5es de pessoas at\u00e9 outubro de 2021 - Jefferson Rudy\/Ag\u00eancia Senado - Jefferson Rudy\/Ag\u00eancia Senado\" width=\"750\" height=\"421\" data-src=\"https:\/\/conteudo.imguol.com.br\/c\/noticias\/59\/2021\/10\/19\/o-bolsa-familia-atende-atualmente-146-milhoes-de-pessoas-com-um-valor-medio-de-r-190-1634683390903_v2_750x421.jpg.webp\" data-crop=\"{&quot;xs&quot;:&quot;450x253&quot;,&quot;sm&quot;:&quot;750x421&quot;,&quot;md&quot;:&quot;600x337&quot;,&quot;lg&quot;:&quot;750x421&quot;}\" data-crazyload=\"loaded\" \/><\/div>\n<div class=\"slot-a\"><\/div>\n<\/div>\n<\/div><figcaption class=\"container bottom-title\">\n<div>Bolsa Fam\u00edlia atendia 14,6 milh\u00f5es de pessoas at\u00e9 outubro de 2021<\/div>\n<p>Imagem: Jefferson Rudy\/Ag\u00eancia Senado<\/p>\n<\/figcaption><\/figure>\n<\/div>\n<h2>Alta foi desproporcional<\/h2>\n<p style=\"text-align: justify;\">O aumento de fam\u00edlias unipessoais fez com que o percentual desse grupo em rela\u00e7\u00e3o ao total de benefici\u00e1rios alcan\u00e7asse, em setembro, 26% do total da folha paga.<\/p>\n<p style=\"text-align: justify;\">Naquele m\u00eas,\u00a0<a href=\"https:\/\/noticias.uol.com.br\/colunas\/carlos-madeiro\/2022\/09\/04\/mais-da-metade-do-auxilio-brasil-ampliado-em-agosto-beneficia-so-uma-pessoa.htm\">54% de todos os novos benef\u00edcios foram concedidos a fam\u00edlias com apenas\u00a0<\/a><a href=\"https:\/\/noticias.uol.com.br\/colunas\/carlos-madeiro\/2022\/09\/04\/mais-da-metade-do-auxilio-brasil-ampliado-em-agosto-beneficia-so-uma-pessoa.htm\">uma pessoa<\/a>, quase quatro vezes a m\u00e9dia nacional do tamanho das fam\u00edlias.<\/p>\n<p style=\"text-align: justify;\">O percentual das fam\u00edlias unipessoais no Aux\u00edlio Brasil destoa do dado hist\u00f3rico do programa, que era o mesmo da m\u00e9dia de domic\u00edlios no pa\u00eds com apenas uma pessoa segundo o IBGE (Instituto Brasileiro de Geografia e Estat\u00edstica), ou seja, 15%.<\/p>\n<p style=\"text-align: justify;\">No caso do Bolsa Fam\u00edlia, extinto em outubro do ano passado, essa m\u00e9dia tamb\u00e9m se manteve historicamente pr\u00f3xima, entre 13% a 17%.<\/p>\n<p>&nbsp;<\/p>\n<div class=\"flourish-embed\" data-src=\"visualisation\/11861268?2\" data-url=\"https:\/\/flo.uri.sh\/visualisation\/11861268\/embed\"><iframe title=\"Interactive or visual content\" src=\"https:\/\/flo.uri.sh\/visualisation\/11861268\/embed?auto=1\" frameborder=\"0\" scrolling=\"no\" sandbox=\"allow-same-origin allow-forms allow-scripts allow-downloads allow-popups allow-popups-to-escape-sandbox allow-top-navigation-by-user-activation\" data-mce-fragment=\"1\"><\/iframe><\/div>\n<p><img loading=\"lazy\" class=\"alignnone size-full wp-image-111555\" src=\"https:\/\/www.blogdopaulonunes.com\/v5\/wp-content\/uploads\/2022\/11\/compe9.png\" alt=\"\" width=\"390\" height=\"210\" \/><\/p>\n<p><em>* Colaborou Amanda Rossi, do UOL em S\u00e3o Paulo.<\/em><\/p>\n<\/div>\n<\/div>\n<\/div>\n<\/div>\n<\/div>\n<\/div>\n<\/div>\n","protected":false},"excerpt":{"rendered":"<p>REPORTAGEM Boletim repassado aos munic\u00edpios e estados ap\u00f3s publica\u00e7\u00e3o em Di\u00e1rio Oficial de instru\u00e7\u00e3o normativaImagem: Repdrodu\u00e7\u00e3o Carlos Madeiro O Minist\u00e9rio da Cidadania publicou, no \u00faltimo dia 4, uma instru\u00e7\u00e3o normativa conjunta\u00a0para dar in\u00edcio a uma investiga\u00e7\u00e3o sobre benef\u00edcios pagos a fam\u00edlias unipessoais cadastradas nos \u00faltimos 12 meses por meio do\u00a0Cadastro \u00danico\u00a0de programas federais, o\u00a0Cad\u00danico. O [&hellip;]<\/p>\n","protected":false},"author":2,"featured_media":111556,"comment_status":"open","ping_status":"open","sticky":false,"template":"","format":"standard","meta":[],"categories":[113,105],"tags":[],"_links":{"self":[{"href":"https:\/\/www.blogdopaulonunes.com\/v5\/index.php\/wp-json\/wp\/v2\/posts\/111553"}],"collection":[{"href":"https:\/\/www.blogdopaulonunes.com\/v5\/index.php\/wp-json\/wp\/v2\/posts"}],"about":[{"href":"https:\/\/www.blogdopaulonunes.com\/v5\/index.php\/wp-json\/wp\/v2\/types\/post"}],"author":[{"embeddable":true,"href":"https:\/\/www.blogdopaulonunes.com\/v5\/index.php\/wp-json\/wp\/v2\/users\/2"}],"replies":[{"embeddable":true,"href":"https:\/\/www.blogdopaulonunes.com\/v5\/index.php\/wp-json\/wp\/v2\/comments?post=111553"}],"version-history":[{"count":1,"href":"https:\/\/www.blogdopaulonunes.com\/v5\/index.php\/wp-json\/wp\/v2\/posts\/111553\/revisions"}],"predecessor-version":[{"id":111557,"href":"https:\/\/www.blogdopaulonunes.com\/v5\/index.php\/wp-json\/wp\/v2\/posts\/111553\/revisions\/111557"}],"wp:featuredmedia":[{"embeddable":true,"href":"https:\/\/www.blogdopaulonunes.com\/v5\/index.php\/wp-json\/wp\/v2\/media\/111556"}],"wp:attachment":[{"href":"https:\/\/www.blogdopaulonunes.com\/v5\/index.php\/wp-json\/wp\/v2\/media?parent=111553"}],"wp:term":[{"taxonomy":"category","embeddable":true,"href":"https:\/\/www.blogdopaulonunes.com\/v5\/index.php\/wp-json\/wp\/v2\/categories?post=111553"},{"taxonomy":"post_tag","embeddable":true,"href":"https:\/\/www.blogdopaulonunes.com\/v5\/index.php\/wp-json\/wp\/v2\/tags?post=111553"}],"curies":[{"name":"wp","href":"https:\/\/api.w.org\/{rel}","templated":true}]}}