{"id":111538,"date":"2022-11-16T10:44:50","date_gmt":"2022-11-16T13:44:50","guid":{"rendered":"https:\/\/www.blogdopaulonunes.com\/v5\/?p=111538"},"modified":"2022-11-16T10:48:35","modified_gmt":"2022-11-16T13:48:35","slug":"isabel-nao-foi-apenas-um-simbolo-para-o-esporte-mas-tambem-de-luta-na-defesa-de-seus-ideais-diz-lula","status":"publish","type":"post","link":"https:\/\/www.blogdopaulonunes.com\/v5\/index.php\/2022\/11\/16\/isabel-nao-foi-apenas-um-simbolo-para-o-esporte-mas-tambem-de-luta-na-defesa-de-seus-ideais-diz-lula\/","title":{"rendered":"&#8220;Isabel n\u00e3o foi apenas um s\u00edmbolo para o esporte, mas tamb\u00e9m de luta na defesa de seus ideais&#8221;, diz Lula"},"content":{"rendered":"<p style=\"text-align: justify;\"><strong>A ex-jogadora de v\u00f4lei morreu na manh\u00e3 desta quarta-feira, aos 62 anos. Ela \u00e9 m\u00e3e de Pedro, Maria Clara e Carol Solberg e integrava o grupo de transi\u00e7\u00e3o do novo governo federal<\/strong><\/p>\n<p style=\"text-align: justify;\"><b>\u00a0<\/b>O presidente eleito, Luiz In\u00e1cio Lula da Silva (PT), se manifestou pelo Twitter ap\u00f3s a\u00a0<a href=\"https:\/\/www.brasil247.com\/esporte\/morre-aos-62-anos-isabel-salgado-ex-jogadora-de-volei\" target=\"_blank\" rel=\"noopener\">morte da ex-jogadora de v\u00f4lei Isabel Salgado<\/a>, aos 62 anos, nesta quarta-feira (16).<\/p>\n<p style=\"text-align: justify;\">&#8220;Isabel Salgado n\u00e3o foi apenas um s\u00edmbolo para o esporte, mas tamb\u00e9m de luta na defesa de seus ideais. Seu pioneirismo no esporte abriu as portas para muitas brasileiras. Suas conquistas levaram o Brasil a outro patamar na hist\u00f3ria do v\u00f4lei feminino&#8221;, escreveu Lula.<\/p>\n<p style=\"text-align: justify;\">Isabel \u00e9 m\u00e3e de Pedro, Maria Clara e Carol Solberg e na segunda-feira (14) foi anunciada como integrante do grupo de transi\u00e7\u00e3o do governo Lula na \u00e1rea de esportes. A causa da morte ainda n\u00e3o foi divulgada.<\/p>\n<p style=\"text-align: justify;\">Ela estava super gripada. Falei para ela ir a um hospital, ela me disse que j\u00e1 tinha ido e testado negativo para Covid. Na segunda a noite foi dormir passou mal. Deixou para ir para o hospital S\u00edrio na ter\u00e7a de manh\u00e3 . Quando acordou na ter\u00e7a j\u00e1 estava bem pior. Internou no S\u00edrio j\u00e1 no CTI. Detectaram uma bact\u00e9ria que j\u00e1 tinha tomado todo o pulm\u00e3o. Foi entubada e teve uma parada card\u00edaca \u00e0s 4h da manh\u00e3 de hoje&#8221;, escreveu Paula.<\/p>\n<p style=\"text-align: justify;\">Na segunda-feira (14), Isabel havia sido anunciada como integrante do grupo de transi\u00e7\u00e3o do governo Lula (PT) na \u00e1rea de esporte.<\/p>\n<div class=\"contentAd contentAd--noBackground marginBottom30\">\n<div class=\"marginTop10 adBackground\">\n<div id=\"div-gpt-ad-1560994717166-0\" data-google-query-id=\"CM-ftb_rsvsCFc-ulQIdMWcHJg\"><\/div>\n<\/div>\n<\/div>\n","protected":false},"excerpt":{"rendered":"<p>A ex-jogadora de v\u00f4lei morreu na manh\u00e3 desta quarta-feira, aos 62 anos. Ela \u00e9 m\u00e3e de Pedro, Maria Clara e Carol Solberg e integrava o grupo de transi\u00e7\u00e3o do novo governo federal \u00a0O presidente eleito, Luiz In\u00e1cio Lula da Silva (PT), se manifestou pelo Twitter ap\u00f3s a\u00a0morte da ex-jogadora de v\u00f4lei Isabel Salgado, aos 62 [&hellip;]<\/p>\n","protected":false},"author":2,"featured_media":111539,"comment_status":"open","ping_status":"open","sticky":false,"template":"","format":"standard","meta":[],"categories":[106,71],"tags":[],"_links":{"self":[{"href":"https:\/\/www.blogdopaulonunes.com\/v5\/index.php\/wp-json\/wp\/v2\/posts\/111538"}],"collection":[{"href":"https:\/\/www.blogdopaulonunes.com\/v5\/index.php\/wp-json\/wp\/v2\/posts"}],"about":[{"href":"https:\/\/www.blogdopaulonunes.com\/v5\/index.php\/wp-json\/wp\/v2\/types\/post"}],"author":[{"embeddable":true,"href":"https:\/\/www.blogdopaulonunes.com\/v5\/index.php\/wp-json\/wp\/v2\/users\/2"}],"replies":[{"embeddable":true,"href":"https:\/\/www.blogdopaulonunes.com\/v5\/index.php\/wp-json\/wp\/v2\/comments?post=111538"}],"version-history":[{"count":2,"href":"https:\/\/www.blogdopaulonunes.com\/v5\/index.php\/wp-json\/wp\/v2\/posts\/111538\/revisions"}],"predecessor-version":[{"id":111541,"href":"https:\/\/www.blogdopaulonunes.com\/v5\/index.php\/wp-json\/wp\/v2\/posts\/111538\/revisions\/111541"}],"wp:featuredmedia":[{"embeddable":true,"href":"https:\/\/www.blogdopaulonunes.com\/v5\/index.php\/wp-json\/wp\/v2\/media\/111539"}],"wp:attachment":[{"href":"https:\/\/www.blogdopaulonunes.com\/v5\/index.php\/wp-json\/wp\/v2\/media?parent=111538"}],"wp:term":[{"taxonomy":"category","embeddable":true,"href":"https:\/\/www.blogdopaulonunes.com\/v5\/index.php\/wp-json\/wp\/v2\/categories?post=111538"},{"taxonomy":"post_tag","embeddable":true,"href":"https:\/\/www.blogdopaulonunes.com\/v5\/index.php\/wp-json\/wp\/v2\/tags?post=111538"}],"curies":[{"name":"wp","href":"https:\/\/api.w.org\/{rel}","templated":true}]}}