{"id":111262,"date":"2022-10-27T15:07:03","date_gmt":"2022-10-27T18:07:03","guid":{"rendered":"https:\/\/www.blogdopaulonunes.com\/v5\/?p=111262"},"modified":"2022-10-27T15:07:03","modified_gmt":"2022-10-27T18:07:03","slug":"cinegrafista-da-jovem-pan-entrega-tarcisio-e-diz-que-filmou-seguranca-do-candidato-disparando-tiros-na-farsa-de-paraisopolis","status":"publish","type":"post","link":"https:\/\/www.blogdopaulonunes.com\/v5\/index.php\/2022\/10\/27\/cinegrafista-da-jovem-pan-entrega-tarcisio-e-diz-que-filmou-seguranca-do-candidato-disparando-tiros-na-farsa-de-paraisopolis\/","title":{"rendered":"Cinegrafista da Jovem Pan entrega Tarc\u00edsio e diz que filmou seguran\u00e7a do candidato disparando tiros na farsa de Parais\u00f3polis"},"content":{"rendered":"<p style=\"text-align: justify;\">Marcos Andrade afirmou que a campanha de Tarc\u00edsio cobrou sua demiss\u00e3o, relatou press\u00e3o da Jovem Pan para apoiar o candidato e disse estar com medo de sofrer retalia\u00e7\u00f5es<\/p>\n<p style=\"text-align: justify;\">O rep\u00f3rter-cinematogr\u00e1fico Marcos Andrade, da Jovem Pan, concedeu uma\u00a0<a href=\"https:\/\/www1.folha.uol.com.br\/poder\/2022\/10\/cinegrafista-relata-pressao-de-equipe-de-tarcisio-e-diz-que-filmou-pessoas-a-paisana-atirando.shtml\" target=\"_blank\" rel=\"noopener\"><u>entrevista bomb\u00e1stica ao jornalista Artur Rodrigues<\/u><\/a>, da Folha de S. Paulo, em que denunciou a campanha do candidato bolsonarista Tarc\u00edsio de Freitas, que preparou uma farsa em Parais\u00f3polis para que o candidato vendesse a falsa narrativa de que teria sido v\u00edtima de um atentado quando fez campanha na regi\u00e3o. Na entrevista, Andrade disse que filmou um agente da Abin e policiais \u00e0 paisana, da equipe do pr\u00f3prio Tarc\u00edsio, disparando tiros em Parais\u00f3polis, numa a\u00e7\u00e3o que matou um jovem desarmado chamado Felipe Silva de Lima, de 28 anos. O cinegrafista tamb\u00e9m afirmou que a campanha de Tarc\u00edsio pediu sua cabe\u00e7a, cobrando a sua demiss\u00e3o da Jovem Pan, e relatou press\u00f5es da pr\u00f3pria emissora, que teria pedido que ele gravasse um v\u00eddeo em apoio ao candidato. Por fim, Marcos Andrade disse estar com medo: &#8216;voc\u00ea n\u00e3o sabe com quem est\u00e1 lidando&#8217;.<!--more--><\/p>\n<p style=\"text-align: justify;\">&#8220;Eu come\u00e7o a escutar uns disparos de arma de fogo, a impress\u00e3o que eu tinha era umas rajadas de metralhadora. Eu fui para a janela, e olhando para o lado direito eu vi umas motos passando. Coisa de dez minutos depois as motos deram a volta pelo quarteir\u00e3o, foram para a rua de cima, e come\u00e7a o novo tiroteio. A\u00ed eu pego a c\u00e2mera e vou para janela. Inclusive, todo mundo falava &#8216;se abaixa&#8217;, e houve um p\u00e2nico generalizado. E eu fui para a janela. S\u00f3 que a\u00ed eu vejo umas pessoas \u00e0 paisana na parte de baixo, na porta da escola, disparando arma de fogo no sentido da rua de cima. Eu vejo o Tarc\u00edsio com o pessoal saindo do pr\u00e9dio e indo para o estacionamento. Eu fiz essas imagens, tanto essas como das pessoas embaixo atirando. Desci. Chego na cal\u00e7ada e vejo l\u00e1 na esquina, na parte de cima no meio da rua, uma pessoa ca\u00edda e uma moto no ch\u00e3o. Eu me abrigo at\u00e9 uma coluna. Quando eu chego para gravar esse corpo e a moto que est\u00e1 no ch\u00e3o, chega uma pessoa falando para eu n\u00e3o gravar&#8221;, relata o cinegrafista.<\/p>\n<p style=\"text-align: justify;\">&#8220;Na hora que eu vou para a parte de cima, onde o corpo e a moto est\u00e1 ca\u00edda, eu vejo o rapaz que eu tinha conversado a respeito de pedir refor\u00e7o. Eu vejo ele armado e com distintivo da Abin [Ag\u00eancia Brasileira de Intelig\u00eancia]. E outro rapaz que tenta me impedir tamb\u00e9m est\u00e1 com distintivo, mas eu n\u00e3o consigo ver bem o que era o distintivo dele&#8221;, acrescentou, apontando a participa\u00e7\u00e3o de agentes federais de seguran\u00e7a na campanha de Tarc\u00edsio.<br \/>\nDepois de ter sido levado para uma base da campanha de Tarc\u00edsio, ele relata como se deu a press\u00e3o. &#8220;Chega algu\u00e9m e fala assim: &#8216;vamos l\u00e1 em cima [que querem falar com voc\u00ea]&#8217;. Eu achei esquisito. Ficou uma d\u00favida, e na d\u00favida grava. Eu n\u00e3o estou com a c\u00e2mera na m\u00e3o. Peguei meu celular e fui gravando \u00e1udio com celular na m\u00e3o. O cara se apresenta [o homem foi identificado pelo site Intercept Brasil como Fabr\u00edcio Cardoso de Paiva, um agente licenciado da Abin que foi reconhecido tamb\u00e9m por Andrade por meio de fotografias]. A\u00ed tem a grava\u00e7\u00e3o [em que a voz pergunta sobre o tiroteio e sobre o que havia sido filmado, e manda Andrade apagar as imagens]. Eu achei muito estranho, eu n\u00e3o faria em momento algum por quest\u00e3o da profiss\u00e3o mesmo. Eu n\u00e3o apaguei isso [as imagens j\u00e1 haviam sido enviadas \u00e0 emissora]. Minha opini\u00e3o [sobre o motivo da ordem] \u00e9 que algu\u00e9m que estava l\u00e1 que n\u00e3o devia estar. \u00c9 isso&#8221;, afirmou Marcos Andrade. &#8220;Tem muita pol\u00edcia. S\u00f3 que voc\u00ea n\u00e3o consegue distinguir quem \u00e9 quem. Quando voc\u00ea olha para o lado e fala assim: tem um federal aqui, um cara da Abin, um militar. Isso \u00e9 normal? Voc\u00ea est\u00e1 acompanhando um candidato \u00e0 Presid\u00eancia da Rep\u00fablica, voc\u00ea v\u00ea policiais federais. Agora, um candidato ao governo com esse estafe eu nunca vi. Foge da normalidade&#8221;, acrescentou.<\/p>\n<p style=\"text-align: justify;\"><strong>Tarc\u00edsio pede a cabe\u00e7a do cinegrafista e a Jovem Pan prop\u00f5e que ele apoie o candidato<\/strong><\/p>\n<p style=\"text-align: justify;\">O cinegrafista tamb\u00e9m afirmou que a campanha de Tarc\u00edsio de Freitas pediu que a Jovem Pan o demitisse, depois da divulga\u00e7\u00e3o do \u00e1udio em que ele revela a press\u00e3o para que as imagens fossem apagadas. &#8220;Ontem [ter\u00e7a, quando o \u00e1udio foi divulgado pela Folha] foi um dia muito dif\u00edcil, n\u00e9? Porque houve comunica\u00e7\u00e3o da equipe [do Tarc\u00edsio] com a empresa [Jovem Pan] cobrando uma postura da empresa de desligamento. At\u00e9 ontem, a hora que eu sa\u00ed de l\u00e1, eles bateram o p\u00e9 e desligamento zero. N\u00e3o falaram o que iam fazer, entendeu? Mas me pediram para eu gravar um v\u00eddeo para o Tarc\u00edsio. N\u00e3o sei se para usar para campanha, mas \u00e9 de um jeito para eles ficarem bem com esse pessoal&#8221;, disse Marcos Andrade.<\/p>\n<p><strong>Medo de retalia\u00e7\u00e3o<\/strong><\/p>\n<p style=\"text-align: justify;\">O profissional da Jovem Pan tamb\u00e9m afirmou que est\u00e1 com medo de sofrer retalia\u00e7\u00f5es. &#8220;Eu tamb\u00e9m estou assustado, porque voc\u00ea n\u00e3o sabe com quem est\u00e1 lidando. Medo n\u00e3o por mim, mas pela minha fam\u00edlia, entendeu? Eu estou com minha esposa para ganhar nen\u00ea neste pr\u00f3ximo m\u00eas. A minha preocupa\u00e7\u00e3o \u00e9 s\u00f3 essa, da minha fam\u00edlia, entendeu, da integridade f\u00edsica de todos. Eu espero que acabe tudo bem, \u00e9 a minha esperan\u00e7a, para a minha pessoa, para a minha fam\u00edlia. Claro que eu tenho medos&#8221;, afirmou. Andrade disse ter feito seu trabalho corretamente. &#8220;Eu, como jornalista, n\u00e3o vejo erro. Porque em nenhum momento estou mentindo, estou acrescentando v\u00edrgula, estou acrescentando ponto. A meu ver, eu n\u00e3o fiz nada de errado. Se algu\u00e9m fez alguma coisa de errado, n\u00e3o fui eu&#8221;, finalizou.<\/p>\n","protected":false},"excerpt":{"rendered":"<p>Marcos Andrade afirmou que a campanha de Tarc\u00edsio cobrou sua demiss\u00e3o, relatou press\u00e3o da Jovem Pan para apoiar o candidato e disse estar com medo de sofrer retalia\u00e7\u00f5es O rep\u00f3rter-cinematogr\u00e1fico Marcos Andrade, da Jovem Pan, concedeu uma\u00a0entrevista bomb\u00e1stica ao jornalista Artur Rodrigues, da Folha de S. Paulo, em que denunciou a campanha do candidato bolsonarista [&hellip;]<\/p>\n","protected":false},"author":2,"featured_media":111263,"comment_status":"open","ping_status":"open","sticky":false,"template":"","format":"standard","meta":[],"categories":[75,71],"tags":[],"_links":{"self":[{"href":"https:\/\/www.blogdopaulonunes.com\/v5\/index.php\/wp-json\/wp\/v2\/posts\/111262"}],"collection":[{"href":"https:\/\/www.blogdopaulonunes.com\/v5\/index.php\/wp-json\/wp\/v2\/posts"}],"about":[{"href":"https:\/\/www.blogdopaulonunes.com\/v5\/index.php\/wp-json\/wp\/v2\/types\/post"}],"author":[{"embeddable":true,"href":"https:\/\/www.blogdopaulonunes.com\/v5\/index.php\/wp-json\/wp\/v2\/users\/2"}],"replies":[{"embeddable":true,"href":"https:\/\/www.blogdopaulonunes.com\/v5\/index.php\/wp-json\/wp\/v2\/comments?post=111262"}],"version-history":[{"count":1,"href":"https:\/\/www.blogdopaulonunes.com\/v5\/index.php\/wp-json\/wp\/v2\/posts\/111262\/revisions"}],"predecessor-version":[{"id":111264,"href":"https:\/\/www.blogdopaulonunes.com\/v5\/index.php\/wp-json\/wp\/v2\/posts\/111262\/revisions\/111264"}],"wp:featuredmedia":[{"embeddable":true,"href":"https:\/\/www.blogdopaulonunes.com\/v5\/index.php\/wp-json\/wp\/v2\/media\/111263"}],"wp:attachment":[{"href":"https:\/\/www.blogdopaulonunes.com\/v5\/index.php\/wp-json\/wp\/v2\/media?parent=111262"}],"wp:term":[{"taxonomy":"category","embeddable":true,"href":"https:\/\/www.blogdopaulonunes.com\/v5\/index.php\/wp-json\/wp\/v2\/categories?post=111262"},{"taxonomy":"post_tag","embeddable":true,"href":"https:\/\/www.blogdopaulonunes.com\/v5\/index.php\/wp-json\/wp\/v2\/tags?post=111262"}],"curies":[{"name":"wp","href":"https:\/\/api.w.org\/{rel}","templated":true}]}}