{"id":111254,"date":"2022-10-27T12:26:19","date_gmt":"2022-10-27T15:26:19","guid":{"rendered":"https:\/\/www.blogdopaulonunes.com\/v5\/?p=111254"},"modified":"2022-10-27T12:26:19","modified_gmt":"2022-10-27T15:26:19","slug":"diretor-de-radio-que-acusou-pt-de-fraude-ja-agrediu-professoras-para-defender-bolsonaro","status":"publish","type":"post","link":"https:\/\/www.blogdopaulonunes.com\/v5\/index.php\/2022\/10\/27\/diretor-de-radio-que-acusou-pt-de-fraude-ja-agrediu-professoras-para-defender-bolsonaro\/","title":{"rendered":"Diretor de r\u00e1dio que acusou PT de fraude j\u00e1 agrediu professoras para defender Bolsonaro"},"content":{"rendered":"<div class=\"box-title\">\n<h1><\/h1>\n<p>por Reda\u00e7\u00e3o<\/p>\n<\/div>\n<div class=\"box-body\" data-io-article-url=\"https:\/\/www.bahianoticias.com.br\/noticia\/273962-diretor-de-radio-que-acusou-pt-de-fraude-ja-agrediu-professoras-para-defender-bolsonaro.html\">\n<div class=\"text-descricao\">\n<p style=\"text-align: justify;\"><strong>O radialista Washington Rodrigues, diretor da R\u00e1dio Clube de Vit\u00f3ria da Conquista, que acusou a campanha do PT de induzir a equipe da sua emissora a n\u00e3o veicular a propaganda pol\u00edtica do presidente Jair Bolsonaro (PL) j\u00e1 protagonizou epis\u00f3dios violentos ao vivo em defesa do candidato \u00e0 reelei\u00e7\u00e3o.<\/strong><\/p>\n<p style=\"text-align: justify;\"><strong>Filiado ao Uni\u00e3o Brasil desde novembro de 2019, o profissional concedeu uma entrevista \u00e0 Jovem Pan nesta quarta-feira (26) e afirmou que, na r\u00e1dio em que trabalha, n\u00e3o foram transmitidas as propagandas do presidente Bolsonaro por 12 horas, entre a \u00faltima sexta-feira (20) e s\u00e1bado seguinte (21).\u00a0<\/strong><\/p>\n<p><iframe loading=\"lazy\" title=\"YouTube video player\" src=\"https:\/\/www.youtube.com\/embed\/aT5_D1HtF4Q\" width=\"560\" height=\"315\" frameborder=\"0\" allowfullscreen=\"allowfullscreen\"><\/iframe><\/p>\n<p style=\"text-align: justify;\"><strong>Segundo Washington, a situa\u00e7\u00e3o aconteceu ap\u00f3s e-mails enviados pela equipe petista alegarem que Lula estaria com direito de resposta concedido pelo Tribunal Superior Eleitoral (TSE) (<a href=\"https:\/\/www.bahianoticias.com.br\/noticia\/273950-conquista-radialista-defensor-de-bolsonaro-acusa-pt-de-induzir-suposta-fraude-em-insercoes.html\">saiba mais aqui<\/a>). O ve\u00edculo em quest\u00e3o n\u00e3o consta na lista dos que teriam sido encontradas supostas irregularidades acusadas pela campanha bolsonarista (<a href=\"http:\/\/www.bahianoticias.com.br\/noticia\/273856-insercoes-de-radio-moraes-determina-24h-para-campanha-de-bolsonaro-apresentar-provas.html\">veja aqui<\/a>).<\/strong><\/p>\n<p style=\"text-align: justify;\"><strong>O profissional de r\u00e1dio, que tamb\u00e9m \u00e9 advogado, foi respons\u00e1vel por expulsar duas professoras do est\u00fadio em que gravava seu programa, em mar\u00e7o deste ano. Na ocasi\u00e3o, as educadoras, ligadas ao sindicato local, criticavam Bolsonaro pela condu\u00e7\u00e3o do governo federal na educa\u00e7\u00e3o.<\/strong><\/p>\n<p>&nbsp;<\/p>\n<p style=\"text-align: justify;\"><strong>Ele estava acompanhado do seu parceiro na apresenta\u00e7\u00e3o no &#8220;Sudoeste Agora&#8221;, o radialista Humberto Pinheiro. A confus\u00e3o se agravou no decorrer da conversa e o epis\u00f3dio gerou uma s\u00e9rie de manifesta\u00e7\u00f5es contra a atitude dos entrevistadores.<\/strong><\/p>\n<p style=\"text-align: justify;\"><strong>O assunto que levou ao conflito foi a assinatura da portaria que aumentou o piso salarial para os professores da Educa\u00e7\u00e3o B\u00e1sica pelo Executivo federal. Uma das professoras afirmou que o presidente &#8220;n\u00e3o fez isso porque \u00e9 bonzinho&#8221;, mas foi interrompida por um dos apresentadores.\u00a0<\/strong><\/p>\n<p><iframe loading=\"lazy\" title=\"YouTube video player\" src=\"https:\/\/www.youtube.com\/embed\/7gl27zWWgd4\" width=\"560\" height=\"315\" frameborder=\"0\" allowfullscreen=\"allowfullscreen\"><\/iframe><\/p>\n<p style=\"text-align: justify;\"><strong>Humberto ent\u00e3o declarou haver por parte delas uma &#8220;injusti\u00e7a&#8221; quanto \u00e0 an\u00e1lise feita da atua\u00e7\u00e3o do governo federal. A discuss\u00e3o come\u00e7ou a escalonar e terminou com os radialistas expulsando as duas entrevistadas do est\u00fadio aos gritos. Durante a briga, Humberto e Washington tamb\u00e9m realizaram cr\u00edticas pessoais \u00e0s sindicalistas e as chamaram de &#8220;militantes&#8221;.\u00a0<\/strong><\/p>\n<p style=\"text-align: justify;\"><strong>Na \u00e9poca, devido a repercuss\u00e3o, entidades de classe como a Associa\u00e7\u00e3o Bahiana de Imprensa (ABI), o Sindicato dos Jornalistas Profissionais do Estado da Bahia (Sinjorba) e o Sindicato do Magist\u00e9rio Municipal P\u00fablico de Vit\u00f3ria da Conquista (SIMMP) repudiaram a atitude da dupla de comunicadores.<\/strong><\/p>\n<p style=\"text-align: justify;\"><strong>Um grupo de 21 jornalistas de Conquista tamb\u00e9m se pronunciou. Os profissionais de imprensa assinaram uma carta classificando os atos como &#8220;mis\u00f3ginos&#8221; e que atacavam diretamente a categoria, &#8220;formada por muitas mulheres, que est\u00e3o, principalmente, no processo de produ\u00e7\u00e3o&#8221;.<\/strong><\/p>\n<p style=\"text-align: justify;\"><strong>&#8220;Com rela\u00e7\u00e3o \u00e0 R\u00e1dio Clube, \u00e9 de conhecimento da sociedade conquistense que nos \u00faltimos anos a emissora, por interm\u00e9dio destes dois comunicadores, virou palco de dissemina\u00e7\u00e3o de mentiras a respeito de diversos temas, sobretudo ligados \u00e0 sa\u00fade, como a defesa de medicamentos sem comprova\u00e7\u00e3o cient\u00edfica para suposta cura da Covid-19&#8221;, continua o documento, afirmando ainda que os dois comunicadores fazem um &#8220;uso ideol\u00f3gico da r\u00e1dio&#8221;<\/strong><\/p>\n<\/div>\n<\/div>\n","protected":false},"excerpt":{"rendered":"<p>por Reda\u00e7\u00e3o O radialista Washington Rodrigues, diretor da R\u00e1dio Clube de Vit\u00f3ria da Conquista, que acusou a campanha do PT de induzir a equipe da sua emissora a n\u00e3o veicular a propaganda pol\u00edtica do presidente Jair Bolsonaro (PL) j\u00e1 protagonizou epis\u00f3dios violentos ao vivo em defesa do candidato \u00e0 reelei\u00e7\u00e3o. Filiado ao Uni\u00e3o Brasil desde [&hellip;]<\/p>\n","protected":false},"author":2,"featured_media":111255,"comment_status":"open","ping_status":"open","sticky":false,"template":"","format":"standard","meta":[],"categories":[75,105],"tags":[],"_links":{"self":[{"href":"https:\/\/www.blogdopaulonunes.com\/v5\/index.php\/wp-json\/wp\/v2\/posts\/111254"}],"collection":[{"href":"https:\/\/www.blogdopaulonunes.com\/v5\/index.php\/wp-json\/wp\/v2\/posts"}],"about":[{"href":"https:\/\/www.blogdopaulonunes.com\/v5\/index.php\/wp-json\/wp\/v2\/types\/post"}],"author":[{"embeddable":true,"href":"https:\/\/www.blogdopaulonunes.com\/v5\/index.php\/wp-json\/wp\/v2\/users\/2"}],"replies":[{"embeddable":true,"href":"https:\/\/www.blogdopaulonunes.com\/v5\/index.php\/wp-json\/wp\/v2\/comments?post=111254"}],"version-history":[{"count":1,"href":"https:\/\/www.blogdopaulonunes.com\/v5\/index.php\/wp-json\/wp\/v2\/posts\/111254\/revisions"}],"predecessor-version":[{"id":111256,"href":"https:\/\/www.blogdopaulonunes.com\/v5\/index.php\/wp-json\/wp\/v2\/posts\/111254\/revisions\/111256"}],"wp:featuredmedia":[{"embeddable":true,"href":"https:\/\/www.blogdopaulonunes.com\/v5\/index.php\/wp-json\/wp\/v2\/media\/111255"}],"wp:attachment":[{"href":"https:\/\/www.blogdopaulonunes.com\/v5\/index.php\/wp-json\/wp\/v2\/media?parent=111254"}],"wp:term":[{"taxonomy":"category","embeddable":true,"href":"https:\/\/www.blogdopaulonunes.com\/v5\/index.php\/wp-json\/wp\/v2\/categories?post=111254"},{"taxonomy":"post_tag","embeddable":true,"href":"https:\/\/www.blogdopaulonunes.com\/v5\/index.php\/wp-json\/wp\/v2\/tags?post=111254"}],"curies":[{"name":"wp","href":"https:\/\/api.w.org\/{rel}","templated":true}]}}