{"id":111236,"date":"2022-10-25T22:48:24","date_gmt":"2022-10-26T01:48:24","guid":{"rendered":"https:\/\/www.blogdopaulonunes.com\/v5\/?p=111236"},"modified":"2022-10-25T22:48:24","modified_gmt":"2022-10-26T01:48:24","slug":"professorez-webserie-com-nova-geracao-de-professores-fala-sobre-a-escolha-da-profissao-inovacao-educacao-antirracista-e-inclusao","status":"publish","type":"post","link":"https:\/\/www.blogdopaulonunes.com\/v5\/index.php\/2022\/10\/25\/professorez-webserie-com-nova-geracao-de-professores-fala-sobre-a-escolha-da-profissao-inovacao-educacao-antirracista-e-inclusao\/","title":{"rendered":"ProfessoreZ: webs\u00e9rie com nova gera\u00e7\u00e3o de professores fala sobre a escolha da profiss\u00e3o, Inova\u00e7\u00e3o, Educa\u00e7\u00e3o Antirracista e Inclus\u00e3o"},"content":{"rendered":"<p style=\"text-align: justify;\">Na sala de aula ou no tiktok, educadores se debru\u00e7am sobre temas importantes para a sociedade. Produ\u00e7\u00e3o da Nova Escola mergulha nos novos temas da Educa\u00e7\u00e3o<\/p>\n<p style=\"text-align: justify;\">Na webs\u00e9rie \u201cProfessoreZ\u201d, professores jovens falam sobre o cotidiano da profiss\u00e3o<\/p>\n<p style=\"text-align: justify;\">J\u00e1 foi o tempo em que o celular era inimigo dos professores, sobretudo ap\u00f3s a pandemia, per\u00edodo que fez com que os educadores tivessem que utilizar os meios digitais para seguir com as aulas remotas. Agora, ainda mais acostumados com a tecnologia no dia a dia, professores v\u00eam usando os meios digitais para ampliar seu poder de comunica\u00e7\u00e3o e conex\u00e3o com os alunos.<\/p>\n<p style=\"text-align: justify;\">Para informar e debater sobre como a nova gera\u00e7\u00e3o de educadores traz novos olhares para a profiss\u00e3o, a Nova Escola, uma organiza\u00e7\u00e3o de impacto social, que tem como miss\u00e3o fortalecer educadores para transformar a Educa\u00e7\u00e3o p\u00fablica brasileira, convidou professores para a webs\u00e9rie \u201cProfessoreZ\u201d. Os epis\u00f3dios v\u00e3o ao ar durante o m\u00eas de outubro, marcado pelo Dia dos Professores, com o intuito de celebrar a profiss\u00e3o e mostrar que ela segue mais forte do que nunca, representado por nomes jovens e criativos.<!--more--><\/p>\n<p style=\"text-align: justify;\">Em quatro cap\u00edtulos, a s\u00e9rie ir\u00e1 informar e debater sobre temas como: a Escolha da profiss\u00e3o em tempos atuais, com Kaique Roque e Rebeca Caf\u00e9; Inova\u00e7\u00e3o e tecnologia promovendo conex\u00f5es com Jessica Lindsay e Linaldo Oliveira, Pautas sociais e Educa\u00e7\u00e3o Antirracista com Tatiane Santos e J\u00e9ssica Machado e Educa\u00e7\u00e3o inclusiva quebrando barreiras, com Gean Sampaio e Lara Souto. A condu\u00e7\u00e3o das trocas fica por conta da apresentadora Keilla Vila Flor, que \u00e9 professora e historiadora. A webs\u00e9rie \u00e9 produzida pela produtora Abacateiro.<\/p>\n<p style=\"text-align: justify;\">Redes sociais: potencializando a comunica\u00e7\u00e3o<\/p>\n<p style=\"text-align: justify;\">Adotando uma linguagem simples, a Jessica Lindsay, por exemplo, explica matem\u00e1tica de forma leve e conta com mais de 840 mil seguidores no TikTok. Outro fen\u00f4meno na internet \u00e9 o educador f\u00edsico Gean Sampaio, que compartilha sua rotina de professor e algumas p\u00e9rolas das crian\u00e7as.<\/p>\n<p style=\"text-align: justify;\">Al\u00e9m da descontra\u00e7\u00e3o, os professores usam as redes sociais para ensinar sobre pautas como Inova\u00e7\u00e3o e Tecnologia, Educa\u00e7\u00e3o inclusiva &#8211; defendida pela professora Laura Souto, deficiente visual e consultora em acessibilidade -, e a Educa\u00e7\u00e3o Antirracista, abordada pela professora Je\u0301ssica Machado.<\/p>\n<p style=\"text-align: justify;\">&#8220;Algo ficou ainda mais evidente com a pandemia: as redes sociais podem intensificar a troca de informa\u00e7\u00f5es e ideias. Esse movimento tamb\u00e9m impactou os professores, que est\u00e3o cada dia mais preparados para se apropriarem das ferramentas digitais para trocar informa\u00e7\u00f5es com outros docentes ou com seus alunos, al\u00e9m de ampliar o alcance de suas reflex\u00f5es para al\u00e9m da sala de aula\u201d, avalia a pedagoga e diretora da Nova Escola, Ana Ligia Scachetti.<\/p>\n<p style=\"text-align: justify;\">Os professores tamb\u00e9m usam os recursos online para se informar, enriquecer seu repert\u00f3rio e facilitar seu dia a dia na sala de aula com novas ferramentas.<\/p>\n<p style=\"text-align: justify;\">&#8220;Quando foi fundada, em 1986, a Nova Escola era uma revista impressa com informa\u00e7\u00f5es para professores. Com o passar dos anos, todo esse conte\u00fado precisou ir para uma plataforma online para acompanhar a digitaliza\u00e7\u00e3o da Educa\u00e7\u00e3o. Com isso, professores podem entrar no site e ter acesso a conte\u00fados gratuitos como planos de aula, cursos e reportagens para se informar, aplicar em sala de aula ou se capacitar\u201d, acrescenta.<\/p>\n<p style=\"text-align: justify;\">Alinhada \u00e0 Base Nacional Comum Curricular (BNCC), a plataforma traz materiais de aula criados especialmente para alguns estados do Brasil, com refer\u00eancias regionais. Tamb\u00e9m disponibiliza mais de 6 mil planos de aula, 130 cursos, um acervo de mais de 20 mil reportagens.<\/p>\n<p style=\"text-align: justify;\">Sobre a Nova Escola<\/p>\n<p style=\"text-align: justify;\">A Nova Escola \u00e9 uma organiza\u00e7\u00e3o de impacto social, sem fins lucrativos, que tem como miss\u00e3o fortalecer educadores para transformar a Educa\u00e7\u00e3o p\u00fablica brasileira e possibilitar que os alunos desenvolvam o m\u00e1ximo de seu potencial. Refer\u00eancia absoluta no desenvolvimento de conte\u00fado para professores desde 1986, quando atuava no segmento de revista impressa, em 2015, com o apoio da Funda\u00e7\u00e3o Lemann, transformou-se em uma plataforma digital, com mais de 3,1 milh\u00f5es de acessos mensais. Produz Reportagens, Cursos autoinstrucionais, Forma\u00e7\u00f5es, Planos de Aula e Materiais Educacionais, gratuitos, para apoiar professores, coordenadores pedag\u00f3gicos e diretores que atuam na Educa\u00e7\u00e3o B\u00e1sica das escolas p\u00fablicas brasileiras. Saiba mais em www.novaescola.org.br.<\/p>\n","protected":false},"excerpt":{"rendered":"<p>Na sala de aula ou no tiktok, educadores se debru\u00e7am sobre temas importantes para a sociedade. Produ\u00e7\u00e3o da Nova Escola mergulha nos novos temas da Educa\u00e7\u00e3o Na webs\u00e9rie \u201cProfessoreZ\u201d, professores jovens falam sobre o cotidiano da profiss\u00e3o J\u00e1 foi o tempo em que o celular era inimigo dos professores, sobretudo ap\u00f3s a pandemia, per\u00edodo que [&hellip;]<\/p>\n","protected":false},"author":2,"featured_media":111237,"comment_status":"open","ping_status":"open","sticky":false,"template":"","format":"standard","meta":[],"categories":[71],"tags":[],"_links":{"self":[{"href":"https:\/\/www.blogdopaulonunes.com\/v5\/index.php\/wp-json\/wp\/v2\/posts\/111236"}],"collection":[{"href":"https:\/\/www.blogdopaulonunes.com\/v5\/index.php\/wp-json\/wp\/v2\/posts"}],"about":[{"href":"https:\/\/www.blogdopaulonunes.com\/v5\/index.php\/wp-json\/wp\/v2\/types\/post"}],"author":[{"embeddable":true,"href":"https:\/\/www.blogdopaulonunes.com\/v5\/index.php\/wp-json\/wp\/v2\/users\/2"}],"replies":[{"embeddable":true,"href":"https:\/\/www.blogdopaulonunes.com\/v5\/index.php\/wp-json\/wp\/v2\/comments?post=111236"}],"version-history":[{"count":1,"href":"https:\/\/www.blogdopaulonunes.com\/v5\/index.php\/wp-json\/wp\/v2\/posts\/111236\/revisions"}],"predecessor-version":[{"id":111238,"href":"https:\/\/www.blogdopaulonunes.com\/v5\/index.php\/wp-json\/wp\/v2\/posts\/111236\/revisions\/111238"}],"wp:featuredmedia":[{"embeddable":true,"href":"https:\/\/www.blogdopaulonunes.com\/v5\/index.php\/wp-json\/wp\/v2\/media\/111237"}],"wp:attachment":[{"href":"https:\/\/www.blogdopaulonunes.com\/v5\/index.php\/wp-json\/wp\/v2\/media?parent=111236"}],"wp:term":[{"taxonomy":"category","embeddable":true,"href":"https:\/\/www.blogdopaulonunes.com\/v5\/index.php\/wp-json\/wp\/v2\/categories?post=111236"},{"taxonomy":"post_tag","embeddable":true,"href":"https:\/\/www.blogdopaulonunes.com\/v5\/index.php\/wp-json\/wp\/v2\/tags?post=111236"}],"curies":[{"name":"wp","href":"https:\/\/api.w.org\/{rel}","templated":true}]}}