{"id":111234,"date":"2022-10-25T22:35:34","date_gmt":"2022-10-26T01:35:34","guid":{"rendered":"https:\/\/www.blogdopaulonunes.com\/v5\/?p=111234"},"modified":"2022-10-25T22:35:34","modified_gmt":"2022-10-26T01:35:34","slug":"em-vitoria-da-conquista-povo-nas-ruas-quer-lula-e-jeronimo","status":"publish","type":"post","link":"https:\/\/www.blogdopaulonunes.com\/v5\/index.php\/2022\/10\/25\/em-vitoria-da-conquista-povo-nas-ruas-quer-lula-e-jeronimo\/","title":{"rendered":"Em Vit\u00f3ria da Conquista, povo nas ruas  quer Lula e Jer\u00f4nimo!"},"content":{"rendered":"<p style=\"text-align: justify;\">O resultado do primeiro turno das elei\u00e7\u00f5es majorit\u00e1rias, em Vit\u00f3ria da Conquista, revelou alguns dados interessantes. Lula triunfou largamente sobre seus advers\u00e1rios e o candidato neto de ACM obteve mais votos do que o candidato do PT, o preferido de Lula. Apesar de perder em Conquista, em todo o estado da Bahia Jer\u00f4nimo alcan\u00e7ou quase 50% dos votos, pouco faltando para vencer no primeiro turno.<br \/>\nMais uma vez, ficou demonstrado que as elei\u00e7\u00f5es n\u00e3o obedecem regras fixas e logicas r\u00edgidas. A escolha da maioria \u00e9 formada pelo voto individual, pessoal e secreto de cada um. O eleitor(a) exprime a sua vontade no momento de deposit\u00e1-la (ou exprimi-la) na urna. Esse momento democr\u00e1tico traduz o seu desejo formado em um processo de incont\u00e1veis vari\u00e1veis, no qual a campanha, os projetos apresentados e o entendimento que adquire da realidade pol\u00edtica e eleitoral \u00e9 concretizado na sua opini\u00e3o expressada por meio do voto. No entanto, essa vontade n\u00e3o \u00e9 alheia \u00e0s condi\u00e7\u00f5es que a forma, muito menos \u00e9 eterna e imut\u00e1vel. A campanha eleitoral, a divulga\u00e7\u00e3o das propostas pol\u00edtica\/administrativas, a rela\u00e7\u00e3o que o eleitor tem entre o candidato e as suas necessidades pessoais e ideol\u00f3gicas, o conhecimento superficial ou n\u00e3o da personalidade, da biografia e da vida do candidato\/a, e, infelizmente, at\u00e9 o bombardeio que sofre de cal\u00fanias e fake-news podem influir na forma\u00e7\u00e3o da vontade eleitoral. As r\u00e1pidas especula\u00e7\u00f5es que trazemos aqui, entretanto, n\u00e3o justificam e nem admitem a compra de votos, a press\u00e3o indevida e o ass\u00e9dio eleitoral ilegal de todos os tipos, principalmente de patr\u00f5es que pressionam e amea\u00e7am seus empregados, julgando que ao comprar a sua for\u00e7a de trabalho passam a ser donos da sua vontade e do seu voto.<!--more--><\/p>\n<p style=\"text-align: justify;\">A enorme popularidade e prest\u00edgio de Lula fizeram-no conquistar quase 70% da vota\u00e7\u00e3o na Bahia enquanto o seu candidato a governador \u2013 Jer\u00f4nimo Rodrigues \u2013 alcan\u00e7ou quase 50%. Sem d\u00favida, duas grandes vit\u00f3rias. Como acertadamente as regras eleitorais n\u00e3o tornam obrigat\u00f3ria a vincula\u00e7\u00e3o dos votos, o candidato herdeiro da direita conservadora carlista ACM Neto, procurou esconder o seu v\u00ednculo com o candidato a presidente j. Bolsonaro proclamando que para ele \u201ctanto faz\u201d este continuar presidente ou Lula assumir a presid\u00eancia pelo voto dos brasileiros e brasileiras. Extraiu da sua biografia as amea\u00e7as de agress\u00e3o f\u00edsica que fez a Lula a pouco tempo atr\u00e1s. Citou a sua experi\u00eancia de exercer o mandato de prefeito em Salvador durante a gest\u00e3o de tr\u00eas presidentes de partidos diferentes e, segundo sua vis\u00e3o distorcida, administrou com sucesso. Ora, o neto de ACM escamoteia ou ignora as rela\u00e7\u00f5es institucionais entre as diferentes esferas de governo, esquecendo-se propositadamente que foi o governo estadual petista que mais investiu em obras e servi\u00e7os na capital do estado \u2013 Salvador \u2013 durante a gest\u00e3o da direita. As rela\u00e7\u00f5es institucionais de governo a governo necessitam obrigatoriamente serem respeitosas e distantes de disputas partid\u00e1rias o que, em \u00faltima inst\u00e2ncia, podem acabar prejudicando a popula\u00e7\u00e3o. Totalmente diferentes s\u00e3o as propostas para governar e em favor de qual segmento social. As concep\u00e7\u00f5es do papel do Estado, das pol\u00edticas p\u00fablicas e sociais, o fortalecimento da democracia, a participa\u00e7\u00e3o popular e a defesa dos direitos de cidadania e das diretrizes gerais de governo, se constituem em projetos diferentes e divergentes que devem ser o centro da disputa eleitoral, e n\u00e3o admitem tergiversa\u00e7\u00f5es e muito menos \u201ctanto faz\u201d.<br \/>\n\u00c9 evidente que a pol\u00edtica de \u201cesconde-esconde\u201d de ACM Neto n\u00e3o tem nada a haver com liberdade eleitoral, exerc\u00edcio do voto livre, o direito de escolha que apregoa a propaganda desse candidato. Trata-se, na verdade, de fugir do grande prestigio de Lula e esconder a evid\u00eancia da exist\u00eancia de dois projetos antag\u00f4nicos: o popular-democr\u00e1tico de Lula e Jer\u00f4nimo e o oposto representado por Bolsonaro e ACM Neto.<br \/>\nInfelizmente, aqui, em Conquista, no primeiro turno, a estrat\u00e9gia de camuflagem de ACM Neto alcan\u00e7ou certo sucesso porque Lula alcan\u00e7ou 111.892 (55.4%) votos; Bolsonaro 73.828 (36.55%); ACM Neto 91.460 (46.89%) e Jeronimo 74.023 (38.95 %.). A diferen\u00e7a entre a vota\u00e7\u00e3o de Lula e a do seu candidato Jeronimo foi de 37.869 votos, total de eleitores que votaram em Lula mas que por algum motivo qualquer n\u00e3o votaram em Jeronimo. A diferen\u00e7a entre esses n\u00fameros mostrou a necessidade de maior discuss\u00e3o e informa\u00e7\u00e3o ao eleitorado conquistense. Aquelas pessoas que apoiam e votam nas ideias e propostas comuns de Lula e Jeronimo, no dia 22 de outubro, sa\u00edram \u00e0s ruas, em grandiosa caminhada, para gritar que Lula \u00e9 Jer\u00f4nimo e Jer\u00f4nimo \u00e9 Lula. Fora disso \u00e9 subterf\u00fagio e engana\u00e7\u00e3o.<br \/>\nMilhares e milhares de conquistenses atenderam o chamado democr\u00e1tico, lideran\u00e7as estaduais, regionais, municipais e populares acompanharam a multid\u00e3o que alegrou as ruas da nossa cidade. Uma profus\u00e3o de cores, com alta predomin\u00e2ncia do vermelho. Bandeiras verde-amarelas indicavam que a bandeira brasileira e os s\u00edmbolos nacionais s\u00e3o de todos principalmente dos verdadeiros patriotas. Homens, mulheres, jovens, idosos, LGBTs, todas as cores e ra\u00e7as humanas irmanaram-se na busca da reconquista da democracia e de uma vida melhor para todos e todas. As ruas de Conquista foram inundadas pela alegria e esperan\u00e7a de milhares que cantavam e dan\u00e7avam em uma verdadeira festa popular. Nas cal\u00e7adas, nas portas das lojas, os transeuntes paravam e pediam o adesivo com a estrela do 13.<br \/>\nA Bahia responder\u00e1 nas urnas as ofensas e cal\u00fanias assacadas contra o povo baiano. Sabemos e temos consci\u00eancia da sabedoria e da justeza do nosso voto.<br \/>\nE, em Vit\u00f3ria da Conquista, n\u00e3o ser\u00e1 diferente, saberemos acompanhar o nosso povo e eleger Lula para presidente e Jer\u00f4nimo nosso governador, ambos representantes leg\u00edtimos do mesmo projeto democr\u00e1tico e popular.<br \/>\nEdwaldo Alves Silva \u00e9 filiado ao PT.<\/p>\n","protected":false},"excerpt":{"rendered":"<p>O resultado do primeiro turno das elei\u00e7\u00f5es majorit\u00e1rias, em Vit\u00f3ria da Conquista, revelou alguns dados interessantes. Lula triunfou largamente sobre seus advers\u00e1rios e o candidato neto de ACM obteve mais votos do que o candidato do PT, o preferido de Lula. Apesar de perder em Conquista, em todo o estado da Bahia Jer\u00f4nimo alcan\u00e7ou quase [&hellip;]<\/p>\n","protected":false},"author":2,"featured_media":109621,"comment_status":"open","ping_status":"open","sticky":false,"template":"","format":"standard","meta":[],"categories":[97,71],"tags":[],"_links":{"self":[{"href":"https:\/\/www.blogdopaulonunes.com\/v5\/index.php\/wp-json\/wp\/v2\/posts\/111234"}],"collection":[{"href":"https:\/\/www.blogdopaulonunes.com\/v5\/index.php\/wp-json\/wp\/v2\/posts"}],"about":[{"href":"https:\/\/www.blogdopaulonunes.com\/v5\/index.php\/wp-json\/wp\/v2\/types\/post"}],"author":[{"embeddable":true,"href":"https:\/\/www.blogdopaulonunes.com\/v5\/index.php\/wp-json\/wp\/v2\/users\/2"}],"replies":[{"embeddable":true,"href":"https:\/\/www.blogdopaulonunes.com\/v5\/index.php\/wp-json\/wp\/v2\/comments?post=111234"}],"version-history":[{"count":1,"href":"https:\/\/www.blogdopaulonunes.com\/v5\/index.php\/wp-json\/wp\/v2\/posts\/111234\/revisions"}],"predecessor-version":[{"id":111235,"href":"https:\/\/www.blogdopaulonunes.com\/v5\/index.php\/wp-json\/wp\/v2\/posts\/111234\/revisions\/111235"}],"wp:featuredmedia":[{"embeddable":true,"href":"https:\/\/www.blogdopaulonunes.com\/v5\/index.php\/wp-json\/wp\/v2\/media\/109621"}],"wp:attachment":[{"href":"https:\/\/www.blogdopaulonunes.com\/v5\/index.php\/wp-json\/wp\/v2\/media?parent=111234"}],"wp:term":[{"taxonomy":"category","embeddable":true,"href":"https:\/\/www.blogdopaulonunes.com\/v5\/index.php\/wp-json\/wp\/v2\/categories?post=111234"},{"taxonomy":"post_tag","embeddable":true,"href":"https:\/\/www.blogdopaulonunes.com\/v5\/index.php\/wp-json\/wp\/v2\/tags?post=111234"}],"curies":[{"name":"wp","href":"https:\/\/api.w.org\/{rel}","templated":true}]}}