{"id":111217,"date":"2022-10-24T10:39:25","date_gmt":"2022-10-24T13:39:25","guid":{"rendered":"https:\/\/www.blogdopaulonunes.com\/v5\/?p=111217"},"modified":"2022-10-24T10:39:25","modified_gmt":"2022-10-24T13:39:25","slug":"campanha-de-lula-lanca-primeiro-video-em-que-cola-roberto-jefferson-em-bolsonaro-e-pede-fim-da-violencia","status":"publish","type":"post","link":"https:\/\/www.blogdopaulonunes.com\/v5\/index.php\/2022\/10\/24\/campanha-de-lula-lanca-primeiro-video-em-que-cola-roberto-jefferson-em-bolsonaro-e-pede-fim-da-violencia\/","title":{"rendered":"Campanha de Lula lan\u00e7a primeiro v\u00eddeo em que cola Roberto Jefferson em Bolsonaro e pede fim da viol\u00eancia"},"content":{"rendered":"<p style=\"text-align: justify;\"><strong>V\u00eddeo tem o mote \u201cChega de viol\u00eancia, chega de Bolsonaro\u201d, passou a ser distribu\u00eddo nas redes j\u00e1 na noite deste domingo (23) e vai entrar como inser\u00e7\u00e3o na TV. Assista<\/strong><\/p>\n<p>A campanha do ex-presidente Lula j\u00e1 criou o primeiro programa em que cola a imagem do bandido Roberto Jefferson em Jair Bolsonaro, poucas horas depois do epis\u00f3dio violento protagonizado pelo aliado do advers\u00e1rio contra a Pol\u00edcia Federal.<\/p>\n<p style=\"text-align: justify;\">O v\u00eddeo tem o mote \u201cChega de viol\u00eancia, chega de Bolsonaro\u201d, passou a ser distribu\u00eddo nas redes j\u00e1 na noite deste domingo (23) e est\u00e1 previsto para entrar como inser\u00e7\u00e3o na TV.<\/p>\n<p style=\"text-align: justify;\">A pe\u00e7a come\u00e7a com uma fala de Bolsonaro em que diz &#8220;minha especialidade \u00e9 matar&#8221;. Em seguida, um locutor afirma que a viol\u00eancia bolsonarista &#8220;chegou a n\u00edveis alarmantes&#8221;.<\/p>\n<p style=\"text-align: justify;\">O programa tamb\u00e9m destaca outros epis\u00f3dios violentos promovidos por bolsonaristas, como o assassinato do petista Marcelo Arruda em Foz do Igua\u00e7u, no Paran\u00e1, pelo agente penal federal Jorge Guaranho em julho deste ano, e as agress\u00f5es cometidas por aliados de Bolsonaro em Aparecida no \u00faltimo 12 de outubro.<\/p>\n<p style=\"text-align: justify;\">O filme da campanha de Lula termina dizendo: &#8220;O Brasil precisa de paz, Bolsonaro nunca mais&#8221;.<\/p>\n<p style=\"text-align: justify;\">\u201c\u00d3dio, viol\u00eancia e desrespeito \u00e0s leis. Roberto Jefferson n\u00e3o \u00e9 apenas criminoso e um dos principais aliados do nosso advers\u00e1rio: ele \u00e9 a cara do que Bolsonaro prega\u201d, diz a mensagem postada pela equipe de Lula nas redes sociais do petista ao divulgar o v\u00eddeo.<\/p>\n<p>Assista abaixo:<\/p>\n<div class=\"css-1dbjc4n r-18u37iz r-kzbkwu\">\n<div class=\"css-1dbjc4n r-eqz5dr r-1777fci r-4amgru r-1kh6xel\">\n<div class=\"css-1dbjc4n r-1ny4l3l\">\n<div class=\"css-1dbjc4n r-1wbh5a2 r-dnmrzs r-1ny4l3l\">\n<div class=\"css-1dbjc4n r-1wbh5a2 r-dnmrzs r-1ny4l3l\">\n<div class=\"css-1dbjc4n r-1awozwy r-18u37iz r-1wbh5a2\">\n<div class=\"css-1dbjc4n\">\n<div class=\"css-901oao css-bfa6kz r-14j79pv r-18u37iz r-1qd0xha r-a023e6 r-16dba41 r-rjixqe r-bcqeeo r-qvutc0\" dir=\"ltr\"><span class=\"css-901oao css-16my406 r-poiln3 r-bcqeeo r-qvutc0\">@LulaOficial<\/span><\/div>\n<\/div>\n<div class=\"css-1dbjc4n r-18u37iz r-1q142lx\">\n<div class=\"css-901oao r-14j79pv r-1q142lx r-1qd0xha r-a023e6 r-16dba41 r-rjixqe r-bcqeeo r-s1qlax r-qvutc0\" dir=\"auto\" aria-hidden=\"true\"><span class=\"css-901oao css-16my406 r-poiln3 r-bcqeeo r-qvutc0\">\u00b7<\/span><\/div>\n<p><a class=\"css-4rbku5 css-18t94o4 css-901oao r-1loqt21 r-1qd0xha r-a023e6 r-b88u0q r-rjixqe r-bcqeeo r-qvutc0\" dir=\"auto\" role=\"link\" href=\"https:\/\/twitter.com\/intent\/follow?ref_src=twsrc%5Etfw%7Ctwcamp%5Etweetembed%7Ctwterm%5E1584376594218463233%7Ctwgr%5E0a5524a4e68d65fb88f73fcfd0ab16019fb08533%7Ctwcon%5Es1_&amp;ref_url=https%3A%2F%2Fwww.brasil247.com%2Fmidia%2Fcampanha-de-lula-lanca-primeiro-video-em-que-cola-roberto-jefferson-em-bolsonaro-e-pede-fim-da-violencia&amp;screen_name=LulaOficial\" target=\"_blank\" rel=\"noopener noreferrer nofollow\"><span class=\"css-901oao css-16my406 r-poiln3 r-bcqeeo r-qvutc0\">Seguir<\/span><\/a><\/div>\n<\/div>\n<\/div>\n<\/div>\n<\/div>\n<div class=\"css-1dbjc4n r-1habvwh r-1wbh5a2\">\n<div class=\"css-1dbjc4n r-14g73ha r-1d4mawv r-1bymd8e r-1b94p3d\">\n<div class=\"css-1dbjc4n r-1adg3ll r-1udh08x\">\n<div class=\"r-1adg3ll r-13qz1uu\"><\/div>\n<div class=\"r-1p0dtai r-1pi2tsx r-1d2f490 r-u8s1d r-ipm5af r-13qz1uu\">\n<div class=\"css-1dbjc4n r-1mlwlqe r-1pi2tsx r-1udh08x r-13qz1uu r-417010\">\n<div class=\"css-1dbjc4n r-1niwhzg r-vvn4in r-u6sd8q r-4gszlv r-1p0dtai r-1pi2tsx r-1d2f490 r-u8s1d r-zchlnj r-ipm5af r-13qz1uu r-1wyyakw\"><\/div>\n<p><img class=\"css-9pa8cd\" draggable=\"false\" src=\"https:\/\/pbs.twimg.com\/semantic_core_img\/1215701493271031808\/y86urV1x?format=png&amp;name=orig\" alt=\"\" \/><\/div>\n<\/div>\n<\/div>\n<\/div>\n<div class=\"css-901oao css-bfa6kz r-14j79pv r-1qd0xha r-a023e6 r-16dba41 r-rjixqe r-bcqeeo r-qvutc0\" dir=\"auto\"><span class=\"css-901oao css-16my406 r-poiln3 r-bcqeeo r-qvutc0\">Candidato \u00e0 Presid\u00eancia do Brasil<\/span><\/div>\n<\/div>\n<\/div>\n<\/div>\n<div class=\"css-1dbjc4n\">\n<div class=\"css-901oao r-1dqbpge r-1qd0xha r-adyw6z r-16dba41 r-135wba7 r-bcqeeo r-bnwqim r-qvutc0\" dir=\"auto\" lang=\"pt\" data-testid=\"tweetText\"><span class=\"css-901oao css-16my406 r-poiln3 r-bcqeeo r-qvutc0\">\u00d3dio, viol\u00eancia e desrespeito \u00e0s leis. Roberto Jefferson n\u00e3o \u00e9 apenas criminoso e um dos principais aliados do nosso advers\u00e1rio: ele \u00e9 a cara do que Bolsonaro prega. <\/span><span class=\"r-18u37iz\"><a class=\"css-4rbku5 css-18t94o4 css-901oao css-16my406 r-1loqt21 r-poiln3 r-bcqeeo r-qvutc0\" dir=\"ltr\" role=\"link\" href=\"https:\/\/twitter.com\/hashtag\/EquipeLula?ref_src=twsrc%5Etfw%7Ctwcamp%5Etweetembed%7Ctwterm%5E1584376594218463233%7Ctwgr%5E0a5524a4e68d65fb88f73fcfd0ab16019fb08533%7Ctwcon%5Es1_&amp;ref_url=https%3A%2F%2Fwww.brasil247.com%2Fmidia%2Fcampanha-de-lula-lanca-primeiro-video-em-que-cola-roberto-jefferson-em-bolsonaro-e-pede-fim-da-violencia&amp;src=hashtag_click\" target=\"_blank\" rel=\"noopener noreferrer nofollow\">#EquipeLula<\/a><\/span><\/div>\n<\/div>\n<div class=\"css-1dbjc4n r-1ets6dv r-1q9bdsx r-1phboty r-rs99b7 r-1s2bzr4 r-1udh08x\">\n<div class=\"css-1dbjc4n r-1niwhzg r-1yadl64 r-109y4c4 r-1udh08x r-t60dpp r-u8s1d r-92ng3h\"><\/div>\n<div class=\"css-1dbjc4n r-1niwhzg r-1yadl64 r-109y4c4 r-1udh08x r-t60dpp r-u8s1d r-92ng3h\"><\/div>\n<div class=\"css-1dbjc4n r-1adg3ll r-1pi2tsx r-1udh08x r-bnwqim r-13qz1uu\">\n<div class=\"r-1p0dtai r-1pi2tsx r-1d2f490 r-u8s1d r-ipm5af r-13qz1uu\">\n<div>\n<div class=\"css-1dbjc4n r-1p0dtai r-1d2f490 r-u8s1d r-zchlnj r-ipm5af\">\n<div>\n<div class=\"css-1dbjc4n r-1awozwy r-1p0dtai r-1777fci r-1d2f490 r-1ny4l3l r-u8s1d r-zchlnj r-ipm5af\">\n<div class=\"css-1dbjc4n r-1p0dtai r-1mlwlqe r-1d2f490 r-1udh08x r-u8s1d r-zchlnj r-ipm5af r-417010\">\n<div class=\"css-1dbjc4n r-1niwhzg r-vvn4in r-u6sd8q r-4gszlv r-1p0dtai r-1pi2tsx r-1d2f490 r-u8s1d r-zchlnj r-ipm5af r-13qz1uu r-1wyyakw\"><\/div>\n<p><img class=\"css-9pa8cd\" draggable=\"false\" src=\"https:\/\/pbs.twimg.com\/amplify_video_thumb\/1584366814066540550\/img\/cgzWkhfjU3hDRZjg.jpg\" alt=\"\" \/><\/div>\n<div class=\"css-18t94o4 css-1dbjc4n r-l5o3uw r-11mg6pl r-sdzlij r-1phboty r-14f9gny r-e6wyp1 r-1ny4l3l r-o7ynqc r-6416eg r-1p15a4t\" tabindex=\"0\" role=\"button\" aria-label=\"Reproduzir V\u00eddeo. Dura\u00e7\u00e3o:   30 segundos. 616,6\u00a0mil visualiza\u00e7\u00f5es\">\n<div class=\"css-1dbjc4n r-1awozwy r-1pi2tsx r-1777fci r-u8s1d r-13qz1uu\"><\/div>\n<\/div>\n<\/div>\n<div><\/div>\n<\/div>\n<\/div>\n<div class=\"css-1dbjc4n r-u8s1d r-3mc0re r-1qd7xl\">\n<div class=\"css-901oao r-1awozwy r-jwli3a r-6koalj r-18u37iz r-16y2uox r-1qd0xha r-a023e6 r-b88u0q r-1777fci r-rjixqe r-bcqeeo r-q4m81j r-qvutc0\" dir=\"auto\"><span class=\"css-901oao css-16my406 css-bfa6kz r-poiln3 r-1b43r93 r-1cwl3u0 r-bcqeeo r-qvutc0\"><span class=\"css-901oao css-16my406 r-poiln3 r-bcqeeo r-qvutc0\">Assistir no Twitter<\/span><\/span><\/div>\n<\/div>\n<\/div>\n<\/div>\n<\/div>\n<\/div>\n<div class=\"css-1dbjc4n r-1awozwy r-18u37iz r-1bymd8e\">\n<div class=\"css-901oao css-bfa6kz r-1qd0xha r-a023e6 r-16dba41 r-rjixqe r-bcqeeo r-qvutc0\" dir=\"auto\"><span class=\"css-901oao css-16my406 r-14j79pv r-poiln3 r-bcqeeo r-qvutc0\"><a class=\"css-4rbku5 css-18t94o4 css-901oao css-16my406 r-14j79pv r-1loqt21 r-poiln3 r-bcqeeo r-qvutc0\" role=\"link\" href=\"https:\/\/twitter.com\/LulaOficial\/status\/1584376594218463233?ref_src=twsrc%5Etfw%7Ctwcamp%5Etweetembed%7Ctwterm%5E1584376594218463233%7Ctwgr%5E0a5524a4e68d65fb88f73fcfd0ab16019fb08533%7Ctwcon%5Es1_&amp;ref_url=https%3A%2F%2Fwww.brasil247.com%2Fmidia%2Fcampanha-de-lula-lanca-primeiro-video-em-que-cola-roberto-jefferson-em-bolsonaro-e-pede-fim-da-violencia\" target=\"_blank\" rel=\"noopener noreferrer nofollow\"><span class=\"css-901oao css-16my406 r-poiln3 r-bcqeeo r-qvutc0\">11:49 PM \u00b7 23 de out de 2022<\/span><\/a><\/span><\/div>\n<\/div>\n<div class=\"css-1dbjc4n r-1habvwh r-1ets6dv r-5kkj8d r-18u37iz r-14gqq1x r-1h8ys4a\">\n<div class=\"css-1dbjc4n r-sdzlij r-mabqd8 r-1777fci r-cnkkqs r-1yvhtrz\"><\/div>\n<div class=\"css-18t94o4 css-1dbjc4n r-1awozwy r-18u37iz r-1wbh5a2 r-1ny4l3l r-o7ynqc r-6416eg\" tabindex=\"0\" role=\"button\">\n<div class=\"css-901oao css-bfa6kz r-14j79pv r-1qd0xha r-1b43r93 r-b88u0q r-1cwl3u0 r-13hce6t r-bcqeeo r-qvutc0\" dir=\"auto\"><\/div>\n<\/div>\n<\/div>\n","protected":false},"excerpt":{"rendered":"<p>V\u00eddeo tem o mote \u201cChega de viol\u00eancia, chega de Bolsonaro\u201d, passou a ser distribu\u00eddo nas redes j\u00e1 na noite deste domingo (23) e vai entrar como inser\u00e7\u00e3o na TV. Assista A campanha do ex-presidente Lula j\u00e1 criou o primeiro programa em que cola a imagem do bandido Roberto Jefferson em Jair Bolsonaro, poucas horas depois [&hellip;]<\/p>\n","protected":false},"author":2,"featured_media":111218,"comment_status":"open","ping_status":"open","sticky":false,"template":"","format":"standard","meta":[],"categories":[75,105],"tags":[],"_links":{"self":[{"href":"https:\/\/www.blogdopaulonunes.com\/v5\/index.php\/wp-json\/wp\/v2\/posts\/111217"}],"collection":[{"href":"https:\/\/www.blogdopaulonunes.com\/v5\/index.php\/wp-json\/wp\/v2\/posts"}],"about":[{"href":"https:\/\/www.blogdopaulonunes.com\/v5\/index.php\/wp-json\/wp\/v2\/types\/post"}],"author":[{"embeddable":true,"href":"https:\/\/www.blogdopaulonunes.com\/v5\/index.php\/wp-json\/wp\/v2\/users\/2"}],"replies":[{"embeddable":true,"href":"https:\/\/www.blogdopaulonunes.com\/v5\/index.php\/wp-json\/wp\/v2\/comments?post=111217"}],"version-history":[{"count":1,"href":"https:\/\/www.blogdopaulonunes.com\/v5\/index.php\/wp-json\/wp\/v2\/posts\/111217\/revisions"}],"predecessor-version":[{"id":111219,"href":"https:\/\/www.blogdopaulonunes.com\/v5\/index.php\/wp-json\/wp\/v2\/posts\/111217\/revisions\/111219"}],"wp:featuredmedia":[{"embeddable":true,"href":"https:\/\/www.blogdopaulonunes.com\/v5\/index.php\/wp-json\/wp\/v2\/media\/111218"}],"wp:attachment":[{"href":"https:\/\/www.blogdopaulonunes.com\/v5\/index.php\/wp-json\/wp\/v2\/media?parent=111217"}],"wp:term":[{"taxonomy":"category","embeddable":true,"href":"https:\/\/www.blogdopaulonunes.com\/v5\/index.php\/wp-json\/wp\/v2\/categories?post=111217"},{"taxonomy":"post_tag","embeddable":true,"href":"https:\/\/www.blogdopaulonunes.com\/v5\/index.php\/wp-json\/wp\/v2\/tags?post=111217"}],"curies":[{"name":"wp","href":"https:\/\/api.w.org\/{rel}","templated":true}]}}