{"id":111211,"date":"2022-10-22T16:49:23","date_gmt":"2022-10-22T19:49:23","guid":{"rendered":"https:\/\/www.blogdopaulonunes.com\/v5\/?p=111211"},"modified":"2022-10-22T16:49:23","modified_gmt":"2022-10-22T19:49:23","slug":"governo-bolsonaro-corta-87-de-doacao-de-leite-a-familias-na-miseria-no-nordeste-e-mg","status":"publish","type":"post","link":"https:\/\/www.blogdopaulonunes.com\/v5\/index.php\/2022\/10\/22\/governo-bolsonaro-corta-87-de-doacao-de-leite-a-familias-na-miseria-no-nordeste-e-mg\/","title":{"rendered":"Governo Bolsonaro corta 87% de doa\u00e7\u00e3o de leite a fam\u00edlias na mis\u00e9ria no Nordeste e MG"},"content":{"rendered":"<div class=\"collection-standard-topoPage\">\n<div class=\"blog-header \" data-blogname=\"false\">\n<div class=\"blogger\">\n<div class=\"container\">\n<div class=\"row\">\n<div class=\"blogger-info \">\n<div class=\"blogger-info-box\"><\/div>\n<\/div>\n<\/div>\n<\/div>\n<\/div>\n<\/div>\n<section class=\"title-sponsor\" data-scroll=\"true\">\n<div class=\"container\">\n<div>\n<h4><\/h4>\n<div class=\"patrocinador \">\n<div class=\"ads-wrapper \"><\/div>\n<\/div>\n<\/div>\n<\/div>\n<\/section>\n<\/div>\n<div class=\"collection-standard\">\n<article class=\"article-image-content container article article-wrapper scroll-base clearfix collection-item collection-first-item\" data-loaded=\"true\" data-url=\"https:\/\/noticias.uol.com.br\/colunas\/carlos-madeiro\/2022\/10\/22\/governo-corta-87-de-doacao-de-leite-a-familias-na-miseria-em-nordeste-e-mg.htm\">\n<div class=\"\">\n<div class=\"row\">\n<div class=\"col-sm-24 col-md-16 col-lg-17 content-article\">\n<div class=\"row\">\n<div class=\"col-xs-8 col-sm-21 col-md-21\">\n<div class=\"image-content-pad\">\n<figure class=\"photo col-xs-8 col-sm-10 col-lg-11 representative crop-450x600 figure\" style=\"text-align: justify;\"><\/figure>\n<div class=\" author has-image\" data-src=\"mouseover\">\n<p><img class=\"img-author mask-circle\" src=\"https:\/\/conteudo.imguol.com.br\/0d\/2022\/02\/02\/carlos-madeiro-150-1643816038527_150x150.jpg\" \/><\/p>\n<div class=\"tooltip-container \">\n<div class=\"w-tooltip single\">\n<h5 class=\"open-tooltip\"><a title=\"Carlos Madeiro\" href=\"https:\/\/noticias.uol.com.br\/colunas\/carlos-madeiro\/\">Carlos Madeiro<\/a><\/h5>\n<\/div>\n<\/div>\n<\/div>\n<div class=\"text has-image \">\n<p style=\"text-align: justify;\">Uma das principais a\u00e7\u00f5es do governo federal no combate \u00e0 fome no interior nordestino e de Minas Gerais, a distribui\u00e7\u00e3o de leite \u00e0s fam\u00edlias em extrema pobreza pelo programa Alimenta Brasil (antigo PAA, Programa de Aquisi\u00e7\u00e3o de Alimentos) foi drasticamente reduzida em 2022. Entre janeiro e agosto, o total de litros distribu\u00eddos caiu 87% em compara\u00e7\u00e3o ao mesmo per\u00edodo do ano passado.<\/p>\n<p>A distribui\u00e7\u00e3o de leite dentro do programa Alimenta Brasil \u00e9 executada apenas no territ\u00f3rio da Sudene (Superintend\u00eancia do Desenvolvimento do Nordeste), que abrange os nove estados da regi\u00e3o Nordeste e o norte e nordeste de Minas Gerais.<\/p>\n<div class=\"slot-m\">\n<div class=\"related-content-hyperlink with-image\">\n<div class=\"related-content \" data-audience-print=\"{&quot;label&quot;:&quot;visualizado-3-chamadas&quot;,&quot;component&quot;:&quot;related-content-editorial&quot;}\" data-audience-print-url=\"noticias.uol.com.br\/colunas\/carlos-madeiro\/2022\/10\/22\/governo-corta-87-de-doacao-de-leite-a-familias-na-miseria-em-nordeste-e-mg.htm\" data-audience-print-visible=\"1666467401642\" data-audience-print-sent=\"true\">\n<div class=\"row\">\n<div class=\"thumbnail-standard col-xs-8 col-sm-8 alignmentSide\">\n<div class=\"row thumbnail-standard-wrapper\">\n<figure class=\"thumb-image col-xs-4 col-sm-24\">\n<div class=\"thumb-layer\"><img loading=\"lazy\" class=\" loaded\" src=\"https:\/\/conteudo.imguol.com.br\/c\/noticias\/12\/2022\/09\/13\/angela-gomes-42-mora-com-11-filhos-uma-neta-e-a-mae-uma-netinha-em-uma-casa-de-dois-comodos-na-comunidade-jardim-odete-em-itaquaquecetuba-na-grande-sao-paulo-1663099289819_v2_300x225.jpg.webp\" alt=\"\" width=\"300\" height=\"225\" data-src=\"https:\/\/conteudo.imguol.com.br\/c\/noticias\/12\/2022\/09\/13\/angela-gomes-42-mora-com-11-filhos-uma-neta-e-a-mae-uma-netinha-em-uma-casa-de-dois-comodos-na-comunidade-jardim-odete-em-itaquaquecetuba-na-grande-sao-paulo-1663099289819_v2_300x225.jpg.webp\" data-crop=\"{&quot;xs&quot;:&quot;150x112&quot;,&quot;sm&quot;:&quot;300x225&quot;}\" data-crazyload=\"loaded\" \/><\/div>\n<\/figure>\n<div class=\"thumb-caption col-xs-6 col-sm-24\">\n<h3 class=\"thumb-title \">Fome no pa\u00eds \u00e9 maior em lares com crian\u00e7as abaixo de 10 anos, diz pesquisa<\/h3>\n<\/div>\n<\/div>\n<\/div>\n<div class=\"thumbnail-standard col-xs-8 col-sm-8 alignmentSide\">\n<div class=\"row thumbnail-standard-wrapper\">\n<figure class=\"thumb-image col-xs-4 col-sm-24\">\n<div class=\"thumb-layer\"><img loading=\"lazy\" class=\" loaded\" src=\"https:\/\/conteudo.imguol.com.br\/c\/noticias\/39\/2022\/09\/09\/merenda-servida-nesta-sexta-na-escola-francisca-mendes-guimaraes-em-nova-fatima-ba-1662734212435_v2_300x225.jpg.webp\" alt=\"\" width=\"300\" height=\"225\" data-src=\"https:\/\/conteudo.imguol.com.br\/c\/noticias\/39\/2022\/09\/09\/merenda-servida-nesta-sexta-na-escola-francisca-mendes-guimaraes-em-nova-fatima-ba-1662734212435_v2_300x225.jpg.webp\" data-crop=\"{&quot;xs&quot;:&quot;150x112&quot;,&quot;sm&quot;:&quot;300x225&quot;}\" data-crazyload=\"loaded\" \/><\/div>\n<\/figure>\n<div class=\"thumb-caption col-xs-6 col-sm-24\">\n<h3 class=\"thumb-title \">Sem reajuste h\u00e1 5 anos, merenda vira bolacha e suco em cidades pobres<\/h3>\n<\/div>\n<\/div>\n<\/div>\n<div class=\"thumbnail-standard col-xs-8 col-sm-8 alignmentSide\">\n<div class=\"row thumbnail-standard-wrapper\">\n<figure class=\"thumb-image col-xs-4 col-sm-24\">\n<div class=\"thumb-layer\"><img loading=\"lazy\" class=\" loaded\" src=\"https:\/\/conteudo.imguol.com.br\/c\/noticias\/08\/2022\/09\/23\/daniela-bras-dos-santos-cuida-de-sua-plantacao-em-flores-pe-1663946600872_v2_300x225.jpg.webp\" alt=\"\" width=\"300\" height=\"225\" data-src=\"https:\/\/conteudo.imguol.com.br\/c\/noticias\/08\/2022\/09\/23\/daniela-bras-dos-santos-cuida-de-sua-plantacao-em-flores-pe-1663946600872_v2_300x225.jpg.webp\" data-crop=\"{&quot;xs&quot;:&quot;150x112&quot;,&quot;sm&quot;:&quot;300x225&quot;}\" data-crazyload=\"loaded\" \/><\/div>\n<\/figure>\n<div class=\"thumb-caption col-xs-6 col-sm-24\">\n<h3 class=\"thumb-title \">Aux\u00edlio a agricultor pobre atende s\u00f3 1% da promessa e deixa fam\u00edlias na m\u00e3o<\/h3>\n<\/div>\n<\/div>\n<\/div>\n<\/div>\n<\/div>\n<\/div>\n<\/div>\n<p style=\"text-align: justify;\">A escolha dessa \u00e1rea ocorre pelo maior grau de inseguran\u00e7a alimentar. \u00c9 na regi\u00e3o da Sudene que est\u00e3o 11 milh\u00f5es \u2014ou seja, mais da metade\u2014 dos 20 milh\u00f5es de fam\u00edlias que recebem o\u00a0<a href=\"https:\/\/economia.uol.com.br\/auxilio-brasil\/\">Aux\u00edlio Brasil<\/a>.<\/p>\n<p style=\"text-align: justify;\">O programa do leite, como \u00e9 conhecido, \u00e9 tradicional no Nordeste h\u00e1 pelo menos duas d\u00e9cadas e, segundo gestores, enfrenta hoje o seu maior desfinanciamento federal e a menor quantidade distribu\u00edda.<\/p>\n<p><!--more--><\/p>\n<p style=\"text-align: justify;\">Em agosto deste ano, por exemplo, apenas 54 produtores venderam ao governo um total de 236 mil litros de leite. Para efeito de compara\u00e7\u00e3o, em outubro de 2021, eram 4.443 produtores leiteiros que venderam 5,9 milh\u00f5es de litros de leite. Em janeiro deste ano, nenhum litro de leite foi comprado.<\/p>\n<p style=\"text-align: justify;\">Entre 2011 e 2012, quando o programa atingiu o \u00e1pice, 28 mil produtores vendiam leite ao governo federal. Procurado pelo\u00a0<strong>UOL<\/strong>, o Minist\u00e9rio da Cidadania n\u00e3o comentou os cortes.<\/p>\n<p>&nbsp;<\/p>\n<div class=\"flourish-embed\" data-src=\"visualisation\/11546556?2\" data-url=\"https:\/\/flo.uri.sh\/visualisation\/11546556\/embed\"><iframe title=\"Interactive or visual content\" src=\"https:\/\/flo.uri.sh\/visualisation\/11546556\/embed?auto=1\" frameborder=\"0\" scrolling=\"no\" sandbox=\"allow-same-origin allow-forms allow-scripts allow-downloads allow-popups allow-popups-to-escape-sandbox allow-top-navigation-by-user-activation\" data-mce-fragment=\"1\"><\/iframe><\/div>\n<p>&nbsp;<\/p>\n<p style=\"text-align: justify;\">A queda fica clara quando vemos o or\u00e7amento investido: neste ano, at\u00e9 agosto, foram apenas R$ 7.453.265,22. O valor \u00e9 menor, por exemplo, que o gasto em novembro de 2021, quando foram investidos R$ 13.192.481,34.<\/p>\n<p style=\"text-align: justify;\">Os dados completos de valores pagos, litros comprados e produtores beneficiados pode ser conferido no site do Minist\u00e9rio da Cidadania (<a href=\"https:\/\/aplicacoes.cidadania.gov.br\/vis\/data3\/v.php?q[]=oNOhlMHqwJOsuqSe9XGDymipx92g5m9jj6x6ZG11ZWu0a32AaVqHmWCabq%2FTtIBkd66WpuyeiLSYmcrGbqWjlMnusm93u6qnnK%2BGgWhovcKf3aJuw9y5p6GDcKDapcCzcmjK1qCNs2yQrYianbSon7SfrrqqkpKcmcuppsK2iKextbF74Ku2sayZy9Clz7BTw9y6naixlqzerG20pp%2FFxpbPoaLP4MBUoLdViuuotMCYmriBdNamoMLpwZVciqeb7KK5cYmSutal3aymfeG2op22mJ%2Fiq7zBV524yKLdXZTM7m2Vo7qene6lwb2pksqBmcuqnMnkrqahu1Wg6Ku7s5qSu9Clz7BTwepthK63nKzapq5ueJnAzpjYsZR9vb%2BVr7GhXcqurryrlrvCl89dl8KbuZ2wuqStmZ2ybqOSwNWYip6XzvC2pqWspK31qYg%3D\" target=\"_blank\" rel=\"noopener\">veja aqui<\/a>).<\/p>\n<h2>Crit\u00e9rios<\/h2>\n<p style=\"text-align: justify;\">Segundo o Minist\u00e9rio da Cidadania, deveriam receber leite as fam\u00edlias registradas no\u00a0<a href=\"https:\/\/economia.uol.com.br\/guia-de-economia\/cadastro-unico-o-que-e-para-que-serve-como-se-cadastrar-como-consultar.htm\">Cadastro \u00danico<\/a>, com prioridade \u00e0quelas que recebem o Aux\u00edlio Brasil. Cada fam\u00edlia tem direito de receber at\u00e9 sete litros de leite por semana.<\/p>\n<p style=\"text-align: justify;\">O n\u00famero de fam\u00edlias beneficiadas ao longo do programa n\u00e3o \u00e9 informado j\u00e1 que ele funciona de forma tripartite: os estados assinam conv\u00eanio com o Minist\u00e9rio da Cidadania e repassam os valores dispon\u00edveis para as f\u00e1bricas ou cooperativas leiteiras que fazem a pasteuriza\u00e7\u00e3o do produto.<\/p>\n<p style=\"text-align: justify;\">Assim, cada munic\u00edpio adota sua estrat\u00e9gia e pode aumentar ou diminuir a oferta, de acordo com a quantidade recebida.<\/p>\n<p style=\"text-align: justify;\">Segundo dados do Cadastro \u00danico do governo federal, existem hoje somente no Nordeste 9,8 milh\u00f5es de fam\u00edlias em extrema pobreza, ou seja, com renda per capita (por pessoa) de at\u00e9 R$ 105. Todas estariam aptas para receber o benef\u00edcio.<\/p>\n<p style=\"text-align: justify;\">Al\u00e9m de apoiar fam\u00edlias pobres, o programa \u00e9 tamb\u00e9m importante para pequenos pecuaristas da regi\u00e3o, que, ao vender sua produ\u00e7\u00e3o ao governo, conseguem ter uma renda fixa.<\/p>\n<p>O valor do litro de leite pago ao produtor \u00e9 calculado de acordo com a m\u00e9dia de pre\u00e7os praticados pelo mercado local. Em m\u00e9dia, o litro est\u00e1 sendo comprado a R$ 2.<\/p>\n<p style=\"text-align: justify;\">A queda tamb\u00e9m atinge os latic\u00ednios, j\u00e1 que cerca de 40% do or\u00e7amento \u00e9 destinado ao pagamento do processo de pasteuriza\u00e7\u00e3o do leite \u2014que pode ser feito pelas pr\u00f3prias cooperativas dos agricultores familiares ou latic\u00ednios privados.<\/p>\n<div class=\"photoembed-wrapper\">\n<figure class=\"photo photo-embed no-gutter col-sm-24 crop-750x421 limit-crop figure\" data-format=\"horizontal\">\n<div class=\"image bg\">\n<div class=\"placeholder\">\n<div class=\"pinit-wraper\"><img loading=\"lazy\" class=\"pinit-img loaded\" src=\"https:\/\/conteudo.imguol.com.br\/c\/noticias\/9c\/2022\/10\/21\/programa-do-leite-com-embalagem-e-logotipo-ainda-do-pt-na-primeira-decada-de-2000-1666387788596_v2_750x421.jpg.webp\" alt=\"Programa do Leite com embalagem e logotipo ainda do PT, na primeira d\u00e9cada de 2000 - Arquivo\/Governo de Alagoas - Arquivo\/Governo de Alagoas\" width=\"750\" height=\"421\" data-src=\"https:\/\/conteudo.imguol.com.br\/c\/noticias\/9c\/2022\/10\/21\/programa-do-leite-com-embalagem-e-logotipo-ainda-do-pt-na-primeira-decada-de-2000-1666387788596_v2_750x421.jpg.webp\" data-crop=\"{&quot;xs&quot;:&quot;450x253&quot;,&quot;sm&quot;:&quot;750x421&quot;,&quot;md&quot;:&quot;600x337&quot;,&quot;lg&quot;:&quot;750x421&quot;}\" data-crazyload=\"loaded\" \/><\/div>\n<div class=\"slot-a\"><\/div>\n<\/div>\n<\/div><figcaption class=\"container bottom-title\">\n<div style=\"text-align: justify;\">Programa do Leite com embalagem e logotipo ainda do governo do PT, na primeira d\u00e9cada de 2000<\/div>\n<p>Imagem: Arquivo\/Governo de Alagoas<\/p>\n<\/figcaption><\/figure>\n<\/div>\n<h2>Cortes e fome<\/h2>\n<p style=\"text-align: justify;\">Para se adequar aos cortes, prefeituras e estados reduziram o n\u00famero de fam\u00edlias ou de volume distribu\u00eddo e at\u00e9 mesmo pararam de fornecer o alimento neste ano, como no Cear\u00e1. Com isso, n\u00e3o s\u00f3 fam\u00edlias foram afetadas. A merenda e at\u00e9 hospitais foram prejudicados.<\/p>\n<p style=\"text-align: justify;\">A coluna conversou com gestores e fam\u00edlias na pobreza, que relataram o drama vivido sem o leite.<\/p>\n<p style=\"text-align: justify;\">&#8220;Era uma distribui\u00e7\u00e3o muito importante para v\u00e1rias fam\u00edlias que necessitam do poder p\u00fablico. A gente aqui distribu\u00eda tamb\u00e9m \u00e0s escolas para merenda e ao hospital&#8221;, conta Benedito de Paulo Neto, secret\u00e1rio de Agricultura do munic\u00edpio de Mucambo (CE).<\/p>\n<p>Segundo ele, a suspens\u00e3o come\u00e7ou em fevereiro deste ano. &#8220;A gente usava o leite na merenda j\u00e1 para fazer um composto, como uma vitamina. Agora n\u00e3o temos mais e n\u00e3o sabemos quando vai voltar&#8221;, diz.<\/p>\n<div class=\"photoembed-wrapper\">\n<figure class=\"photo photo-embed no-gutter col-sm-24 crop-750x421 limit-crop figure\" data-format=\"horizontal\">\n<div class=\"image bg\">\n<div class=\"placeholder\">\n<div class=\"pinit-wraper\"><img loading=\"lazy\" class=\"pinit-img loaded\" src=\"https:\/\/conteudo.imguol.com.br\/c\/noticias\/9a\/2022\/10\/21\/comunicado-da-prefeitura-de-mucambo-no-ceara-publicado-em-fevereiro-1666384974395_v2_750x421.jpg.webp\" alt=\"Comunicado da prefeitura de Mucambo, no Cear\u00e1, publicado em fevereiro - Reprodu\u00e7\u00e3o - Reprodu\u00e7\u00e3o\" width=\"750\" height=\"421\" data-src=\"https:\/\/conteudo.imguol.com.br\/c\/noticias\/9a\/2022\/10\/21\/comunicado-da-prefeitura-de-mucambo-no-ceara-publicado-em-fevereiro-1666384974395_v2_750x421.jpg.webp\" data-crop=\"{&quot;xs&quot;:&quot;450x253&quot;,&quot;sm&quot;:&quot;750x421&quot;,&quot;md&quot;:&quot;600x337&quot;,&quot;lg&quot;:&quot;750x421&quot;}\" data-crazyload=\"loaded\" \/><\/div>\n<div class=\"slot-a\"><\/div>\n<\/div>\n<\/div><figcaption class=\"container bottom-title\">\n<div>Comunicado da Prefeitura de Mucambo, no Cear\u00e1, publicado em fevereiro<\/div>\n<p>Imagem: Reprodu\u00e7\u00e3o<\/p>\n<\/figcaption><\/figure>\n<\/div>\n<p style=\"text-align: justify;\">Em Santa Quit\u00e9ria (CE), a situa\u00e7\u00e3o \u00e9 similar. &#8220;\u00c9 um grande preju\u00edzo \u00e0s fam\u00edlias mais vulner\u00e1veis e que j\u00e1 se encontram em situa\u00e7\u00e3o de inseguran\u00e7a alimentar. Perdemos um programa que minimizava essa inseguran\u00e7a&#8221;, afirma a secret\u00e1ria municipal de Prote\u00e7\u00e3o Social, Rayana Bendor. O munic\u00edpio recebia entre 2.800 a 3.000 litros de leite por m\u00eas, beneficiando 750 fam\u00edlias por semana.<\/p>\n<p>O governo do Cear\u00e1 alegou que n\u00e3o recebeu, at\u00e9 setembro, nenhum repasse federal, mesmo com conv\u00eanio assinado, e apenas executou o programa em janeiro e fevereiro por resto de recursos do ano de 2021.<\/p>\n<p style=\"text-align: justify;\">Segundo Mallon Arag\u00e3o, secret\u00e1rio de Agricultura de Itaquitinga (PE), o corte neste ano fez com que o munic\u00edpio cortasse fam\u00edlias. &#8220;A gente distribui 120 litros para as fam\u00edlias por dia. Agora estamos dando a apenas cem&#8221;, conta.<\/p>\n<p style=\"text-align: justify;\">Al\u00e9m disso, foi feito um racionamento. Em vez de sete, as fam\u00edlias est\u00e3o recebendo seis litros semanais \u2014as entregas ocorrem duas vezes por semana, \u00e0s ter\u00e7as e sextas-feiras.<\/p>\n<p style=\"text-align: justify;\">&#8220;\u00c9 uma contradi\u00e7\u00e3o porque n\u00f3s estamos com a pobreza aumentando e estamos precisando mais ainda do leite. Como n\u00e3o temos, atendemos 100 num universo de mais de 3.000 fam\u00edlias no Cadastro \u00danico, ou seja, quase nada&#8221;, diz.<\/p>\n<div class=\"photoembed-wrapper\">\n<figure class=\"photo photo-embed no-gutter col-sm-12 col-md-13 col-lg-11 crop-450x600 limit-crop figure\" data-format=\"vertical\">\n<div class=\"image bg\">\n<div class=\"placeholder\">\n<div class=\"pinit-wraper\"><img loading=\"lazy\" class=\"pinit-img loaded\" src=\"https:\/\/conteudo.imguol.com.br\/c\/noticias\/7a\/2022\/10\/21\/emanuele-rosa-dos-santos-22-e-o-irmao-de-dois-anos-recebem-tres-litros-de-leite-em-itaquitinga-pe-1666386732116_v2_450x600.jpg.webp\" alt=\"Emanuele Rosa dos Santos, 22, e o irm\u00e3o de dois anos recebem tr\u00eas litros de leite em Itaquitinga (PE) - Arquivo pessoal - Arquivo pessoal\" width=\"450\" height=\"600\" data-src=\"https:\/\/conteudo.imguol.com.br\/c\/noticias\/7a\/2022\/10\/21\/emanuele-rosa-dos-santos-22-e-o-irmao-de-dois-anos-recebem-tres-litros-de-leite-em-itaquitinga-pe-1666386732116_v2_450x600.jpg.webp\" data-crop=\"{&quot;xs&quot;:&quot;300x400&quot;,&quot;lg&quot;:&quot;450x600&quot;}\" data-crazyload=\"loaded\" \/><\/div>\n<div class=\"slot-a\"><\/div>\n<\/div>\n<\/div><figcaption class=\"container bottom-title\">\n<div>Emanuele Rosa dos Santos e o irm\u00e3o de dois anos recebem tr\u00eas litros de leite em Itaquitinga (PE)<\/div>\n<p>Imagem: Arquivo pessoal<\/p>\n<\/figcaption><\/figure>\n<\/div>\n<p style=\"text-align: justify;\">Emanuele Rosa dos Santos, 22, mora no distrito Ch\u00e3o de Sap\u00e9 (PE) e \u00e9 a respons\u00e1vel da fam\u00edlia para pegar os litros de leite durante a semana.<\/p>\n<p style=\"text-align: justify;\">&#8220;Eu moro na zona rural com os meus pais e meu irm\u00e3o de 2 anos. N\u00e3o temos renda, ningu\u00e9m conseguiu receber o Aux\u00edlio Brasil e vivemos das doa\u00e7\u00f5es do que plantamos no terreninho que temos&#8221;, diz.<\/p>\n<p style=\"text-align: justify;\">&#8220;Esse leite \u00e9 fundamental, principalmente para o meu irm\u00e3o. A redu\u00e7\u00e3o [um litro a menos por semana] foi ruim porque todos aqui bebem desse leite&#8221;, completa.<\/p>\n<h2>Menos leite para manter fam\u00edlias<\/h2>\n<p style=\"text-align: justify;\">Em Alagoas,\u00a0<a href=\"https:\/\/www1.folha.uol.com.br\/cotidiano\/2022\/09\/alagoas-e-estado-onde-maior-parcela-da-populacao-passa-fome-no-brasil-diz-pesquisa.shtml\">estado com maior percentual de pessoas com fome do pa\u00eds<\/a>, o governo do estado decidiu aumentar o investimento no programa e manter as 100 mil fam\u00edlias que recebem quatro litros de leite semanalmente. &#8220;A gente mant\u00e9m o programa, como sempre fez, mas quem est\u00e1 bancando \u00e9 o governo local&#8221;, diz a coordenadora estadual do Programa do Leite, Thais Carvalho.<\/p>\n<p style=\"text-align: justify;\">&#8220;A gente n\u00e3o quer deixar as fam\u00edlias que precisam sem receber o leite porque sabemos da import\u00e2ncia. Mas, se a gente tivesse um recurso maior, atenderia muito mais gente&#8221;, conta.<\/p>\n<h2>Or\u00e7amento repassado por meio de conv\u00eanio para Alagoas:<\/h2>\n<p><strong>2022<\/strong><\/p>\n<ul>\n<li>Desembolso do estado &#8211; R$ 53.626.971,74<\/li>\n<li>Repasse federal &#8211; R$ 6.948.996,89<\/li>\n<\/ul>\n<p><strong>2021<\/strong><\/p>\n<ul>\n<li>Desembolso do estado &#8211; R$ 10.774.945,73<\/li>\n<li>Repasse federal &#8211; R$ 35.319.974,17<\/li>\n<\/ul>\n<p style=\"text-align: justify;\">Somente em Alagoas existem 543 mil fam\u00edlias em extrema pobreza, segundo o Cadastro \u00danico.<\/p>\n<p style=\"text-align: justify;\">&#8220;Com o valor que recebemos, n\u00e3o tem como abra\u00e7ar a todos os que precisam. Tivemos de botar limite em quatro litros para tentar beneficiar mais fam\u00edlias.&#8221;<\/p>\n<div class=\"photoembed-wrapper\">\n<figure class=\"photo photo-embed no-gutter col-sm-24 crop-750x1 limit-crop figure\" data-format=\"horizontal\">\n<div class=\"image bg\">\n<div class=\"placeholder\">\n<div class=\"pinit-wraper\"><img loading=\"lazy\" class=\"pinit-img loaded\" src=\"https:\/\/conteudo.imguol.com.br\/c\/noticias\/70\/2022\/10\/21\/programa-do-leite-em-alagoas-foi-mantido-com-recursos-proprios-1666387149135_v2_750x1.jpg.webp\" alt=\"Programa do Leite em Alagoas foi mantido com recursos pr\u00f3prios - Divulga\u00e7\u00e3o\/Governo de Alagoas - Divulga\u00e7\u00e3o\/Governo de Alagoas\" width=\"750\" height=\"1\" data-src=\"https:\/\/conteudo.imguol.com.br\/c\/noticias\/70\/2022\/10\/21\/programa-do-leite-em-alagoas-foi-mantido-com-recursos-proprios-1666387149135_v2_750x1.jpg.webp\" data-crop=\"{&quot;xs&quot;:&quot;450x1&quot;,&quot;sm&quot;:&quot;750x1&quot;,&quot;md&quot;:&quot;750x1&quot;,&quot;lg&quot;:&quot;750x1&quot;}\" data-crazyload=\"loaded\" \/><\/div>\n<div class=\"slot-a\"><\/div>\n<\/div>\n<\/div><figcaption class=\"container bottom-title\">\n<div>Programa do Leite em Alagoas foi mantido com recursos estaduais<\/div>\n<p>Imagem: Divulga\u00e7\u00e3o\/Governo de Alagoas<\/p>\n<\/figcaption><\/figure>\n<\/div>\n<p style=\"text-align: justify;\">Para Kiko Afonso, diretor-executivo da ONG A\u00e7\u00e3o da Cidadania, a redu\u00e7\u00e3o na compra de leite \u00e9 &#8220;assustadora&#8221; e revela como o governo tem deixado de lado programas de seguran\u00e7a alimentar de locais com mais fam\u00edlias vulner\u00e1veis.<\/p>\n<p style=\"text-align: justify;\">&#8220;Isso est\u00e1 ligado \u00e0 vis\u00e3o de gasto essencial do governo, que \u00e9 vencer a elei\u00e7\u00e3o a qualquer custo, mesmo que isso signifique tirar leite das crian\u00e7as&#8221;, afirma.<\/p>\n<p style=\"text-align: justify;\">Ele lembra que o leite \u00e9 um dos principais componentes alimentares das crian\u00e7as, e a redu\u00e7\u00e3o no momento em que pa\u00eds tem recorde de pessoas com fome no s\u00e9culo \u00e9 um contrassenso.<\/p>\n<p style=\"text-align: justify;\">&#8220;Voc\u00ea nota que tem m\u00eas [janeiro] que isso chega a zero. Isso \u00e9 completamente absurdo, somando a problemas como o congelamento do repasse da merenda e corte nos programas de aux\u00edlio de entrega alimenta as fam\u00edlias. Isso aumenta a fome das pessoas&#8221;, avalia.<\/p>\n<p style=\"text-align: justify;\"><cite>Os produtores j\u00e1 vinham sofrendo com os cortes em um modelo de precariza\u00e7\u00e3o ainda do PAA. A\u00ed mudou-se o nome e reduziu-se ainda mais o recurso. Isso fora o governo ter vetado a ajuda aos pequenos produtores durante a fase mais aguda da covid.&#8221;<\/cite><strong>Kiko Afonso, da A\u00e7\u00e3o da Cidadania<\/strong><\/p>\n<\/div>\n<\/div>\n<\/div>\n<\/div>\n<\/div>\n<\/div>\n<\/div>\n<\/article>\n<\/div>\n","protected":false},"excerpt":{"rendered":"<p>Carlos Madeiro Uma das principais a\u00e7\u00f5es do governo federal no combate \u00e0 fome no interior nordestino e de Minas Gerais, a distribui\u00e7\u00e3o de leite \u00e0s fam\u00edlias em extrema pobreza pelo programa Alimenta Brasil (antigo PAA, Programa de Aquisi\u00e7\u00e3o de Alimentos) foi drasticamente reduzida em 2022. Entre janeiro e agosto, o total de litros distribu\u00eddos caiu [&hellip;]<\/p>\n","protected":false},"author":2,"featured_media":111212,"comment_status":"open","ping_status":"open","sticky":false,"template":"","format":"standard","meta":[],"categories":[113,72],"tags":[],"_links":{"self":[{"href":"https:\/\/www.blogdopaulonunes.com\/v5\/index.php\/wp-json\/wp\/v2\/posts\/111211"}],"collection":[{"href":"https:\/\/www.blogdopaulonunes.com\/v5\/index.php\/wp-json\/wp\/v2\/posts"}],"about":[{"href":"https:\/\/www.blogdopaulonunes.com\/v5\/index.php\/wp-json\/wp\/v2\/types\/post"}],"author":[{"embeddable":true,"href":"https:\/\/www.blogdopaulonunes.com\/v5\/index.php\/wp-json\/wp\/v2\/users\/2"}],"replies":[{"embeddable":true,"href":"https:\/\/www.blogdopaulonunes.com\/v5\/index.php\/wp-json\/wp\/v2\/comments?post=111211"}],"version-history":[{"count":1,"href":"https:\/\/www.blogdopaulonunes.com\/v5\/index.php\/wp-json\/wp\/v2\/posts\/111211\/revisions"}],"predecessor-version":[{"id":111213,"href":"https:\/\/www.blogdopaulonunes.com\/v5\/index.php\/wp-json\/wp\/v2\/posts\/111211\/revisions\/111213"}],"wp:featuredmedia":[{"embeddable":true,"href":"https:\/\/www.blogdopaulonunes.com\/v5\/index.php\/wp-json\/wp\/v2\/media\/111212"}],"wp:attachment":[{"href":"https:\/\/www.blogdopaulonunes.com\/v5\/index.php\/wp-json\/wp\/v2\/media?parent=111211"}],"wp:term":[{"taxonomy":"category","embeddable":true,"href":"https:\/\/www.blogdopaulonunes.com\/v5\/index.php\/wp-json\/wp\/v2\/categories?post=111211"},{"taxonomy":"post_tag","embeddable":true,"href":"https:\/\/www.blogdopaulonunes.com\/v5\/index.php\/wp-json\/wp\/v2\/tags?post=111211"}],"curies":[{"name":"wp","href":"https:\/\/api.w.org\/{rel}","templated":true}]}}