{"id":111202,"date":"2022-10-22T01:51:25","date_gmt":"2022-10-22T04:51:25","guid":{"rendered":"https:\/\/www.blogdopaulonunes.com\/v5\/?p=111202"},"modified":"2022-10-22T02:26:40","modified_gmt":"2022-10-22T05:26:40","slug":"zema-nao-consegue-reunir-prefeitos-no-norte-de-minas-e-irrita-bolsonaro","status":"publish","type":"post","link":"https:\/\/www.blogdopaulonunes.com\/v5\/index.php\/2022\/10\/22\/zema-nao-consegue-reunir-prefeitos-no-norte-de-minas-e-irrita-bolsonaro\/","title":{"rendered":"Zema n\u00e3o consegue reunir prefeitos no Norte de Minas e irrita Bolsonaro"},"content":{"rendered":"<p style=\"text-align: justify;\"><strong>Bolsonaro incubiu Zema de reunir n\u00famero expressivo de prefeitos da regi\u00e3o. Da grande maioria, ouviu que que n\u00e3o iriam se encontrar com o cocupante do Planalto<\/strong><\/p>\n<p style=\"text-align: justify;\">Bolsonaro (PL) est\u00e1 irritado com o governador de Minas Gerais, Romeu Zema. Precisando virar mais de 6 milh\u00f5es de votos de diferen\u00e7a para o ex-presidente candidato Luiz In\u00e1cio Lula da Silva (PL) no segundo turno, Bolsonaro tem depositado seu futuro nas m\u00e3os do governador mineiro.<iframe width=\"1\" height=\"1\" frameborder=\"0\" scrolling=\"no\" data-mce-fragment=\"1\"><\/iframe>Por\u00e9m, Zema falhou na primeira miss\u00e3o dada a ele por Bolsonaro: reunir um n\u00famero expressivo de prefeitos do norte de Minas para um encontro com Bolsonaro em Montes Claros na quarta-feira (19), e o governador falhou.<\/p>\n<div class=\"article__text marginTop30\">\n<p style=\"text-align: justify;\">Segundo o colunista Lauro Jardim, do Globo, Zema ent\u00e3o iniciou uma s\u00e9rie de telefonemas e chegou a gravar um v\u00eddeo convocando os prefeitos para o encontro. &#8220;O esfor\u00e7o foi em v\u00e3o. Pelo telefone, prefeitos relataram que n\u00e3o teriam como atender o governador sob o risco de comprometerem sua reelei\u00e7\u00e3o daqui a dois anos, uma vez que Lula mant\u00e9m forte influ\u00eancia nos seus munic\u00edpios&#8221;, relatou o jornalista.<\/p>\n<p style=\"text-align: justify;\">&#8220;Ao se deparar com um audit\u00f3rio esvaziado, Bolsonaro n\u00e3o escondeu a irrita\u00e7\u00e3o e deixou o en:contro no norte de Minas sem cumprir a previs\u00e3o de falar com a imprensa&#8221;, acrescentou Lauro Jardim. Confira imagens do encontro de Bolsonaro com prefeitos<\/p>\n<div id=\"taboola-mid-article-leia-mais\" class=\" trc_related_container trc_spotlight_widget trc_elastic trc_elastic_organic-mid-article-mp \" data-placement-name=\"Mid Article Leia Mais\">\n<div class=\"trc_rbox_container\">\n<div>\n<div id=\"trc_wrapper_6266\" class=\"trc_rbox organic-mid-article-mp trc-content-organic \">\n<div class=\"trc_clearer\" style=\"text-align: justify;\"><\/div>\n<\/div>\n<\/div>\n<\/div>\n<\/div>\n<div class=\"embed-block\">\n<div class=\"twitter-tweet twitter-tweet-rendered\"><iframe id=\"twitter-widget-0\" class=\"\" title=\"Twitter Tweet\" src=\"https:\/\/platform.twitter.com\/embed\/Tweet.html?creatorScreenName=brasil247&amp;dnt=false&amp;embedId=twitter-widget-0&amp;features=eyJ0ZndfdGltZWxpbmVfbGlzdCI6eyJidWNrZXQiOlsibGlua3RyLmVlIiwidHIuZWUiLCJ0ZXJyYS5jb20uYnIiLCJ3d3cubGlua3RyLmVlIiwid3d3LnRyLmVlIiwid3d3LnRlcnJhLmNvbS5iciJdLCJ2ZXJzaW9uIjpudWxsfSwidGZ3X2hvcml6b25fdGltZWxpbmVfMTIwMzQiOnsiYnVja2V0IjoidHJlYXRtZW50IiwidmVyc2lvbiI6bnVsbH0sInRmd190d2VldF9lZGl0X2JhY2tlbmQiOnsiYnVja2V0Ijoib24iLCJ2ZXJzaW9uIjpudWxsfSwidGZ3X3JlZnNyY19zZXNzaW9uIjp7ImJ1Y2tldCI6Im9uIiwidmVyc2lvbiI6bnVsbH0sInRmd19jaGluX3BpbGxzXzE0NzQxIjp7ImJ1Y2tldCI6ImNvbG9yX2ljb25zIiwidmVyc2lvbiI6bnVsbH0sInRmd190d2VldF9yZXN1bHRfbWlncmF0aW9uXzEzOTc5Ijp7ImJ1Y2tldCI6InR3ZWV0X3Jlc3VsdCIsInZlcnNpb24iOm51bGx9LCJ0Zndfc2Vuc2l0aXZlX21lZGlhX2ludGVyc3RpdGlhbF8xMzk2MyI6eyJidWNrZXQiOiJpbnRlcnN0aXRpYWwiLCJ2ZXJzaW9uIjpudWxsfSwidGZ3X2V4cGVyaW1lbnRzX2Nvb2tpZV9leHBpcmF0aW9uIjp7ImJ1Y2tldCI6MTIwOTYwMCwidmVyc2lvbiI6bnVsbH0sInRmd19kdXBsaWNhdGVfc2NyaWJlc190b19zZXR0aW5ncyI6eyJidWNrZXQiOiJvbiIsInZlcnNpb24iOm51bGx9LCJ0ZndfdmlkZW9faGxzX2R5bmFtaWNfbWFuaWZlc3RzXzE1MDgyIjp7ImJ1Y2tldCI6InRydWVfYml0cmF0ZSIsInZlcnNpb24iOm51bGx9LCJ0ZndfdHdlZXRfZWRpdF9mcm9udGVuZCI6eyJidWNrZXQiOiJvbiIsInZlcnNpb24iOm51bGx9fQ%3D%3D&amp;frame=false&amp;hideCard=false&amp;hideThread=false&amp;id=1582800046688305153&amp;lang=pt&amp;origin=https%3A%2F%2Fwww.brasil247.com%2Fregionais%2Fsudeste%2Fzema-nao-consegue-reunir-prefeitos-no-norte-de-minas-e-irrita-bolsonaro&amp;sessionId=63933aa909430bf3057381192e11aaa593ea18f3&amp;siteScreenName=brasil247&amp;theme=light&amp;widgetsVersion=1c23387b1f70c%3A1664388199485&amp;width=550px\" frameborder=\"0\" scrolling=\"no\" allowfullscreen=\"allowfullscreen\" data-tweet-id=\"1582800046688305153\" data-mce-fragment=\"1\"><\/iframe><\/div>\n<\/div>\n<p>&nbsp;<\/p>\n<\/div>\n<p>&nbsp;<\/p>\n","protected":false},"excerpt":{"rendered":"<p>Bolsonaro incubiu Zema de reunir n\u00famero expressivo de prefeitos da regi\u00e3o. Da grande maioria, ouviu que que n\u00e3o iriam se encontrar com o cocupante do Planalto Bolsonaro (PL) est\u00e1 irritado com o governador de Minas Gerais, Romeu Zema. Precisando virar mais de 6 milh\u00f5es de votos de diferen\u00e7a para o ex-presidente candidato Luiz In\u00e1cio Lula [&hellip;]<\/p>\n","protected":false},"author":2,"featured_media":111203,"comment_status":"open","ping_status":"open","sticky":false,"template":"","format":"standard","meta":[],"categories":[96,105],"tags":[],"_links":{"self":[{"href":"https:\/\/www.blogdopaulonunes.com\/v5\/index.php\/wp-json\/wp\/v2\/posts\/111202"}],"collection":[{"href":"https:\/\/www.blogdopaulonunes.com\/v5\/index.php\/wp-json\/wp\/v2\/posts"}],"about":[{"href":"https:\/\/www.blogdopaulonunes.com\/v5\/index.php\/wp-json\/wp\/v2\/types\/post"}],"author":[{"embeddable":true,"href":"https:\/\/www.blogdopaulonunes.com\/v5\/index.php\/wp-json\/wp\/v2\/users\/2"}],"replies":[{"embeddable":true,"href":"https:\/\/www.blogdopaulonunes.com\/v5\/index.php\/wp-json\/wp\/v2\/comments?post=111202"}],"version-history":[{"count":3,"href":"https:\/\/www.blogdopaulonunes.com\/v5\/index.php\/wp-json\/wp\/v2\/posts\/111202\/revisions"}],"predecessor-version":[{"id":111206,"href":"https:\/\/www.blogdopaulonunes.com\/v5\/index.php\/wp-json\/wp\/v2\/posts\/111202\/revisions\/111206"}],"wp:featuredmedia":[{"embeddable":true,"href":"https:\/\/www.blogdopaulonunes.com\/v5\/index.php\/wp-json\/wp\/v2\/media\/111203"}],"wp:attachment":[{"href":"https:\/\/www.blogdopaulonunes.com\/v5\/index.php\/wp-json\/wp\/v2\/media?parent=111202"}],"wp:term":[{"taxonomy":"category","embeddable":true,"href":"https:\/\/www.blogdopaulonunes.com\/v5\/index.php\/wp-json\/wp\/v2\/categories?post=111202"},{"taxonomy":"post_tag","embeddable":true,"href":"https:\/\/www.blogdopaulonunes.com\/v5\/index.php\/wp-json\/wp\/v2\/tags?post=111202"}],"curies":[{"name":"wp","href":"https:\/\/api.w.org\/{rel}","templated":true}]}}