{"id":111199,"date":"2022-10-21T09:33:32","date_gmt":"2022-10-21T12:33:32","guid":{"rendered":"https:\/\/www.blogdopaulonunes.com\/v5\/?p=111199"},"modified":"2022-10-21T09:33:32","modified_gmt":"2022-10-21T12:33:32","slug":"vazamento-do-plano-de-guedes-da-curto-circuito-na-campanha-de-bolsonaro-que-ve-sabotagem","status":"publish","type":"post","link":"https:\/\/www.blogdopaulonunes.com\/v5\/index.php\/2022\/10\/21\/vazamento-do-plano-de-guedes-da-curto-circuito-na-campanha-de-bolsonaro-que-ve-sabotagem\/","title":{"rendered":"Vazamento do plano de Guedes d\u00e1 curto-circuito na campanha de Bolsonaro, que v\u00ea &#8216;sabotagem&#8217;"},"content":{"rendered":"<p>&nbsp;<\/p>\n<p>&nbsp;<\/p>\n<p>Vazamento do plano que prev\u00ea a redu\u00e7\u00e3o do sal\u00e1rio m\u00ednimo e aposentadorias para depois das elei\u00e7\u00f5es foi visto como um &#8220;suic\u00eddio pol\u00edtico&#8221;, diz o jornalista Josias de Souza<\/p>\n<p style=\"text-align: justify;\">O vazamento do plano econ\u00f4mico do ministro Paulo Guedes que prev\u00ea a indexa\u00e7\u00e3o do sal\u00e1rio m\u00ednimo e aposentadorias \u00e0 expectativa de infla\u00e7\u00e3o futura &#8211; e n\u00e3o \u00e0 infla\u00e7\u00e3o do ano anterior, como ocorre atualmente -, provocou um \u201ccurto-circuito\u201d no comit\u00ea da reelei\u00e7\u00e3o de Jair Bolsonaro (PL). Segundo o jornalista\u00a0<a href=\"https:\/\/noticias.uol.com.br\/colunas\/josias-de-souza\/2022\/10\/20\/campanha-de-bolsonaro-ve-sabotagem-em-vazamento-de-plano-de-guedes.htm\" target=\"_blank\" rel=\"noopener\">Josias de Souza<\/a>, do UOL, \u201co vazamento do plano t\u00f3xico foi visto como um suic\u00eddio pol\u00edtico&#8221;, al\u00e9m de ter sido \u201cclassificado por um dos caciques da campanha como \u2018sabotagem\u2019\u201d.<\/p>\n<p style=\"text-align: justify;\">\u201cA convers\u00e3o do Minist\u00e9rio da Economia em fornecedor de muni\u00e7\u00e3o para a campanha advers\u00e1ria transtornou a c\u00fapula do comit\u00ea da reelei\u00e7\u00e3o. A irrita\u00e7\u00e3o foi compartilhada com Bolsonaro\u201d, diz Josias.<br \/>\nO vazamento do plano, que seria implementado ap\u00f3s as elei\u00e7\u00f5es, levou o deputado federal Andr\u00e9 Janones a realizar uma transmiss\u00e3o ao vivo sobre a inten\u00e7\u00e3o do governo de reduzir o sal\u00e1rio m\u00ednimo e aposentadorias a partir de 2023.<\/p>\n<p style=\"text-align: justify;\">Ainda segundo o jornalista, \u201cn\u00e3o h\u00e1 na campanha nem no governo quem duvide da exist\u00eancia do plano. O pr\u00f3prio Paulo Guedes confirmou, \u00e0 sua maneira, o que tentava negar. Defendeu um velho sonho. Est\u00e1 contido no documento do minist\u00e9rio. Batizado de &#8220;regra dos 3D&#8221;, visa desindexar, desvincular e desobrigar o Or\u00e7amento federal, que est\u00e1 96% acorrentado a gastos obrigat\u00f3rios. A pretens\u00e3o vem de 2019. Ficou no gog\u00f3\u201d.<\/p>\n","protected":false},"excerpt":{"rendered":"<p>&nbsp; &nbsp; Vazamento do plano que prev\u00ea a redu\u00e7\u00e3o do sal\u00e1rio m\u00ednimo e aposentadorias para depois das elei\u00e7\u00f5es foi visto como um &#8220;suic\u00eddio pol\u00edtico&#8221;, diz o jornalista Josias de Souza O vazamento do plano econ\u00f4mico do ministro Paulo Guedes que prev\u00ea a indexa\u00e7\u00e3o do sal\u00e1rio m\u00ednimo e aposentadorias \u00e0 expectativa de infla\u00e7\u00e3o futura &#8211; e [&hellip;]<\/p>\n","protected":false},"author":2,"featured_media":111200,"comment_status":"open","ping_status":"open","sticky":false,"template":"","format":"standard","meta":[],"categories":[75,72],"tags":[],"_links":{"self":[{"href":"https:\/\/www.blogdopaulonunes.com\/v5\/index.php\/wp-json\/wp\/v2\/posts\/111199"}],"collection":[{"href":"https:\/\/www.blogdopaulonunes.com\/v5\/index.php\/wp-json\/wp\/v2\/posts"}],"about":[{"href":"https:\/\/www.blogdopaulonunes.com\/v5\/index.php\/wp-json\/wp\/v2\/types\/post"}],"author":[{"embeddable":true,"href":"https:\/\/www.blogdopaulonunes.com\/v5\/index.php\/wp-json\/wp\/v2\/users\/2"}],"replies":[{"embeddable":true,"href":"https:\/\/www.blogdopaulonunes.com\/v5\/index.php\/wp-json\/wp\/v2\/comments?post=111199"}],"version-history":[{"count":1,"href":"https:\/\/www.blogdopaulonunes.com\/v5\/index.php\/wp-json\/wp\/v2\/posts\/111199\/revisions"}],"predecessor-version":[{"id":111201,"href":"https:\/\/www.blogdopaulonunes.com\/v5\/index.php\/wp-json\/wp\/v2\/posts\/111199\/revisions\/111201"}],"wp:featuredmedia":[{"embeddable":true,"href":"https:\/\/www.blogdopaulonunes.com\/v5\/index.php\/wp-json\/wp\/v2\/media\/111200"}],"wp:attachment":[{"href":"https:\/\/www.blogdopaulonunes.com\/v5\/index.php\/wp-json\/wp\/v2\/media?parent=111199"}],"wp:term":[{"taxonomy":"category","embeddable":true,"href":"https:\/\/www.blogdopaulonunes.com\/v5\/index.php\/wp-json\/wp\/v2\/categories?post=111199"},{"taxonomy":"post_tag","embeddable":true,"href":"https:\/\/www.blogdopaulonunes.com\/v5\/index.php\/wp-json\/wp\/v2\/tags?post=111199"}],"curies":[{"name":"wp","href":"https:\/\/api.w.org\/{rel}","templated":true}]}}