{"id":111196,"date":"2022-10-21T09:18:04","date_gmt":"2022-10-21T12:18:04","guid":{"rendered":"https:\/\/www.blogdopaulonunes.com\/v5\/?p=111196"},"modified":"2022-10-21T09:18:04","modified_gmt":"2022-10-21T12:18:04","slug":"inflacao-dos-alimentos-e-a-maior-desde-o-inicio-do-plano-real","status":"publish","type":"post","link":"https:\/\/www.blogdopaulonunes.com\/v5\/index.php\/2022\/10\/21\/inflacao-dos-alimentos-e-a-maior-desde-o-inicio-do-plano-real\/","title":{"rendered":"Infla\u00e7\u00e3o dos alimentos \u00e9 a maior desde o in\u00edcio do Plano Real"},"content":{"rendered":"<p>Pol\u00edtica econ\u00f4mica de Bolsonaro faz a infla\u00e7\u00e3o dos alimentos retroceder a \u00edndice de 1994. A realidade brasileira \u00e9 a fome<\/p>\n<p style=\"text-align: justify;\">O governo de Jair Bolsonaro bateu novo recorde. O acumulado da infla\u00e7\u00e3o dos alimentos e bebidas nos primeiros nove meses \u00e9 o maior em 28 anos.\u00a0<a href=\"https:\/\/www1.folha.uol.com.br\/mercado\/2022\/10\/inflacao-dos-alimentos-e-a-maior-ate-setembro-desde-o-inicio-do-plano-real.shtml?utm_source=whatsapp&amp;utm_medium=social&amp;utm_campaign=compwa\" target=\"_blank\" rel=\"noreferrer noopener\">De janeiro a setembro os pre\u00e7os subiram 9,54%, a maior alta desde o in\u00edcio do Plano Real para o per\u00edodo.<\/a>\u00a0O Brasil de Bolsonaro pode estar voando. O pa\u00eds do povo brasileiro, no entanto, anda para tr\u00e1s batendo \u00edndices inflacion\u00e1rios de 1994. Esta cada dia mais dif\u00edcil comer no governo Bolsonaro.<\/p>\n<p style=\"text-align: justify;\">A carestia afeta de forma mais cruel as fam\u00edlias de baixa renda, para quem o pre\u00e7o dos alimentos tem maior peso no or\u00e7amento em compara\u00e7\u00e3o com quem tem renda elevada.<br \/>\n<iframe loading=\"lazy\" title=\"YouTube video player\" src=\"https:\/\/www.youtube.com\/embed\/rYC8XGCTyao\" width=\"560\" height=\"315\" frameborder=\"0\" allowfullscreen=\"allowfullscreen\"><\/iframe>A infla\u00e7\u00e3o dos alimentos maltrata as fam\u00edlias brasileiras.\u00a0Nem toda as benesses ofertadas por Bolsonaro para ganhar votos, e que ter\u00e3o fim ap\u00f3s a elei\u00e7\u00e3o, s\u00e3o suficientes para aliviar o bolso do trabalhador.<\/p>\n<figure class=\"wp-block-image size-large\"><img loading=\"lazy\" class=\"wp-image-122992 lazyautosizes lazyloaded\" src=\"https:\/\/lula.com.br\/wp-content\/uploads\/2022\/10\/054b309d-WhatsApp-Image-2022-10-19-at-14.45.07-1024x1024.jpeg\" sizes=\"730px\" srcset=\"https:\/\/lula.com.br\/wp-content\/uploads\/2022\/10\/054b309d-WhatsApp-Image-2022-10-19-at-14.45.07-1024x1024.jpeg 1024w, https:\/\/lula.com.br\/wp-content\/uploads\/2022\/10\/054b309d-WhatsApp-Image-2022-10-19-at-14.45.07-300x300.jpeg 300w, https:\/\/lula.com.br\/wp-content\/uploads\/2022\/10\/054b309d-WhatsApp-Image-2022-10-19-at-14.45.07-150x150.jpeg 150w, https:\/\/lula.com.br\/wp-content\/uploads\/2022\/10\/054b309d-WhatsApp-Image-2022-10-19-at-14.45.07-768x768.jpeg 768w, https:\/\/lula.com.br\/wp-content\/uploads\/2022\/10\/054b309d-WhatsApp-Image-2022-10-19-at-14.45.07-250x250.jpeg 250w, https:\/\/lula.com.br\/wp-content\/uploads\/2022\/10\/054b309d-WhatsApp-Image-2022-10-19-at-14.45.07-320x320.jpeg 320w, https:\/\/lula.com.br\/wp-content\/uploads\/2022\/10\/054b309d-WhatsApp-Image-2022-10-19-at-14.45.07-640x640.jpeg 640w, https:\/\/lula.com.br\/wp-content\/uploads\/2022\/10\/054b309d-WhatsApp-Image-2022-10-19-at-14.45.07-360x360.jpeg 360w, https:\/\/lula.com.br\/wp-content\/uploads\/2022\/10\/054b309d-WhatsApp-Image-2022-10-19-at-14.45.07-96x96.jpeg 96w, https:\/\/lula.com.br\/wp-content\/uploads\/2022\/10\/054b309d-WhatsApp-Image-2022-10-19-at-14.45.07.jpeg 1080w\" alt=\"infla\u00e7\u00e3o dos alimentos\" width=\"1024\" height=\"1024\" data-src=\"https:\/\/lula.com.br\/wp-content\/uploads\/2022\/10\/054b309d-WhatsApp-Image-2022-10-19-at-14.45.07-1024x1024.jpeg\" data-srcset=\"https:\/\/lula.com.br\/wp-content\/uploads\/2022\/10\/054b309d-WhatsApp-Image-2022-10-19-at-14.45.07-1024x1024.jpeg 1024w, https:\/\/lula.com.br\/wp-content\/uploads\/2022\/10\/054b309d-WhatsApp-Image-2022-10-19-at-14.45.07-300x300.jpeg 300w, https:\/\/lula.com.br\/wp-content\/uploads\/2022\/10\/054b309d-WhatsApp-Image-2022-10-19-at-14.45.07-150x150.jpeg 150w, https:\/\/lula.com.br\/wp-content\/uploads\/2022\/10\/054b309d-WhatsApp-Image-2022-10-19-at-14.45.07-768x768.jpeg 768w, https:\/\/lula.com.br\/wp-content\/uploads\/2022\/10\/054b309d-WhatsApp-Image-2022-10-19-at-14.45.07-250x250.jpeg 250w, https:\/\/lula.com.br\/wp-content\/uploads\/2022\/10\/054b309d-WhatsApp-Image-2022-10-19-at-14.45.07-320x320.jpeg 320w, https:\/\/lula.com.br\/wp-content\/uploads\/2022\/10\/054b309d-WhatsApp-Image-2022-10-19-at-14.45.07-640x640.jpeg 640w, https:\/\/lula.com.br\/wp-content\/uploads\/2022\/10\/054b309d-WhatsApp-Image-2022-10-19-at-14.45.07-360x360.jpeg 360w, https:\/\/lula.com.br\/wp-content\/uploads\/2022\/10\/054b309d-WhatsApp-Image-2022-10-19-at-14.45.07-96x96.jpeg 96w, https:\/\/lula.com.br\/wp-content\/uploads\/2022\/10\/054b309d-WhatsApp-Image-2022-10-19-at-14.45.07.jpeg 1080w\" data-sizes=\"auto\" \/><\/figure>\n<p style=\"text-align: justify;\">De acordo com o Dieese (Departamento Intersindical de Estat\u00edstica e Estudos Socioecon\u00f4micos), o valor excepcional de R$ 600 do Aux\u00edlio Brasil s\u00f3 compra uma cesta b\u00e1sica em cinco capitais do pa\u00eds, todas da regi\u00e3o Nordeste: Aracaju\u00a0(R$ 518,68),\u00a0Salvador\u00a0(R$ 560,31),\u00a0Jo\u00e3o Pessoa\u00a0(R$ 562,32),\u00a0Recife\u00a0(R$ 580,01) e\u00a0Natal\u00a0(R$ 581,53).<\/p>\n<p style=\"text-align: justify;\">S\u00e3o Paulo segue com a cesta b\u00e1sica mais cara do pa\u00eds, chegando a custar R$ 750,74.\u00a0Na sequ\u00eancia, Florian\u00f3polis\u00a0(R$ 746,55),\u00a0Porto Alegre\u00a0(R$ 743,94) e\u00a0Rio de Janeiro\u00a0(R$ 714,14). Especialistas avaliam que os pre\u00e7os tendem a ficar em patamar elevado at\u00e9 dezembro ou in\u00edcio de 2023.<\/p>\n<p style=\"text-align: justify;\">Enquanto o governo federal faz malabarismos para tentar convencer a popula\u00e7\u00e3o de que o pa\u00eds est\u00e1 voando e a economia tinindo, a realidade \u00e9a fome. O Brasil, que havia sa\u00eddo do\u00a0<a href=\"https:\/\/g1.globo.com\/jornal-nacional\/noticia\/2022\/07\/06\/brasil-volta-ao-mapa-da-fome-das-nacoes-unidas.ghtml\" target=\"_blank\" rel=\"noreferrer noopener\">Mapa da Fome<\/a>\u00a0em 2014 gra\u00e7as aos governos de Lula e Dilma, tem hoje 33 milh\u00f5es de pessoas sem nada para comer e outras 125 milh\u00f5es com algum tipo de inseguran\u00e7a alimentar, sem dinheiro para comprar comida suficiente.<!--more--><\/p>\n<p style=\"text-align: justify;\">A\u00a0<a href=\"https:\/\/lula.com.br\/lula-avisou-gasolina-subiu-e-pib-caiu-e-antes-do-segundo-turno\/\" target=\"_blank\" rel=\"noreferrer noopener\">m\u00e1scara econ\u00f4mica do governo Bolsonaro, no entant<\/a>o, j\u00e1 come\u00e7ou a cair antes do segundo turno das elei\u00e7\u00f5es. A \u00faltima semana foi marcada pela alta de 1,4% da gasolina e pela queda da pr\u00e9via do PIB mais do que o esperado, marcando 1,13% em agosto.<\/p>\n<p style=\"text-align: justify;\">Quem ainda tem alguma renda, sofre com a queda do poder de compra. O custo de vida das popula\u00e7\u00f5es mais pobres segue subindo, com o sal\u00e1rio valendo cada vez menos. \u00c9 urgente a sa\u00edda de Bolsonaro para que o pa\u00eds possa voltar a crescer.<\/p>\n","protected":false},"excerpt":{"rendered":"<p>Pol\u00edtica econ\u00f4mica de Bolsonaro faz a infla\u00e7\u00e3o dos alimentos retroceder a \u00edndice de 1994. A realidade brasileira \u00e9 a fome O governo de Jair Bolsonaro bateu novo recorde. O acumulado da infla\u00e7\u00e3o dos alimentos e bebidas nos primeiros nove meses \u00e9 o maior em 28 anos.\u00a0De janeiro a setembro os pre\u00e7os subiram 9,54%, a maior [&hellip;]<\/p>\n","protected":false},"author":2,"featured_media":111197,"comment_status":"open","ping_status":"open","sticky":false,"template":"","format":"standard","meta":[],"categories":[96,105],"tags":[],"_links":{"self":[{"href":"https:\/\/www.blogdopaulonunes.com\/v5\/index.php\/wp-json\/wp\/v2\/posts\/111196"}],"collection":[{"href":"https:\/\/www.blogdopaulonunes.com\/v5\/index.php\/wp-json\/wp\/v2\/posts"}],"about":[{"href":"https:\/\/www.blogdopaulonunes.com\/v5\/index.php\/wp-json\/wp\/v2\/types\/post"}],"author":[{"embeddable":true,"href":"https:\/\/www.blogdopaulonunes.com\/v5\/index.php\/wp-json\/wp\/v2\/users\/2"}],"replies":[{"embeddable":true,"href":"https:\/\/www.blogdopaulonunes.com\/v5\/index.php\/wp-json\/wp\/v2\/comments?post=111196"}],"version-history":[{"count":1,"href":"https:\/\/www.blogdopaulonunes.com\/v5\/index.php\/wp-json\/wp\/v2\/posts\/111196\/revisions"}],"predecessor-version":[{"id":111198,"href":"https:\/\/www.blogdopaulonunes.com\/v5\/index.php\/wp-json\/wp\/v2\/posts\/111196\/revisions\/111198"}],"wp:featuredmedia":[{"embeddable":true,"href":"https:\/\/www.blogdopaulonunes.com\/v5\/index.php\/wp-json\/wp\/v2\/media\/111197"}],"wp:attachment":[{"href":"https:\/\/www.blogdopaulonunes.com\/v5\/index.php\/wp-json\/wp\/v2\/media?parent=111196"}],"wp:term":[{"taxonomy":"category","embeddable":true,"href":"https:\/\/www.blogdopaulonunes.com\/v5\/index.php\/wp-json\/wp\/v2\/categories?post=111196"},{"taxonomy":"post_tag","embeddable":true,"href":"https:\/\/www.blogdopaulonunes.com\/v5\/index.php\/wp-json\/wp\/v2\/tags?post=111196"}],"curies":[{"name":"wp","href":"https:\/\/api.w.org\/{rel}","templated":true}]}}