{"id":111191,"date":"2022-10-21T08:41:10","date_gmt":"2022-10-21T11:41:10","guid":{"rendered":"https:\/\/www.blogdopaulonunes.com\/v5\/?p=111191"},"modified":"2022-10-21T08:41:10","modified_gmt":"2022-10-21T11:41:10","slug":"lula-critica-plano-do-governo-bolsonaro-para-acabar-com-correcao-do-salario-minimo-pela-inflacao","status":"publish","type":"post","link":"https:\/\/www.blogdopaulonunes.com\/v5\/index.php\/2022\/10\/21\/lula-critica-plano-do-governo-bolsonaro-para-acabar-com-correcao-do-salario-minimo-pela-inflacao\/","title":{"rendered":"Lula critica plano do governo Bolsonaro para acabar com corre\u00e7\u00e3o do sal\u00e1rio m\u00ednimo pela infla\u00e7\u00e3o"},"content":{"rendered":"<p style=\"text-align: justify;\"><strong>Diferente do governo atual, Lula vai recuperar o poder de compra do povo com aumento real do sal\u00e1rio m\u00ednimo, como fez quando foi presidente<\/strong><\/p>\n<p style=\"text-align: justify;\">O ex-presidente Luiz In\u00e1cio Lula da Silva criticou o plano do governo Bolsonaro de acabar com a regra de corre\u00e7\u00e3o do sal\u00e1rio m\u00ednimo e da aposentadoria baseada na infla\u00e7\u00e3o. A medida, que entraria em vigor no caso de Jair ser reeleito, consta de plano do ministro da Economia, Paulo Guedes, divulgado hoje, e que abre caminho para que os benef\u00edcios sofram ainda mais desvaloriza\u00e7\u00e3o por n\u00e3o atrelar a corre\u00e7\u00e3o \u00e0 infla\u00e7\u00e3o, causando mais perdas \u00e0 popula\u00e7\u00e3o.<\/p>\n<p style=\"text-align: justify;\">\u201cHoje no jornal eu vi uma not\u00edcia que o ministro da Economia do Bolsonaro quer tirar a corre\u00e7\u00e3o do sal\u00e1rio m\u00ednimo. E j\u00e1 tinha visto que o Guedes querer privatizar as praias. At\u00e9 a praia, uma das coisas mais democr\u00e1ticas do mundo\u201d, reclamou ele, nesta quinta-feira (20\/10), durante caminhada em Padre Miguel, no Rio de Janeiro.<!--more--><\/p>\n<p style=\"text-align: justify;\">Lula, que apresenta em seu plano de governo uma proposta diametralmente oposta, prev\u00ea o sal\u00e1rio m\u00ednimo forte, com aumento acima da infla\u00e7\u00e3o. Ao contr\u00e1rio de Bolsonaro, ele garantiu 74,33% de ganho real nos rendimentos.<\/p>\n<p style=\"text-align: justify;\">Em seu discurso, ele tamb\u00e9m criticou as medidas eleitoreiras que Bolsonaro est\u00e1 executando, com o aumento tempor\u00e1rio para R$ 600 do aux\u00edlio, que est\u00e1 previsto para acabar em dezembro.<\/p>\n<p style=\"text-align: justify;\">\u201cEles come\u00e7aram a reduzir o pre\u00e7o da gasolina por causa das elei\u00e7\u00f5es. Mas agora j\u00e1 t\u00e1 subindo de novo. N\u00f3s vamos ganhar e n\u00e3o teremos o pre\u00e7o da gasolina dolarizado como agora. N\u00f3s nem ganhamos as elei\u00e7\u00f5es e j\u00e1 temos convites para visitar \u00e0 Alemanha, China, EUA. Vamos visitar todos os pa\u00edses para conseguir investimentos diretos. A gente quer dinheiro estrangeiro para investir em intelig\u00eancia e inova\u00e7\u00e3o, gerando empregos\u201d, disse.<\/p>\n<p style=\"text-align: justify;\">SUS<\/p>\n<p style=\"text-align: justify;\">O ex-presidente tamb\u00e9m agradeceu os profissionais da sa\u00fade, que evitaram uma trag\u00e9dia ainda maior durante a pandemia, quando Bolsonaro pregava o negacionismo, negava a vacina e receitava rem\u00e9dios sem efici\u00eancia, mesmo sendo paraquedista e n\u00e3o m\u00e9dico.<\/p>\n<p style=\"text-align: justify;\">\u201cQuando n\u00f3s descobrimos o Pr\u00e9-Sal, fizemos a Lei da Partilha para que 75% dos royalties fossem destinado \u00e0 educa\u00e7\u00e3o, sa\u00fade, ci\u00eancia e tecnologia. E quando veio a pandemia, gra\u00e7as a Deus a gente teve um SUS [Sistema \u00danico de Sa\u00fade] que salvou muita gente\u201d.<\/p>\n<p style=\"text-align: justify;\">\u201cO SUS sempre foi criticado e quando veio a pandemia, gra\u00e7as \u00e0 Deus salvou muita gente. N\u00f3s temos que agradecer eternamente aos m\u00e9dicos e enfermeiros que trabalharam e ao mesmo tempo lembrar da responsabilidade das mortes dos brasileiros porque o presidente negligenciou a sa\u00fade\u201d, completou Lula.<\/p>\n","protected":false},"excerpt":{"rendered":"<p>Diferente do governo atual, Lula vai recuperar o poder de compra do povo com aumento real do sal\u00e1rio m\u00ednimo, como fez quando foi presidente O ex-presidente Luiz In\u00e1cio Lula da Silva criticou o plano do governo Bolsonaro de acabar com a regra de corre\u00e7\u00e3o do sal\u00e1rio m\u00ednimo e da aposentadoria baseada na infla\u00e7\u00e3o. A medida, [&hellip;]<\/p>\n","protected":false},"author":2,"featured_media":110939,"comment_status":"open","ping_status":"open","sticky":false,"template":"","format":"standard","meta":[],"categories":[96,105],"tags":[],"_links":{"self":[{"href":"https:\/\/www.blogdopaulonunes.com\/v5\/index.php\/wp-json\/wp\/v2\/posts\/111191"}],"collection":[{"href":"https:\/\/www.blogdopaulonunes.com\/v5\/index.php\/wp-json\/wp\/v2\/posts"}],"about":[{"href":"https:\/\/www.blogdopaulonunes.com\/v5\/index.php\/wp-json\/wp\/v2\/types\/post"}],"author":[{"embeddable":true,"href":"https:\/\/www.blogdopaulonunes.com\/v5\/index.php\/wp-json\/wp\/v2\/users\/2"}],"replies":[{"embeddable":true,"href":"https:\/\/www.blogdopaulonunes.com\/v5\/index.php\/wp-json\/wp\/v2\/comments?post=111191"}],"version-history":[{"count":1,"href":"https:\/\/www.blogdopaulonunes.com\/v5\/index.php\/wp-json\/wp\/v2\/posts\/111191\/revisions"}],"predecessor-version":[{"id":111192,"href":"https:\/\/www.blogdopaulonunes.com\/v5\/index.php\/wp-json\/wp\/v2\/posts\/111191\/revisions\/111192"}],"wp:featuredmedia":[{"embeddable":true,"href":"https:\/\/www.blogdopaulonunes.com\/v5\/index.php\/wp-json\/wp\/v2\/media\/110939"}],"wp:attachment":[{"href":"https:\/\/www.blogdopaulonunes.com\/v5\/index.php\/wp-json\/wp\/v2\/media?parent=111191"}],"wp:term":[{"taxonomy":"category","embeddable":true,"href":"https:\/\/www.blogdopaulonunes.com\/v5\/index.php\/wp-json\/wp\/v2\/categories?post=111191"},{"taxonomy":"post_tag","embeddable":true,"href":"https:\/\/www.blogdopaulonunes.com\/v5\/index.php\/wp-json\/wp\/v2\/tags?post=111191"}],"curies":[{"name":"wp","href":"https:\/\/api.w.org\/{rel}","templated":true}]}}