{"id":110946,"date":"2022-10-01T11:49:56","date_gmt":"2022-10-01T14:49:56","guid":{"rendered":"https:\/\/www.blogdopaulonunes.com\/v5\/?p=110946"},"modified":"2022-10-01T11:49:56","modified_gmt":"2022-10-01T14:49:56","slug":"resultado-reflete-momento-atual-da-campanha-pegou-pressao-afirma-eden-sobre-pesquisa-que-aponta-lideranca-de-jeronimo","status":"publish","type":"post","link":"https:\/\/www.blogdopaulonunes.com\/v5\/index.php\/2022\/10\/01\/resultado-reflete-momento-atual-da-campanha-pegou-pressao-afirma-eden-sobre-pesquisa-que-aponta-lideranca-de-jeronimo\/","title":{"rendered":"&#8220;Resultado reflete momento atual da campanha: pegou press\u00e3o&#8221;, afirma \u00c9den sobre pesquisa que aponta lideran\u00e7a de Jer\u00f4nimo"},"content":{"rendered":"<p style=\"text-align: justify;\">Divulgada neste s\u00e1bado (01), pesquisa AtlasIntel\/ A Tarde mostra candidato do PT com 47,7% dos votos v\u00e1lidos<\/p>\n<p style=\"text-align: justify;\">O presidente do Partido dos Trabalhadores da Bahia, \u00c9den Valadares, comentou o resultado da pesquisa AtlasIntel, do jornal A Tarde, divulgada neste s\u00e1bado (01). Registrada no TSE sob o n\u00famero BA &#8211; 03876\/ 2022, a pesquisa ouviu 2.000 pessoas entre os dias 26 e 30 de setembro e aponta possibilidade Jer\u00f4nimo na lideran\u00e7a com 47,7% dos votos v\u00e1lidos, contra 40,9% de Acm Neto (Uni\u00e3o Brasil).<\/p>\n<p style=\"text-align: justify;\">&#8220;Resultado reflete momento atual da campanha: pegou press\u00e3o. E mostra que a popula\u00e7\u00e3o baiana est\u00e1 do lado certo, do lado do grupo pol\u00edtico que transformou a Bahia e que vai fazer muito mais com Jer\u00f4nimo governador e Lula presidente. Isso nos anima e empolga a milit\u00e2ncia&#8221;.<!--more--><\/p>\n<p style=\"text-align: justify;\">O presidente do PT Bahia atribuiu tamb\u00e9m o resultado ao intenso trabalho de mobiliza\u00e7\u00e3o desde o lan\u00e7amento da pr\u00e9-campanha de Jer\u00f4nimo, quando o petista ainda n\u00e3o era um nome t\u00e3o conhecido entre a popula\u00e7\u00e3o. &#8220;Rodamos a Bahia, dialogando com a sociedade, ouvindo as demandas do nosso povo para construir o Programa de Governo Participativo e apresentando o candidato do Time de Lula, de Rui Costa e de Jaques Wagner&#8221;.<\/p>\n<p style=\"text-align: justify;\">O dirigente estadual falou ainda sobre a grande receptividade que Jer\u00f4nimo vem tendo desde que come\u00e7ou a pr\u00e9-campanha. &#8220;\u00c0 medida que a popula\u00e7\u00e3o foi conhecendo Jer\u00f4nimo, foi se identificando com nosso candidato, que tem humildade, grande compet\u00eancia, que j\u00e1 provou ser um bom gestor e \u00e9 a cara do povo baiano. Jer\u00f4nimo est\u00e1 preparado e cheio de vontade de cuidar da nossa popula\u00e7\u00e3o&#8221;, concluiu<\/p>\n","protected":false},"excerpt":{"rendered":"<p>Divulgada neste s\u00e1bado (01), pesquisa AtlasIntel\/ A Tarde mostra candidato do PT com 47,7% dos votos v\u00e1lidos O presidente do Partido dos Trabalhadores da Bahia, \u00c9den Valadares, comentou o resultado da pesquisa AtlasIntel, do jornal A Tarde, divulgada neste s\u00e1bado (01). Registrada no TSE sob o n\u00famero BA &#8211; 03876\/ 2022, a pesquisa ouviu 2.000 [&hellip;]<\/p>\n","protected":false},"author":2,"featured_media":110947,"comment_status":"open","ping_status":"open","sticky":false,"template":"","format":"standard","meta":[],"categories":[22,105],"tags":[],"_links":{"self":[{"href":"https:\/\/www.blogdopaulonunes.com\/v5\/index.php\/wp-json\/wp\/v2\/posts\/110946"}],"collection":[{"href":"https:\/\/www.blogdopaulonunes.com\/v5\/index.php\/wp-json\/wp\/v2\/posts"}],"about":[{"href":"https:\/\/www.blogdopaulonunes.com\/v5\/index.php\/wp-json\/wp\/v2\/types\/post"}],"author":[{"embeddable":true,"href":"https:\/\/www.blogdopaulonunes.com\/v5\/index.php\/wp-json\/wp\/v2\/users\/2"}],"replies":[{"embeddable":true,"href":"https:\/\/www.blogdopaulonunes.com\/v5\/index.php\/wp-json\/wp\/v2\/comments?post=110946"}],"version-history":[{"count":1,"href":"https:\/\/www.blogdopaulonunes.com\/v5\/index.php\/wp-json\/wp\/v2\/posts\/110946\/revisions"}],"predecessor-version":[{"id":110948,"href":"https:\/\/www.blogdopaulonunes.com\/v5\/index.php\/wp-json\/wp\/v2\/posts\/110946\/revisions\/110948"}],"wp:featuredmedia":[{"embeddable":true,"href":"https:\/\/www.blogdopaulonunes.com\/v5\/index.php\/wp-json\/wp\/v2\/media\/110947"}],"wp:attachment":[{"href":"https:\/\/www.blogdopaulonunes.com\/v5\/index.php\/wp-json\/wp\/v2\/media?parent=110946"}],"wp:term":[{"taxonomy":"category","embeddable":true,"href":"https:\/\/www.blogdopaulonunes.com\/v5\/index.php\/wp-json\/wp\/v2\/categories?post=110946"},{"taxonomy":"post_tag","embeddable":true,"href":"https:\/\/www.blogdopaulonunes.com\/v5\/index.php\/wp-json\/wp\/v2\/tags?post=110946"}],"curies":[{"name":"wp","href":"https:\/\/api.w.org\/{rel}","templated":true}]}}