{"id":110551,"date":"2022-09-03T01:43:22","date_gmt":"2022-09-03T04:43:22","guid":{"rendered":"https:\/\/www.blogdopaulonunes.com\/v5\/?p=110551"},"modified":"2022-09-03T01:43:45","modified_gmt":"2022-09-03T04:43:45","slug":"presidente-do-pt-bahia-eden-afirma-que-a-populacao-esta-abracando-a-campanha-de-jeronimo","status":"publish","type":"post","link":"https:\/\/www.blogdopaulonunes.com\/v5\/index.php\/2022\/09\/03\/presidente-do-pt-bahia-eden-afirma-que-a-populacao-esta-abracando-a-campanha-de-jeronimo\/","title":{"rendered":"Presidente do PT Bahia, \u00c9den afirma que a popula\u00e7\u00e3o est\u00e1 abra\u00e7ando a campanha de Jer\u00f4nimo"},"content":{"rendered":"<p style=\"text-align: justify;\">Presente nas atividades da campanha de Jer\u00f4nimo Rodrigues nesta sexta-feira, 02, o presidente do Partido dos Trabalhadores da Bahia, \u00c9den Valadares, afirmou que a cada munic\u00edpio visitado pela coliga\u00e7\u00e3o Pela Bahia, Pelo Brasil, o candidato do PT ao Governo do Estado vem sendo cada vem mais conhecido e muito bem recepcionado pela popula\u00e7\u00e3o.<\/p>\n<p style=\"text-align: justify;\">&#8220;A popula\u00e7\u00e3o est\u00e1 tendo a oportunidade de conhecer o candidato de Lula, de Rui Costa e de Jaques Wagner na Bahia e tem abra\u00e7ado nossa campanha. Homem simples e competente, Jer\u00f4nimo representa a renova\u00e7\u00e3o do projeto que vai fazer a Bahia avan\u00e7ar ainda mais. Um projeto coletivo que tem como miss\u00e3o cuidar do povo e que vem transformado a vida dos baianos h\u00e1 16 anos&#8221;, destacou \u00c9den.<\/p>\n<p style=\"text-align: justify;\">A Caravana do Time de Lula na Bahia, com Jer\u00f4nimo e Otto Alencar, candidato a senador, al\u00e9m do governador Rui Costa e do senador Jaques Wagner, percorre mais de 200 km em carreatas nesta sexta-feira, 02, nos munic\u00edpios de S\u00e1tiro Dias, Cris\u00f3polis, Apor\u00e1, Acajutiba, Esplanada, Entre Rios e Alagoinhas, com com\u00edcios nos dois \u00faltimos munic\u00edpios. Em cada cidade visitada at\u00e9 agora, a Caravana foi acompanhada por milhares de pessoas, al\u00e9m de lideran\u00e7as pol\u00edticas e parlamentares.<\/p>\n<p style=\"text-align: justify;\">&#8212;<br \/>\nAscom PT Bahia<br \/>\nFoto: Adilton Venegeroles<\/p>\n","protected":false},"excerpt":{"rendered":"<p>Presente nas atividades da campanha de Jer\u00f4nimo Rodrigues nesta sexta-feira, 02, o presidente do Partido dos Trabalhadores da Bahia, \u00c9den Valadares, afirmou que a cada munic\u00edpio visitado pela coliga\u00e7\u00e3o Pela Bahia, Pelo Brasil, o candidato do PT ao Governo do Estado vem sendo cada vem mais conhecido e muito bem recepcionado pela popula\u00e7\u00e3o. &#8220;A popula\u00e7\u00e3o [&hellip;]<\/p>\n","protected":false},"author":2,"featured_media":110552,"comment_status":"open","ping_status":"open","sticky":false,"template":"","format":"standard","meta":[],"categories":[96],"tags":[],"_links":{"self":[{"href":"https:\/\/www.blogdopaulonunes.com\/v5\/index.php\/wp-json\/wp\/v2\/posts\/110551"}],"collection":[{"href":"https:\/\/www.blogdopaulonunes.com\/v5\/index.php\/wp-json\/wp\/v2\/posts"}],"about":[{"href":"https:\/\/www.blogdopaulonunes.com\/v5\/index.php\/wp-json\/wp\/v2\/types\/post"}],"author":[{"embeddable":true,"href":"https:\/\/www.blogdopaulonunes.com\/v5\/index.php\/wp-json\/wp\/v2\/users\/2"}],"replies":[{"embeddable":true,"href":"https:\/\/www.blogdopaulonunes.com\/v5\/index.php\/wp-json\/wp\/v2\/comments?post=110551"}],"version-history":[{"count":2,"href":"https:\/\/www.blogdopaulonunes.com\/v5\/index.php\/wp-json\/wp\/v2\/posts\/110551\/revisions"}],"predecessor-version":[{"id":110554,"href":"https:\/\/www.blogdopaulonunes.com\/v5\/index.php\/wp-json\/wp\/v2\/posts\/110551\/revisions\/110554"}],"wp:featuredmedia":[{"embeddable":true,"href":"https:\/\/www.blogdopaulonunes.com\/v5\/index.php\/wp-json\/wp\/v2\/media\/110552"}],"wp:attachment":[{"href":"https:\/\/www.blogdopaulonunes.com\/v5\/index.php\/wp-json\/wp\/v2\/media?parent=110551"}],"wp:term":[{"taxonomy":"category","embeddable":true,"href":"https:\/\/www.blogdopaulonunes.com\/v5\/index.php\/wp-json\/wp\/v2\/categories?post=110551"},{"taxonomy":"post_tag","embeddable":true,"href":"https:\/\/www.blogdopaulonunes.com\/v5\/index.php\/wp-json\/wp\/v2\/tags?post=110551"}],"curies":[{"name":"wp","href":"https:\/\/api.w.org\/{rel}","templated":true}]}}