{"id":110395,"date":"2022-08-24T15:20:41","date_gmt":"2022-08-24T18:20:41","guid":{"rendered":"https:\/\/www.blogdopaulonunes.com\/v5\/?p=110395"},"modified":"2022-08-24T15:20:41","modified_gmt":"2022-08-24T18:20:41","slug":"tse-ordena-exclusao-de-video-da-reuniao-de-bolsonaro-com-embaixadores","status":"publish","type":"post","link":"https:\/\/www.blogdopaulonunes.com\/v5\/index.php\/2022\/08\/24\/tse-ordena-exclusao-de-video-da-reuniao-de-bolsonaro-com-embaixadores\/","title":{"rendered":"TSE ordena exclus\u00e3o de v\u00eddeo da reuni\u00e3o de Bolsonaro com embaixadores"},"content":{"rendered":"<p style=\"text-align: justify;\"><strong>Decis\u00e3o do ministro Mauro Campbell, da Justi\u00e7a Eleitoral, que atinge a TV Brasil e as redes sociais, foi tomada para vedar ataques \u00e0s urnas<\/strong><\/p>\n<p>O ministro Mauro Campbell, do\u00a0<a href=\"http:\/\/metropoles.com\/tag\/tse\" target=\"_blank\" rel=\"noopener\">Tribunal Superior Eleitoral<\/a>\u00a0(TSE), determinou nesta quarta-feira (24\/8) que a TV Brasil e as redes sociais retirem do ar o v\u00eddeo da reuni\u00e3o do presidente\u00a0<a href=\"https:\/\/eleicoes.metropoles.com\/2022\/candidatos\/presidente\/jair-bolsonaro\/\" target=\"_blank\" rel=\"noopener\">Jair Bolsonaro<\/a>\u00a0(PL) com embaixadores, realizada em 18 de julho.<\/p>\n<p>Na reuni\u00e3o com diplomatas, realizada no Pal\u00e1cio da Alvorada,\u00a0<a href=\"https:\/\/www.metropoles.com\/brasil\/politica-brasil\/a-embaixadores-bolsonaro-volta-a-questionar-urna-e-criticar-ministros\" target=\"_blank\" rel=\"noopener\">o mandat\u00e1rio da Rep\u00fablica voltou a levantar suspeitas sobre as urnas eletr\u00f4nicas<\/a>, repetiu argumentos j\u00e1 desmentidos por \u00f3rg\u00e3os oficiais e reiterou que as elei\u00e7\u00f5es deste ano devem ser \u201climpas\u201d e \u201ctransparentes\u201d.<\/p>\n<p>Ap\u00f3s a reuni\u00e3o com embaixadores, diversos partidos da oposi\u00e7\u00e3o questionaram o encontro na Justi\u00e7a Eleitoral.<\/p>\n<p>O Partido Liberal (PL), legenda de Bolsonaro, disse que o evento n\u00e3o configura propaganda eleitoral antecipada. O argumento foi o mesmo usado pela defesa do presidente,\u00a0<a href=\"https:\/\/www.metropoles.com\/brasil\/eleicoes-2022\/bolsonaro-ao-tse-encontro-com-embaixadores-nao-teve-carater-eleitoral\" target=\"_blank\" rel=\"noopener\">que alegou n\u00e3o ter car\u00e1ter eleitoreiro a agenda com diplomatas<\/a>.<\/p>\n<p data-gtm-vis-recent-on-screen-8752935_862=\"121936\" data-gtm-vis-first-on-screen-8752935_862=\"121936\" data-gtm-vis-total-visible-time-8752935_862=\"100\" data-gtm-vis-has-fired-8752935_862=\"1\" data-gtm-vis-recent-on-screen-8752935_866=\"121938\" data-gtm-vis-first-on-screen-8752935_866=\"121938\" data-gtm-vis-total-visible-time-8752935_866=\"100\" data-gtm-vis-has-fired-8752935_866=\"1\">Segundo Campbell, \u201co material veiculado em m\u00eddias sociais, em raz\u00e3o da proximidade do pleito, poderia, ainda, caracterizar meio abusivo para obten\u00e7\u00e3o de votos, com o aumento da popularidade do representado, potencializada pelo lugar de fala por ele ocupado\u201d.<\/p>\n<p>\u201cH\u00e1 risco evidente de irreversibilidade do dano causado ao representante e \u00e0 pr\u00f3pria Justi\u00e7a Eleitoral, no que tange \u00e0 confiabilidade do processo eleitoral, em raz\u00e3o da dissemina\u00e7\u00e3o de informa\u00e7\u00f5es falsas, relativamente ao sistema de vota\u00e7\u00e3o e totaliza\u00e7\u00e3o de votos, adotado h\u00e1 mais de vinte anos por este Tribunal\u201d, escreveu o ministro.<\/p>\n<p>&nbsp;<\/p>\n","protected":false},"excerpt":{"rendered":"<p>Decis\u00e3o do ministro Mauro Campbell, da Justi\u00e7a Eleitoral, que atinge a TV Brasil e as redes sociais, foi tomada para vedar ataques \u00e0s urnas O ministro Mauro Campbell, do\u00a0Tribunal Superior Eleitoral\u00a0(TSE), determinou nesta quarta-feira (24\/8) que a TV Brasil e as redes sociais retirem do ar o v\u00eddeo da reuni\u00e3o do presidente\u00a0Jair Bolsonaro\u00a0(PL) com embaixadores, [&hellip;]<\/p>\n","protected":false},"author":2,"featured_media":110396,"comment_status":"open","ping_status":"open","sticky":false,"template":"","format":"standard","meta":[],"categories":[96,105],"tags":[],"_links":{"self":[{"href":"https:\/\/www.blogdopaulonunes.com\/v5\/index.php\/wp-json\/wp\/v2\/posts\/110395"}],"collection":[{"href":"https:\/\/www.blogdopaulonunes.com\/v5\/index.php\/wp-json\/wp\/v2\/posts"}],"about":[{"href":"https:\/\/www.blogdopaulonunes.com\/v5\/index.php\/wp-json\/wp\/v2\/types\/post"}],"author":[{"embeddable":true,"href":"https:\/\/www.blogdopaulonunes.com\/v5\/index.php\/wp-json\/wp\/v2\/users\/2"}],"replies":[{"embeddable":true,"href":"https:\/\/www.blogdopaulonunes.com\/v5\/index.php\/wp-json\/wp\/v2\/comments?post=110395"}],"version-history":[{"count":1,"href":"https:\/\/www.blogdopaulonunes.com\/v5\/index.php\/wp-json\/wp\/v2\/posts\/110395\/revisions"}],"predecessor-version":[{"id":110397,"href":"https:\/\/www.blogdopaulonunes.com\/v5\/index.php\/wp-json\/wp\/v2\/posts\/110395\/revisions\/110397"}],"wp:featuredmedia":[{"embeddable":true,"href":"https:\/\/www.blogdopaulonunes.com\/v5\/index.php\/wp-json\/wp\/v2\/media\/110396"}],"wp:attachment":[{"href":"https:\/\/www.blogdopaulonunes.com\/v5\/index.php\/wp-json\/wp\/v2\/media?parent=110395"}],"wp:term":[{"taxonomy":"category","embeddable":true,"href":"https:\/\/www.blogdopaulonunes.com\/v5\/index.php\/wp-json\/wp\/v2\/categories?post=110395"},{"taxonomy":"post_tag","embeddable":true,"href":"https:\/\/www.blogdopaulonunes.com\/v5\/index.php\/wp-json\/wp\/v2\/tags?post=110395"}],"curies":[{"name":"wp","href":"https:\/\/api.w.org\/{rel}","templated":true}]}}