{"id":110084,"date":"2022-07-20T03:14:11","date_gmt":"2022-07-20T06:14:11","guid":{"rendered":"https:\/\/www.blogdopaulonunes.com\/v5\/?p=110084"},"modified":"2022-07-20T03:14:11","modified_gmt":"2022-07-20T06:14:11","slug":"vereador-xando-denuncia-situacao-do-novo-cemiterio-municipal-de-conquista-o-povo-esta-sendo-enterrado-no-lixo","status":"publish","type":"post","link":"https:\/\/www.blogdopaulonunes.com\/v5\/index.php\/2022\/07\/20\/vereador-xando-denuncia-situacao-do-novo-cemiterio-municipal-de-conquista-o-povo-esta-sendo-enterrado-no-lixo\/","title":{"rendered":"Vereador Xand\u00f3 denuncia situa\u00e7\u00e3o do novo Cemit\u00e9rio Municipal de Conquista: \u201cO povo est\u00e1 sendo enterrado no lixo\u201d"},"content":{"rendered":"<p><strong>Obra custou mais de R$700 mil de dinheiro p\u00fablico, mas causa indigna\u00e7\u00e3o na popula\u00e7\u00e3o<\/strong><\/p>\n<p style=\"text-align: justify;\">Situado no bairro Zabel\u00ea, zona oeste de Vit\u00f3ria da Conquista, o novo Cemit\u00e9rio Municipal custou o montante de R$703.392,73 aos cofres p\u00fablicos da gest\u00e3o de Sheila Lemos (Uni\u00e3o Brasil). Entretanto, cerca de quatro meses depois da inaugura\u00e7\u00e3o, o \u00e9 cen\u00e1rio desolador.<\/p>\n<p style=\"text-align: justify;\">O vereador e pr\u00e9-candidato a deputado federal, Alexandre Xand\u00f3 (PT), esteve no local e exp\u00f4s em suas redes sociais a seguinte situa\u00e7\u00e3o: \u201cAo abrir as covas, os servidores est\u00e3o se deparando com lixo e entulho, e a quantidade alarmante de moscas causa grave inc\u00f4modo nesse lugar de despedida de entes queridos. Quem teve a ideia de criar esse cemit\u00e9rio nesse local n\u00e3o se importou com o fato de que ali antes era um lix\u00e3o e ao redor do terreno existe um local de descarte irregular de entulhos.\u201d<img loading=\"lazy\" class=\"alignnone size-full wp-image-110086\" src=\"https:\/\/www.blogdopaulonunes.com\/v5\/wp-content\/uploads\/2022\/07\/Cemiterio-de-lixo.jpg9_.jpg\" alt=\"\" width=\"500\" height=\"373\" \/><\/p>\n<p style=\"text-align: justify;\">Em cobran\u00e7a \u00e0 prefeita Sheila Lemos, o parlamentar disparou: \u201cAs fam\u00edlias que v\u00eam aqui se deparam com o lix\u00e3o, urubu, mosca e entulho! Ser\u00e1 que a Prefeita enterraria algum familiar seu neste local?\u201d.<\/p>\n","protected":false},"excerpt":{"rendered":"<p>Obra custou mais de R$700 mil de dinheiro p\u00fablico, mas causa indigna\u00e7\u00e3o na popula\u00e7\u00e3o Situado no bairro Zabel\u00ea, zona oeste de Vit\u00f3ria da Conquista, o novo Cemit\u00e9rio Municipal custou o montante de R$703.392,73 aos cofres p\u00fablicos da gest\u00e3o de Sheila Lemos (Uni\u00e3o Brasil). Entretanto, cerca de quatro meses depois da inaugura\u00e7\u00e3o, o \u00e9 cen\u00e1rio desolador. [&hellip;]<\/p>\n","protected":false},"author":2,"featured_media":110085,"comment_status":"open","ping_status":"open","sticky":false,"template":"","format":"standard","meta":[],"categories":[81,105],"tags":[],"_links":{"self":[{"href":"https:\/\/www.blogdopaulonunes.com\/v5\/index.php\/wp-json\/wp\/v2\/posts\/110084"}],"collection":[{"href":"https:\/\/www.blogdopaulonunes.com\/v5\/index.php\/wp-json\/wp\/v2\/posts"}],"about":[{"href":"https:\/\/www.blogdopaulonunes.com\/v5\/index.php\/wp-json\/wp\/v2\/types\/post"}],"author":[{"embeddable":true,"href":"https:\/\/www.blogdopaulonunes.com\/v5\/index.php\/wp-json\/wp\/v2\/users\/2"}],"replies":[{"embeddable":true,"href":"https:\/\/www.blogdopaulonunes.com\/v5\/index.php\/wp-json\/wp\/v2\/comments?post=110084"}],"version-history":[{"count":1,"href":"https:\/\/www.blogdopaulonunes.com\/v5\/index.php\/wp-json\/wp\/v2\/posts\/110084\/revisions"}],"predecessor-version":[{"id":110087,"href":"https:\/\/www.blogdopaulonunes.com\/v5\/index.php\/wp-json\/wp\/v2\/posts\/110084\/revisions\/110087"}],"wp:featuredmedia":[{"embeddable":true,"href":"https:\/\/www.blogdopaulonunes.com\/v5\/index.php\/wp-json\/wp\/v2\/media\/110085"}],"wp:attachment":[{"href":"https:\/\/www.blogdopaulonunes.com\/v5\/index.php\/wp-json\/wp\/v2\/media?parent=110084"}],"wp:term":[{"taxonomy":"category","embeddable":true,"href":"https:\/\/www.blogdopaulonunes.com\/v5\/index.php\/wp-json\/wp\/v2\/categories?post=110084"},{"taxonomy":"post_tag","embeddable":true,"href":"https:\/\/www.blogdopaulonunes.com\/v5\/index.php\/wp-json\/wp\/v2\/tags?post=110084"}],"curies":[{"name":"wp","href":"https:\/\/api.w.org\/{rel}","templated":true}]}}