{"id":110079,"date":"2022-07-20T01:43:54","date_gmt":"2022-07-20T04:43:54","guid":{"rendered":"https:\/\/www.blogdopaulonunes.com\/v5\/?p=110079"},"modified":"2022-07-20T02:48:58","modified_gmt":"2022-07-20T05:48:58","slug":"camara-faz-balanco-das-atividades-do-1o-semestre-de-2022-em-coletiva-a-imprensa","status":"publish","type":"post","link":"https:\/\/www.blogdopaulonunes.com\/v5\/index.php\/2022\/07\/20\/camara-faz-balanco-das-atividades-do-1o-semestre-de-2022-em-coletiva-a-imprensa\/","title":{"rendered":"C\u00e2mara faz balan\u00e7o das atividades do 1\u00ba semestre de 2022 em coletiva \u00e0 imprensa"},"content":{"rendered":"<p style=\"text-align: justify;\">Foi realizada na manh\u00e3 desta ter\u00e7a-feira, 19, no Plen\u00e1rio da C\u00e2mara Municipal de Vit\u00f3ria da conquista, um encontro do presidente da Casa, vereador Luis Carlos Dud\u00e9 (MDB), com a imprensa conquistense, para apresentar um balan\u00e7o das atividades do Legislativo Municipal no primeiro semestre de 2022.<\/p>\n<p style=\"text-align: justify;\">Dentre as atividades apresentadas est\u00e3o 59 Projetos de Lei do Legislativo, 14 Projetos de Lei do Executivo, 24 requerimentos de Tribuna Livre, 29 audi\u00eancias p\u00fablicas, 1.219 indica\u00e7\u00f5es, 102 requerimentos, duas sess\u00f5es itinerantes, cinco sess\u00f5es especiais e duas sess\u00f5es solenes.<\/p>\n<p style=\"text-align: justify;\">O presidente da Casa falou ainda sobre a reforma que ser\u00e1 realizada ainda no segundo semestre deste ano, nas depend\u00eancias da C\u00e2mara, visando a um melhor desenvolvimento das atividades, bem como os tr\u00e2mites para a inaugura\u00e7\u00e3o da R\u00e1dio C\u00e2mara 90.3 FM. \u201cHouve um problema na instala\u00e7\u00e3o do transmissor da nossa r\u00e1dio, que j\u00e1 est\u00e1 sendo resolvido. Verificamos que o transmissor est\u00e1 instalado em Reserva Ambiental, e por conta disso a Coelba n\u00e3o fez a liga\u00e7\u00e3o de energia, mas j\u00e1 estamos resolvendo e logo a r\u00e1dio estar\u00e1 no ar\u201d, explicou.<\/p>\n<p style=\"text-align: justify;\">Outro ponto relatado por Dud\u00e9 foi o empr\u00e9stimo de US$ 72 milh\u00f5es, aprovado pelo Legislativo, para que a prefeitura possa executar obras na cidade: \u201cLembrando que esse valor s\u00f3 poder\u00e1 ser usado em obras em localidades que ficam no Anel Rodovi\u00e1rio para dentro. Esse foi o projeto mais importante que passou por essa Casa neste ano de 2022\u201d, afirmou.<!--more--><\/p>\n<p style=\"text-align: justify;\">Representando o Jornal e Site Di\u00e1rio do Sudoeste, Toninho da Luz questionou mais investimentos para a sa\u00fade do munic\u00edpio. \u201cA gente v\u00ea obras por toda a cidade, mas a sa\u00fade est\u00e1 prec\u00e1ria\u201d, disse, cobrando mais a\u00e7\u00f5es da C\u00e2mara para esse segmento. Dud\u00e9 lembrou que na Casa existe uma Comiss\u00e3o de Sa\u00fade que tem trabalhado no intuito de cobrar e fiscalizar as a\u00e7\u00f5es e investimentos do Poder Executivo para a sa\u00fade local.<\/p>\n<p style=\"text-align: justify;\">O jornalista Jeremias Mac\u00e1rio criticou a aprova\u00e7\u00e3o da taxa de lixo lembrando que a popula\u00e7\u00e3o ter\u00e1 que arcar com mais um custo e pediu mais projetos sociais voltados para a sociedade. O presidente explicou que diversos projetos sociais foram criados pela Casa, que vem trabalhando sempre no sentido de proporcionar melhores condi\u00e7\u00f5es de vida \u00e0 popula\u00e7\u00e3o.<\/p>\n<p style=\"text-align: justify;\">Marcelo Gerra, do Blog do Marcelo, questionou ao presidente sobre o per\u00edodo em que esteve \u00e0 frente da prefeitura e se o mesmo havia sido surpreendido de alguma forma. Em resposta, Dud\u00e9 lembrou que a prefeita Sheila Lemos (UB) vem trabalhando de forma clara e transparente, por isso sua passagem pela prefeitura foi tranquila.<\/p>\n<p style=\"text-align: justify;\">Representando o Jornal Impacto, Tico Oliveira relatou que acompanha todas as sess\u00f5es da Casa e que n\u00e3o viu nenhuma movimenta\u00e7\u00e3o dos parlamentares sobre a\u00e7\u00f5es de combate \u00e0 fome na cidade. Tamb\u00e9m fez cr\u00edticas ao apoio dos vereadores a candidatos a deputados de fora. Por sua vez, Dud\u00e9 lembrou de projetos sociais voltados para o combate \u00e0 fome em todo o pa\u00eds e ressaltou a import\u00e2ncia de se apoiar os deputados locais, mas destacou que \u201cse estes n\u00e3o mandam recursos para a cidade, temos, sim, que apoiar \u00e0queles que trazem dinheiro e investimentos para a nossa cidade\u201d.<\/p>\n<p style=\"text-align: justify;\">Alex Miller, do Blog Transpar\u00eancia, questionou a constru\u00e7\u00e3o do cemit\u00e9rio, alegando que o mesmo foi feito dentro de um lix\u00e3o. Dud\u00e9 lembrou que um cemit\u00e9rio particular da cidade tamb\u00e9m est\u00e1 situado no mesmo local e garantiu uma visita dos vereadores ao local para verificar as condi\u00e7\u00f5es do mesmo.<\/p>\n<p style=\"text-align: justify;\">Representando o Blog do Massinha e o Programa Agito Geral, Pedro Alexandre Massinha falou de pol\u00edtica, do apoio a deputados que investem na cidade e pediu mais valoriza\u00e7\u00e3o aos blogs da cidade.<\/p>\n<p style=\"text-align: justify;\">Paulo Nunes, do Blog do Paulo Nunes, questionou as obras do Jardim Val\u00e9ria, pedindo que a C\u00e2mara realize uma fiscaliza\u00e7\u00e3o para que as obras de pavimenta\u00e7\u00e3o sejam realizadas da melhor forma. Tamb\u00e9m criticou o asfalto que est\u00e1 sendo colocado no local. Dud\u00e9 lembrou que a C\u00e2mara est\u00e1 atenta a essas quest\u00f5es e que o asfalto ainda n\u00e3o foi colocado no bairro.<\/p>\n<p style=\"text-align: justify;\">O jornalista Rodrigo Ferraz, do Blog do Rodrigo Ferraz, pediu a Dud\u00e9 que falasse das emendas do deputado federal Arthur Maia, no Bairro Patag\u00f4nia, e na feira do Bairro Brasil. O presidente disse que nenhum prefeito at\u00e9 ent\u00e3o tinha se preocupado em construir uma unidade de sa\u00fade no Patag\u00f4nia, mas que seu mandato conseguiu com o parlamentar a verba para constru\u00e7\u00e3o e compra de equipamentos. \u201cSer\u00e3o quase R$ 2 milh\u00f5es de investimentos na localidade\u201d, pontuou.<\/p>\n<p style=\"text-align: justify;\">O vereador Nildo Freitas (PTC) agradeceu a presen\u00e7a dos colegas da imprensa, justificando o seu atraso na coletiva por conta de uma a\u00e7\u00e3o da Comiss\u00e3o de Defesa do Consumidor, na fiscaliza\u00e7\u00e3o de revendedoras de g\u00e1s de cozinha na cidade: \u201cEstamos realizando um trabalho de fiscaliza\u00e7\u00e3o para entendermos o porqu\u00ea de o combust\u00edvel e o g\u00e1s de cozinha em Conquista serem mais caros que em outras cidades da regi\u00e3o\u201d, explicou.<\/p>\n<p style=\"text-align: justify;\">Participaram da coletiva representantes dos seguintes ve\u00edculos de comunica\u00e7\u00e3o: Blog do Sena, Blog do Massinha e Programa Agito Geral, Jornal Impacto, Blog A Gente Diz, Blog do Rodrigo Ferraz, Blog do Leo Santos, Blog Vit\u00f3ria da Conquista (Blog do Marcelo), Blog da Resenha Geral, Blog do D\u00e1rcio, Site Express\u00e3o Bahia, Reda\u00e7\u00e3o Brasil e Blog do Reda\u00e7\u00e3o, Blog Transpar\u00eancia, Mega R\u00e1dio, R\u00e1dio Clube, R\u00e1dio Melodia, R\u00e1dio Bandeirantes, Brasil FM, Blog do Paulo Nunes, Jornal e Site Di\u00e1rio do Sudoeste, al\u00e9m do jornalista Jeremias Mac\u00e1rio, do cinegrafista Roberto Dias e do radialista Ricardo Gordo.\/blogdorodrigoferraz<\/p>\n","protected":false},"excerpt":{"rendered":"<p>Foi realizada na manh\u00e3 desta ter\u00e7a-feira, 19, no Plen\u00e1rio da C\u00e2mara Municipal de Vit\u00f3ria da conquista, um encontro do presidente da Casa, vereador Luis Carlos Dud\u00e9 (MDB), com a imprensa conquistense, para apresentar um balan\u00e7o das atividades do Legislativo Municipal no primeiro semestre de 2022. Dentre as atividades apresentadas est\u00e3o 59 Projetos de Lei do [&hellip;]<\/p>\n","protected":false},"author":2,"featured_media":110080,"comment_status":"open","ping_status":"open","sticky":false,"template":"","format":"standard","meta":[],"categories":[81,105],"tags":[],"_links":{"self":[{"href":"https:\/\/www.blogdopaulonunes.com\/v5\/index.php\/wp-json\/wp\/v2\/posts\/110079"}],"collection":[{"href":"https:\/\/www.blogdopaulonunes.com\/v5\/index.php\/wp-json\/wp\/v2\/posts"}],"about":[{"href":"https:\/\/www.blogdopaulonunes.com\/v5\/index.php\/wp-json\/wp\/v2\/types\/post"}],"author":[{"embeddable":true,"href":"https:\/\/www.blogdopaulonunes.com\/v5\/index.php\/wp-json\/wp\/v2\/users\/2"}],"replies":[{"embeddable":true,"href":"https:\/\/www.blogdopaulonunes.com\/v5\/index.php\/wp-json\/wp\/v2\/comments?post=110079"}],"version-history":[{"count":3,"href":"https:\/\/www.blogdopaulonunes.com\/v5\/index.php\/wp-json\/wp\/v2\/posts\/110079\/revisions"}],"predecessor-version":[{"id":110083,"href":"https:\/\/www.blogdopaulonunes.com\/v5\/index.php\/wp-json\/wp\/v2\/posts\/110079\/revisions\/110083"}],"wp:featuredmedia":[{"embeddable":true,"href":"https:\/\/www.blogdopaulonunes.com\/v5\/index.php\/wp-json\/wp\/v2\/media\/110080"}],"wp:attachment":[{"href":"https:\/\/www.blogdopaulonunes.com\/v5\/index.php\/wp-json\/wp\/v2\/media?parent=110079"}],"wp:term":[{"taxonomy":"category","embeddable":true,"href":"https:\/\/www.blogdopaulonunes.com\/v5\/index.php\/wp-json\/wp\/v2\/categories?post=110079"},{"taxonomy":"post_tag","embeddable":true,"href":"https:\/\/www.blogdopaulonunes.com\/v5\/index.php\/wp-json\/wp\/v2\/tags?post=110079"}],"curies":[{"name":"wp","href":"https:\/\/api.w.org\/{rel}","templated":true}]}}