{"id":110074,"date":"2022-07-20T01:11:12","date_gmt":"2022-07-20T04:11:12","guid":{"rendered":"https:\/\/www.blogdopaulonunes.com\/v5\/?p=110074"},"modified":"2022-07-20T01:11:12","modified_gmt":"2022-07-20T04:11:12","slug":"brasil-registra-378-mortes-por-covid-e-mais-de-78-mil-casos","status":"publish","type":"post","link":"https:\/\/www.blogdopaulonunes.com\/v5\/index.php\/2022\/07\/20\/brasil-registra-378-mortes-por-covid-e-mais-de-78-mil-casos\/","title":{"rendered":"Brasil registra 378 mortes por Covid e mais de 78 mil casos"},"content":{"rendered":"<p style=\"text-align: justify;\">O Brasil registrou 378 mortes por Covid e 78.405 casos da doen\u00e7a, nesta ter\u00e7a-feira (19). Dessa forma, o pa\u00eds chega a 675.929 vidas perdidas e a 33.398.040 pessoas infectadas pelo Sars-CoV-2 desde o in\u00edcio da pandemia.<\/p>\n<p style=\"text-align: justify;\">As m\u00e9dias m\u00f3veis de mortes e casos est\u00e3o em estabilidade, ou seja, sem varia\u00e7\u00f5es superiores a 15% em rela\u00e7\u00e3o aos dados de duas semanas atr\u00e1s. A m\u00e9dia de \u00f3bitos agora \u00e9 de 252 por dia e a de infec\u00e7\u00f5es \u00e9 de 56.109.<\/p>\n<p style=\"text-align: justify;\">Os dados do pa\u00eds, coletados at\u00e9 20h, s\u00e3o fruto de colabora\u00e7\u00e3o entre Folha de S.Paulo, UOL, O Estado de S. Paulo, Extra, O Globo e G1 para reunir e divulgar os n\u00fameros relativos \u00e0 pandemia do coronav\u00edrus. As informa\u00e7\u00f5es s\u00e3o recolhidas pelo cons\u00f3rcio de ve\u00edculos de imprensa diariamente com as Secretarias de Sa\u00fade estaduais.<\/p>\n<p style=\"text-align: justify;\">Ao todo, 179.530.534 pessoas receberam pelo menos a primeira dose de uma vacina contra a Covid no Brasil. Somadas as doses \u00fanicas da vacina da Janssen contra a Covid, j\u00e1 s\u00e3o 168.491.264 pessoas com as duas doses ou com uma dose da vacina da Janssen.<!--more--><\/p>\n<p style=\"text-align: justify;\">Assim, o pa\u00eds j\u00e1 tem 83,57% da popula\u00e7\u00e3o com a 1\u00aa dose e 78,43% dos brasileiros com as duas doses ou uma dose da vacina da Janssen.<\/p>\n<p style=\"text-align: justify;\">At\u00e9 o momento, 99.061.124 pessoas j\u00e1 tomaram a terceira dose e 19.900.345 a quarta.<\/p>\n<p style=\"text-align: justify;\">O cons\u00f3rcio re\u00fane tamb\u00e9m o registro das doses de vacinas aplicadas em crian\u00e7as. A popula\u00e7\u00e3o de 5 a 11 anos parcialmente imunizada (com somente a primeira dose de vacina recebida) \u00e9 de 64,32%, totalizando 13.185.912. Na mesma faixa et\u00e1ria, 40,40% (8.281.994) recebeu a segunda dose ou a dose \u00fanica. Tamb\u00e9m houve revis\u00e3o das doses aplicadas nessa faixa et\u00e1ria.<\/p>\n<p style=\"text-align: justify;\">Mesmo quem recebeu as duas doses ou uma dose da vacina da Janssen deve manter cuidados b\u00e1sicos, como uso de m\u00e1scara e distanciamento social, afirmam especialistas.<\/p>\n<p style=\"text-align: justify;\">A iniciativa do cons\u00f3rcio de ve\u00edculos de imprensa ocorreu em resposta \u00e0s atitudes do governo Jair Bolsonaro (PL), que amea\u00e7ou sonegar dados, atrasou boletins sobre a doen\u00e7a e tirou informa\u00e7\u00f5es do ar, com a interrup\u00e7\u00e3o da divulga\u00e7\u00e3o dos totais de casos e mortes. Al\u00e9m disso, o governo divulgou dados conflitantes.<\/p>\n","protected":false},"excerpt":{"rendered":"<p>O Brasil registrou 378 mortes por Covid e 78.405 casos da doen\u00e7a, nesta ter\u00e7a-feira (19). Dessa forma, o pa\u00eds chega a 675.929 vidas perdidas e a 33.398.040 pessoas infectadas pelo Sars-CoV-2 desde o in\u00edcio da pandemia. As m\u00e9dias m\u00f3veis de mortes e casos est\u00e3o em estabilidade, ou seja, sem varia\u00e7\u00f5es superiores a 15% em rela\u00e7\u00e3o [&hellip;]<\/p>\n","protected":false},"author":2,"featured_media":110075,"comment_status":"open","ping_status":"open","sticky":false,"template":"","format":"standard","meta":[],"categories":[29,71],"tags":[],"_links":{"self":[{"href":"https:\/\/www.blogdopaulonunes.com\/v5\/index.php\/wp-json\/wp\/v2\/posts\/110074"}],"collection":[{"href":"https:\/\/www.blogdopaulonunes.com\/v5\/index.php\/wp-json\/wp\/v2\/posts"}],"about":[{"href":"https:\/\/www.blogdopaulonunes.com\/v5\/index.php\/wp-json\/wp\/v2\/types\/post"}],"author":[{"embeddable":true,"href":"https:\/\/www.blogdopaulonunes.com\/v5\/index.php\/wp-json\/wp\/v2\/users\/2"}],"replies":[{"embeddable":true,"href":"https:\/\/www.blogdopaulonunes.com\/v5\/index.php\/wp-json\/wp\/v2\/comments?post=110074"}],"version-history":[{"count":1,"href":"https:\/\/www.blogdopaulonunes.com\/v5\/index.php\/wp-json\/wp\/v2\/posts\/110074\/revisions"}],"predecessor-version":[{"id":110076,"href":"https:\/\/www.blogdopaulonunes.com\/v5\/index.php\/wp-json\/wp\/v2\/posts\/110074\/revisions\/110076"}],"wp:featuredmedia":[{"embeddable":true,"href":"https:\/\/www.blogdopaulonunes.com\/v5\/index.php\/wp-json\/wp\/v2\/media\/110075"}],"wp:attachment":[{"href":"https:\/\/www.blogdopaulonunes.com\/v5\/index.php\/wp-json\/wp\/v2\/media?parent=110074"}],"wp:term":[{"taxonomy":"category","embeddable":true,"href":"https:\/\/www.blogdopaulonunes.com\/v5\/index.php\/wp-json\/wp\/v2\/categories?post=110074"},{"taxonomy":"post_tag","embeddable":true,"href":"https:\/\/www.blogdopaulonunes.com\/v5\/index.php\/wp-json\/wp\/v2\/tags?post=110074"}],"curies":[{"name":"wp","href":"https:\/\/api.w.org\/{rel}","templated":true}]}}