{"id":110066,"date":"2022-07-19T09:02:46","date_gmt":"2022-07-19T12:02:46","guid":{"rendered":"https:\/\/www.blogdopaulonunes.com\/v5\/?p=110066"},"modified":"2022-07-19T09:02:46","modified_gmt":"2022-07-19T12:02:46","slug":"lideres-do-mdb-em-11-estados-selam-acordo-para-apoiar-lula-no-1o-turno","status":"publish","type":"post","link":"https:\/\/www.blogdopaulonunes.com\/v5\/index.php\/2022\/07\/19\/lideres-do-mdb-em-11-estados-selam-acordo-para-apoiar-lula-no-1o-turno\/","title":{"rendered":"L\u00edderes do MDB em 11 estados selam acordo para apoiar Lula no 1\u00ba turno"},"content":{"rendered":"<p><strong>Partido tem a senadora Simone Tebet (MS) como pr\u00e9-candidata a presidente<\/strong><\/p>\n<p style=\"text-align: justify;\">L\u00edderes do MDB de diversos estados se reuniram nesta segunda-feira (18) e declararam apoio \u00e0 do chapa ex-presidente Luiz In\u00e1cio Lula da Silva (PT) para a Presid\u00eancia da Rep\u00fablica. O partido tem a senadora Simone Tebet como pr\u00e9-candidata a presidente.<\/p>\n<p style=\"text-align: justify;\">Apesar dos representantes do MDB em 11 estados brasileiros anunciarem o apoio a candidatura de Lula j\u00e1 no primeiro turno, o presidente da nacional da legenda, o deputado Baleia Rossi, declarou que os diret\u00f3rios estaduais est\u00e3o com Tebet.<\/p>\n<p style=\"text-align: justify;\">No grupo que encontrou Lula e a deputada Gleisi Hoffmann (PT-PR), tem governador, senadores, ex-governadores, presidentes de diret\u00f3rios estaduais e l\u00edderes do partido na C\u00e2mara e no Senado. S\u00e3o parlamentares de nove diret\u00f3rios que representam, ao todo, 11 estados:<\/p>\n<p style=\"text-align: justify;\">Alagoas: governador Paulo Dantas, senador Renan Calheiros, ex-governador Renan Filho e deputado Isnaldo Bulh\u00f5es, l\u00edder do partido na C\u00e2mara<!--more--><br \/>\nAmazonas: senador Eduardo Braga, l\u00edder do partido no Senado<br \/>\nBahia: ex-deputado L\u00facio Vieira Lima<br \/>\nCear\u00e1: ex-senador Eun\u00edcio de Oliveira<br \/>\nEsp\u00edrito Santo: senadora Rose de Freitas<br \/>\nMaranh\u00e3o: ex-senador Edson Lob\u00e3o, representando tamb\u00e9m a fam\u00edlia Sarney Paraiba: senador Veneziano Vital do R\u00eago<br \/>\nPiau\u00ed: senador Marcelo Castro<br \/>\nRio de Janeiro: deputado licenciado Leonardo Picciani<br \/>\nRepresentantes do Par\u00e1 (Elder Barbalho) e do Rio Grande do Norte (Garibaldi Alves) n\u00e3o compareceram, mas tamb\u00e9m est\u00e3o com o grupo e se reuniram com a chapa na semana passada.<\/p>\n<p>Dentro do MDB, que oficialmente segue com Tebet como pr\u00e9-candidata com chancela do presidente nacional Baleia Rossi, o encontro \u00e9 visto com indiferen\u00e7a. As lideran\u00e7as que apoiam a senadora argumentam que este grupo sempre foi pr\u00f3ximo a Lula e, na pr\u00e1tica, j\u00e1 apoiariam o ex-presidente de qualquer jeito.<\/p>\n","protected":false},"excerpt":{"rendered":"<p>Partido tem a senadora Simone Tebet (MS) como pr\u00e9-candidata a presidente L\u00edderes do MDB de diversos estados se reuniram nesta segunda-feira (18) e declararam apoio \u00e0 do chapa ex-presidente Luiz In\u00e1cio Lula da Silva (PT) para a Presid\u00eancia da Rep\u00fablica. O partido tem a senadora Simone Tebet como pr\u00e9-candidata a presidente. Apesar dos representantes do [&hellip;]<\/p>\n","protected":false},"author":2,"featured_media":110067,"comment_status":"open","ping_status":"open","sticky":false,"template":"","format":"standard","meta":[],"categories":[96,71],"tags":[],"_links":{"self":[{"href":"https:\/\/www.blogdopaulonunes.com\/v5\/index.php\/wp-json\/wp\/v2\/posts\/110066"}],"collection":[{"href":"https:\/\/www.blogdopaulonunes.com\/v5\/index.php\/wp-json\/wp\/v2\/posts"}],"about":[{"href":"https:\/\/www.blogdopaulonunes.com\/v5\/index.php\/wp-json\/wp\/v2\/types\/post"}],"author":[{"embeddable":true,"href":"https:\/\/www.blogdopaulonunes.com\/v5\/index.php\/wp-json\/wp\/v2\/users\/2"}],"replies":[{"embeddable":true,"href":"https:\/\/www.blogdopaulonunes.com\/v5\/index.php\/wp-json\/wp\/v2\/comments?post=110066"}],"version-history":[{"count":1,"href":"https:\/\/www.blogdopaulonunes.com\/v5\/index.php\/wp-json\/wp\/v2\/posts\/110066\/revisions"}],"predecessor-version":[{"id":110068,"href":"https:\/\/www.blogdopaulonunes.com\/v5\/index.php\/wp-json\/wp\/v2\/posts\/110066\/revisions\/110068"}],"wp:featuredmedia":[{"embeddable":true,"href":"https:\/\/www.blogdopaulonunes.com\/v5\/index.php\/wp-json\/wp\/v2\/media\/110067"}],"wp:attachment":[{"href":"https:\/\/www.blogdopaulonunes.com\/v5\/index.php\/wp-json\/wp\/v2\/media?parent=110066"}],"wp:term":[{"taxonomy":"category","embeddable":true,"href":"https:\/\/www.blogdopaulonunes.com\/v5\/index.php\/wp-json\/wp\/v2\/categories?post=110066"},{"taxonomy":"post_tag","embeddable":true,"href":"https:\/\/www.blogdopaulonunes.com\/v5\/index.php\/wp-json\/wp\/v2\/tags?post=110066"}],"curies":[{"name":"wp","href":"https:\/\/api.w.org\/{rel}","templated":true}]}}