{"id":109803,"date":"2022-07-03T14:07:31","date_gmt":"2022-07-03T17:07:31","guid":{"rendered":"https:\/\/www.blogdopaulonunes.com\/v5\/?p=109803"},"modified":"2022-07-03T14:07:31","modified_gmt":"2022-07-03T17:07:31","slug":"restricoes-para-agentes-publicos-comecam-a-valer","status":"publish","type":"post","link":"https:\/\/www.blogdopaulonunes.com\/v5\/index.php\/2022\/07\/03\/restricoes-para-agentes-publicos-comecam-a-valer\/","title":{"rendered":"Restri\u00e7\u00f5es para agentes p\u00fablicos come\u00e7am a valer"},"content":{"rendered":"<p><strong>Medidas est\u00e3o previstas na Lei das Elei\u00e7\u00f5es<\/strong><\/p>\n<p style=\"text-align: justify;\">Restri\u00e7\u00f5es para servidores p\u00fablicos e pr\u00e9-candidatos \u00e0s elei\u00e7\u00f5es de outubro passaram a valer a partir deste s\u00e1bado (2), tr\u00eas meses antes do primeiro turno.<\/p>\n<p style=\"text-align: justify;\">As medidas est\u00e3o previstas na Lei n\u00ba 9.504\/1997, conhecida como Lei das Elei\u00e7\u00f5es, e objetivam manter o equil\u00edbrio entre os candidatos.<\/p>\n<p style=\"text-align: justify;\">Pol\u00edticos est\u00e3o proibidos de autorizar a veicula\u00e7\u00e3o de publicidade estatal sobre os atos de governo, realiza\u00e7\u00e3o de obras, campanhas de \u00f3rg\u00e3os p\u00fablicos federais, estaduais e municipais, exceto no caso de grave e urgente necessidade p\u00fablica. Nesse caso, a veicula\u00e7\u00e3o dever\u00e1 ser autorizada pela Justi\u00e7a Eleitoral.<\/p>\n<p style=\"text-align: justify;\">Eles tamb\u00e9m n\u00e3o podem fazer pronunciamento oficial em cadeia de r\u00e1dio de televis\u00e3o, salvo em casos de quest\u00f5es urgentes e relevantes, cuja autoriza\u00e7\u00e3o tamb\u00e9m depender\u00e1 de autoriza\u00e7\u00e3o da Justi\u00e7a Eleitoral.<\/p>\n<p style=\"text-align: justify;\">A participa\u00e7\u00e3o em inaugura\u00e7\u00f5es de obras p\u00fablicas tamb\u00e9m est\u00e1 vedada, al\u00e9m da contrata\u00e7\u00e3o de shows art\u00edsticos com dinheiro p\u00fablico.<\/p>\n<p style=\"text-align: justify;\">Durante o per\u00edodo eleitoral, funcion\u00e1rios p\u00fablicos n\u00e3o podem ser contratados, demitidos ou transferidos at\u00e9 a posse dos eleitos.<\/p>\n<p style=\"text-align: justify;\">No entanto, est\u00e3o liberadas a exonera\u00e7\u00e3o e a nomea\u00e7\u00e3o de cargos em comiss\u00e3o e fun\u00e7\u00f5es de confian\u00e7a, al\u00e9m das nomea\u00e7\u00f5es de aprovados em concursos p\u00fablicos homologados at\u00e9 2 de julho de 2022.<\/p>\n<p style=\"text-align: justify;\">Em julho, o calend\u00e1rio eleitoral tamb\u00e9m prev\u00ea outras datas importantes para o pleito.<\/p>\n<p style=\"text-align: justify;\">De 20 de julho at\u00e9 5 de agosto, os partidos dever\u00e3o realizar suas conven\u00e7\u00f5es para escolher oficialmente os candidatos que v\u00e3o disputar as elei\u00e7\u00f5es.<\/p>\n<p style=\"text-align: justify;\">A partir do dia 20, candidatos, partidos pol\u00edticos, coliga\u00e7\u00f5es e federa\u00e7\u00f5es ter\u00e3o direito \u00e0 solicita\u00e7\u00e3o de direito de resposta por afirma\u00e7\u00f5es consideradas caluniosas, difamat\u00f3rias ou sabidamente inver\u00eddicas que forem publicadas por ve\u00edculos de comunica\u00e7\u00e3o social.<\/p>\n<p style=\"text-align: justify;\">O primeiro turno ser\u00e1 realizado no dia 2 de outubro, quando os eleitores v\u00e3o \u00e0s urnas para eleger o presidente da Rep\u00fablica, governadores, senadores, deputados federais, estaduais e distritais. Eventual segundo turno para a disputa presidencial e aos governos estaduais ser\u00e1 em 30 de outubro.<\/p>\n","protected":false},"excerpt":{"rendered":"<p>Medidas est\u00e3o previstas na Lei das Elei\u00e7\u00f5es Restri\u00e7\u00f5es para servidores p\u00fablicos e pr\u00e9-candidatos \u00e0s elei\u00e7\u00f5es de outubro passaram a valer a partir deste s\u00e1bado (2), tr\u00eas meses antes do primeiro turno. As medidas est\u00e3o previstas na Lei n\u00ba 9.504\/1997, conhecida como Lei das Elei\u00e7\u00f5es, e objetivam manter o equil\u00edbrio entre os candidatos. Pol\u00edticos est\u00e3o proibidos [&hellip;]<\/p>\n","protected":false},"author":2,"featured_media":109804,"comment_status":"open","ping_status":"open","sticky":false,"template":"","format":"standard","meta":[],"categories":[96,71],"tags":[],"_links":{"self":[{"href":"https:\/\/www.blogdopaulonunes.com\/v5\/index.php\/wp-json\/wp\/v2\/posts\/109803"}],"collection":[{"href":"https:\/\/www.blogdopaulonunes.com\/v5\/index.php\/wp-json\/wp\/v2\/posts"}],"about":[{"href":"https:\/\/www.blogdopaulonunes.com\/v5\/index.php\/wp-json\/wp\/v2\/types\/post"}],"author":[{"embeddable":true,"href":"https:\/\/www.blogdopaulonunes.com\/v5\/index.php\/wp-json\/wp\/v2\/users\/2"}],"replies":[{"embeddable":true,"href":"https:\/\/www.blogdopaulonunes.com\/v5\/index.php\/wp-json\/wp\/v2\/comments?post=109803"}],"version-history":[{"count":1,"href":"https:\/\/www.blogdopaulonunes.com\/v5\/index.php\/wp-json\/wp\/v2\/posts\/109803\/revisions"}],"predecessor-version":[{"id":109805,"href":"https:\/\/www.blogdopaulonunes.com\/v5\/index.php\/wp-json\/wp\/v2\/posts\/109803\/revisions\/109805"}],"wp:featuredmedia":[{"embeddable":true,"href":"https:\/\/www.blogdopaulonunes.com\/v5\/index.php\/wp-json\/wp\/v2\/media\/109804"}],"wp:attachment":[{"href":"https:\/\/www.blogdopaulonunes.com\/v5\/index.php\/wp-json\/wp\/v2\/media?parent=109803"}],"wp:term":[{"taxonomy":"category","embeddable":true,"href":"https:\/\/www.blogdopaulonunes.com\/v5\/index.php\/wp-json\/wp\/v2\/categories?post=109803"},{"taxonomy":"post_tag","embeddable":true,"href":"https:\/\/www.blogdopaulonunes.com\/v5\/index.php\/wp-json\/wp\/v2\/tags?post=109803"}],"curies":[{"name":"wp","href":"https:\/\/api.w.org\/{rel}","templated":true}]}}