{"id":109355,"date":"2022-05-30T16:42:25","date_gmt":"2022-05-30T19:42:25","guid":{"rendered":"https:\/\/www.blogdopaulonunes.com\/v5\/?p=109355"},"modified":"2022-05-30T16:42:39","modified_gmt":"2022-05-30T19:42:39","slug":"corpo-de-bombeiros-da-bahia-busca-desaparecidos-nas-enchentes-em-pernambuco","status":"publish","type":"post","link":"https:\/\/www.blogdopaulonunes.com\/v5\/index.php\/2022\/05\/30\/corpo-de-bombeiros-da-bahia-busca-desaparecidos-nas-enchentes-em-pernambuco\/","title":{"rendered":"Corpo de Bombeiros da Bahia busca desaparecidos nas enchentes em Pernambuco"},"content":{"rendered":"<p style=\"text-align: justify;\">Os 12 bombeiros militares baianos enviados a Pernambuco participam, a partir desta segunda-feira (30), da \u201cOpera\u00e7\u00e3o Recife\u201d, de buscas a pessoas desaparecidas nos bairros de Monte Verde e Milagres. Fazem parte da equipe mergulhadores aut\u00f4nomos, al\u00e9m de especialistas em Busca e Resgate de Estruturas Colapsadas (Brec) e em Busca, Resgate e Salvamento com C\u00e3es (Bresc), que t\u00eam o apoio de uma cadela farejadora.<\/p>\n<p style=\"text-align: justify;\">\u201cEstamos \u00e0 disposi\u00e7\u00e3o da sociedade pernambucana e do Corpo de Bombeiros de Pernambuco. A chuva por aqui ainda n\u00e3o parou e tem muitas \u00e1reas com rios bastante elevados. O cen\u00e1rio ainda se mostra bastante inst\u00e1vel e as buscas permanecem incessantemente, pois muitas pessoas ainda est\u00e3o desaparecidas\u201d, explicou o tenente-coronel BM Gabriel Penna, que comanda a opera\u00e7\u00e3o.<\/p>\n<p style=\"text-align: justify;\"><strong>Atua\u00e7\u00e3o recente<\/strong><\/p>\n<p style=\"text-align: justify;\">Em fevereiro deste ano, uma equipe tamb\u00e9m com 12 bombeiros militares baianos atuou por nove dias em Petr\u00f3polis, na Regi\u00e3o Serrana do Rio de Janeiro, ap\u00f3s a \u00e1rea ser atingida por fortes chuvas.<\/p>\n","protected":false},"excerpt":{"rendered":"<p>Os 12 bombeiros militares baianos enviados a Pernambuco participam, a partir desta segunda-feira (30), da \u201cOpera\u00e7\u00e3o Recife\u201d, de buscas a pessoas desaparecidas nos bairros de Monte Verde e Milagres. Fazem parte da equipe mergulhadores aut\u00f4nomos, al\u00e9m de especialistas em Busca e Resgate de Estruturas Colapsadas (Brec) e em Busca, Resgate e Salvamento com C\u00e3es (Bresc), [&hellip;]<\/p>\n","protected":false},"author":2,"featured_media":109356,"comment_status":"open","ping_status":"open","sticky":false,"template":"","format":"standard","meta":[],"categories":[74,71],"tags":[],"_links":{"self":[{"href":"https:\/\/www.blogdopaulonunes.com\/v5\/index.php\/wp-json\/wp\/v2\/posts\/109355"}],"collection":[{"href":"https:\/\/www.blogdopaulonunes.com\/v5\/index.php\/wp-json\/wp\/v2\/posts"}],"about":[{"href":"https:\/\/www.blogdopaulonunes.com\/v5\/index.php\/wp-json\/wp\/v2\/types\/post"}],"author":[{"embeddable":true,"href":"https:\/\/www.blogdopaulonunes.com\/v5\/index.php\/wp-json\/wp\/v2\/users\/2"}],"replies":[{"embeddable":true,"href":"https:\/\/www.blogdopaulonunes.com\/v5\/index.php\/wp-json\/wp\/v2\/comments?post=109355"}],"version-history":[{"count":1,"href":"https:\/\/www.blogdopaulonunes.com\/v5\/index.php\/wp-json\/wp\/v2\/posts\/109355\/revisions"}],"predecessor-version":[{"id":109357,"href":"https:\/\/www.blogdopaulonunes.com\/v5\/index.php\/wp-json\/wp\/v2\/posts\/109355\/revisions\/109357"}],"wp:featuredmedia":[{"embeddable":true,"href":"https:\/\/www.blogdopaulonunes.com\/v5\/index.php\/wp-json\/wp\/v2\/media\/109356"}],"wp:attachment":[{"href":"https:\/\/www.blogdopaulonunes.com\/v5\/index.php\/wp-json\/wp\/v2\/media?parent=109355"}],"wp:term":[{"taxonomy":"category","embeddable":true,"href":"https:\/\/www.blogdopaulonunes.com\/v5\/index.php\/wp-json\/wp\/v2\/categories?post=109355"},{"taxonomy":"post_tag","embeddable":true,"href":"https:\/\/www.blogdopaulonunes.com\/v5\/index.php\/wp-json\/wp\/v2\/tags?post=109355"}],"curies":[{"name":"wp","href":"https:\/\/api.w.org\/{rel}","templated":true}]}}