{"id":109347,"date":"2022-05-30T10:44:46","date_gmt":"2022-05-30T13:44:46","guid":{"rendered":"https:\/\/www.blogdopaulonunes.com\/v5\/?p=109347"},"modified":"2022-05-30T10:44:46","modified_gmt":"2022-05-30T13:44:46","slug":"quem-e-gustavo-petro-o-candidato-progressista-que-venceu-o-primeiro-turno-na-colombia","status":"publish","type":"post","link":"https:\/\/www.blogdopaulonunes.com\/v5\/index.php\/2022\/05\/30\/quem-e-gustavo-petro-o-candidato-progressista-que-venceu-o-primeiro-turno-na-colombia\/","title":{"rendered":"Quem \u00e9 Gustavo Petro, o candidato progressista que venceu o primeiro turno na Col\u00f4mbia"},"content":{"rendered":"<p style=\"text-align: justify;\"><strong>Petro vai \u00e0 luta em busca da vit\u00f3ria no segundo turno no dia 19 de junho<\/strong><\/p>\n<p style=\"text-align: justify;\"><a href=\"https:\/\/feeds.arn.digital\/nota\/26968-colombia-quien-es-gustavo-petro-el-candidato-de-izquierda-que-busca-ganar-en-segunda\" target=\"_blank\" rel=\"noopener\"><b>ARN<\/b><\/a><b>\u00a0&#8211;<\/b>\u00a0Assim como em 2018, Gustavo Petro, l\u00edder do Pacto Hist\u00f3rico de esquerda, volta a disputar no domingo, 19 de junho, o segundo turno para governar a Col\u00f4mbia. Naquele ano, ele perdeu para o atual presidente Iv\u00e1n Duque. Desta vez, Rodolfo Hern\u00e1ndez ser\u00e1 seu advers\u00e1rio.<br \/>\nEsta \u00e9 a terceira vez que ele concorre \u00e0 presid\u00eancia. Em 2010, obteve 1.331.267 votos, correspondentes a 9,16% no primeiro turno. Em 2018, no primeiro turno, foi votado por 4.855.069 colombianos, o que representou 25,08%. No segundo turno alcan\u00e7ou 41,8% dos votos com 8.040.449 votos. Nas elei\u00e7\u00f5es deste domingo, ele recebeu 40,3% dos votos (8.518.416 de eleitores).<\/p>\n<p style=\"text-align: justify;\">Petro \u00e9 uma das principais figuras da esquerda colombiana que at\u00e9 agora nunca governou o pa\u00eds.<\/p>\n<p style=\"text-align: justify;\">Tornou-se militante do Movimento Guerrilheiro Urbano 19 de abril (M-19) em 1977 e passou a usar o pseud\u00f4nimo &#8220;Comandante Aureliano&#8221; em homenagem ao Coronel Aureliano Buend\u00eda, personagem do romance &#8220;Cem Anos de Solid\u00e3o&#8221; de Gabriel Garc\u00eda M\u00e1rquez. Em 1985 ele foi capturado e condenado por posse ilegal de armas e conspira\u00e7\u00e3o. Ele ficou detido at\u00e9 1987 e ap\u00f3s sua liberta\u00e7\u00e3o participou de negocia\u00e7\u00f5es para solu\u00e7\u00f5es pac\u00edficas, embora nunca tenha tido um papel de lideran\u00e7a dentro da estrutura do M-19.<!--more--><\/p>\n<p style=\"text-align: justify;\">Ap\u00f3s a liberta\u00e7\u00e3o da pris\u00e3o, Petro completou seus estudos em Economia em universidades no exterior.<\/p>\n<p style=\"text-align: justify;\">Foi prefeito de Bogot\u00e1 entre 2014 e 2015, esteve na C\u00e2mara dos Deputados (1998-2006) e foi senador da Rep\u00fablica duas vezes (2006-2010 e de 2018 at\u00e9 o presente).<\/p>\n<p style=\"text-align: justify;\">Petro se define como social-democrata ou moderado de esquerda, mas seus advers\u00e1rios pol\u00edticos mais furiosos &#8211; o n\u00facleo duro do &#8220;uribismo&#8221; &#8211; n\u00e3o acreditam nele. Como seu nome se tornou uma verdadeira op\u00e7\u00e3o de altern\u00e2ncia, a direita colombiana o acusa de supostas liga\u00e7\u00f5es com o &#8220;castrochavismo&#8221; e com o governo de Nicol\u00e1s Maduro.<\/p>\n<p style=\"text-align: justify;\">Nesta campanha, ele procurou aproximar sua prega\u00e7\u00e3o dos setores juvenis &#8211; que tiveram um papel fundamental nos protestos contra o presidente Iv\u00e1n Duque &#8211; e de quest\u00f5es mais ligadas a uma centro-esquerda moderna, como energia limpa, prote\u00e7\u00e3o ambiental , igualdade de direitos e \u00e0 defesa dos animais.<\/p>\n<p style=\"text-align: justify;\">Ele tamb\u00e9m se concentrou na capacidade de gest\u00e3o, embora sua gest\u00e3o como chefe da Prefeitura de Bogot\u00e1 tenha sido bastante criticada e tenha tido momentos de grande pol\u00eamica em quest\u00f5es como mobilidade, seguran\u00e7a cidad\u00e3 e uma pol\u00eamica implementa\u00e7\u00e3o do sistema de coleta de lixo. Petro foi at\u00e9 mesmo afastado do gabinete do prefeito pelo procurador Alejandro Ord\u00f3\u00f1ez, em mar\u00e7o de 2014, embora tenha conseguido retornar um m\u00eas depois devido a decis\u00f5es a seu favor da Comiss\u00e3o Interamericana de Direitos Humanos e do Conselho de Estado.<\/p>\n<p style=\"text-align: justify;\"><strong>Francia M\u00e1rquez, candidata a vice<\/strong><\/p>\n<p style=\"text-align: justify;\">Um cap\u00edtulo \u00e0 parte nestas elei\u00e7\u00f5es colombianas \u00e9 a companheira de chapa de Petro, Francia M\u00e1rquez. Embora ela n\u00e3o fosse sua primeira escolha, Petro e a equipe de campanha n\u00e3o tiveram alternativa a n\u00e3o ser incluir M\u00e1rquez, uma figura em ascens\u00e3o na pol\u00edtica colombiana, como candidata a vice-presidente. Aos 40 anos, nascida em Cauca, essa mulher negra, m\u00e3e de dois filhos que criou sozinha, feminista, defensora dos direitos humanos e ambientalista (recebeu um pr\u00eamio por isso), \u00e9 a representa\u00e7\u00e3o das bases sociais que podem lhe dar o apoio final para Petro ganhar a elei\u00e7\u00e3o.<\/p>\n<p style=\"text-align: justify;\">Nas pr\u00e9vias internas do Pacto Hist\u00f3rico, em mar\u00e7o deste ano, obteve quase 800 mil votos, ficando atr\u00e1s de Petro. M\u00e1rquez n\u00e3o abre m\u00e3o do fato de que um dia voltar\u00e1 a lutar para governar o pa\u00eds: &#8220;Presidente tamb\u00e9m, mas primeiro vice-presidente&#8221;, diz rindo.<\/p>\n","protected":false},"excerpt":{"rendered":"<p>Petro vai \u00e0 luta em busca da vit\u00f3ria no segundo turno no dia 19 de junho ARN\u00a0&#8211;\u00a0Assim como em 2018, Gustavo Petro, l\u00edder do Pacto Hist\u00f3rico de esquerda, volta a disputar no domingo, 19 de junho, o segundo turno para governar a Col\u00f4mbia. Naquele ano, ele perdeu para o atual presidente Iv\u00e1n Duque. Desta vez, [&hellip;]<\/p>\n","protected":false},"author":2,"featured_media":109348,"comment_status":"open","ping_status":"open","sticky":false,"template":"","format":"standard","meta":[],"categories":[109,105],"tags":[],"_links":{"self":[{"href":"https:\/\/www.blogdopaulonunes.com\/v5\/index.php\/wp-json\/wp\/v2\/posts\/109347"}],"collection":[{"href":"https:\/\/www.blogdopaulonunes.com\/v5\/index.php\/wp-json\/wp\/v2\/posts"}],"about":[{"href":"https:\/\/www.blogdopaulonunes.com\/v5\/index.php\/wp-json\/wp\/v2\/types\/post"}],"author":[{"embeddable":true,"href":"https:\/\/www.blogdopaulonunes.com\/v5\/index.php\/wp-json\/wp\/v2\/users\/2"}],"replies":[{"embeddable":true,"href":"https:\/\/www.blogdopaulonunes.com\/v5\/index.php\/wp-json\/wp\/v2\/comments?post=109347"}],"version-history":[{"count":1,"href":"https:\/\/www.blogdopaulonunes.com\/v5\/index.php\/wp-json\/wp\/v2\/posts\/109347\/revisions"}],"predecessor-version":[{"id":109349,"href":"https:\/\/www.blogdopaulonunes.com\/v5\/index.php\/wp-json\/wp\/v2\/posts\/109347\/revisions\/109349"}],"wp:featuredmedia":[{"embeddable":true,"href":"https:\/\/www.blogdopaulonunes.com\/v5\/index.php\/wp-json\/wp\/v2\/media\/109348"}],"wp:attachment":[{"href":"https:\/\/www.blogdopaulonunes.com\/v5\/index.php\/wp-json\/wp\/v2\/media?parent=109347"}],"wp:term":[{"taxonomy":"category","embeddable":true,"href":"https:\/\/www.blogdopaulonunes.com\/v5\/index.php\/wp-json\/wp\/v2\/categories?post=109347"},{"taxonomy":"post_tag","embeddable":true,"href":"https:\/\/www.blogdopaulonunes.com\/v5\/index.php\/wp-json\/wp\/v2\/tags?post=109347"}],"curies":[{"name":"wp","href":"https:\/\/api.w.org\/{rel}","templated":true}]}}