{"id":109215,"date":"2022-05-21T16:20:13","date_gmt":"2022-05-21T19:20:13","guid":{"rendered":"https:\/\/www.blogdopaulonunes.com\/v5\/?p=109215"},"modified":"2022-05-21T16:20:13","modified_gmt":"2022-05-21T19:20:13","slug":"no-pgp-de-barreiras-eden-destaca-origem-humilde-de-jeronimo-e-afirma-que-pre-candidato-do-pt-trabalhara-para-os-que-mais-precisam","status":"publish","type":"post","link":"https:\/\/www.blogdopaulonunes.com\/v5\/index.php\/2022\/05\/21\/no-pgp-de-barreiras-eden-destaca-origem-humilde-de-jeronimo-e-afirma-que-pre-candidato-do-pt-trabalhara-para-os-que-mais-precisam\/","title":{"rendered":"No PGP de Barreiras, \u00c9den destaca origem humilde de Jer\u00f4nimo e afirma que pr\u00e9-candidato do PT trabalhar\u00e1 para os que mais precisam"},"content":{"rendered":"<p style=\"text-align: justify;\">Presente nas discuss\u00f5es da caravana \u201cMais Bahia, Mais Brasil\u201d para constru\u00e7\u00e3o do Programa de Governo Participativo do pr\u00e9-candidato do PT ao Governo do Estado, Jer\u00f4nimo Rodrigues, neste s\u00e1bado, 21, em Barreiras, o presidente do Partido dos Trabalhadores da Bahia, \u00c9den Valadares, destacou que por sua origem humilde e preocupa\u00e7\u00e3o em promover igualdade e inclus\u00e3o social, o ex-secret\u00e1rio da Educa\u00e7\u00e3o trabalhar\u00e1 para os que mais precisam caso seja eleito nas elei\u00e7\u00f5es deste ano.<\/p>\n<p style=\"text-align: justify;\">\u201cN\u00f3s temos rodado os quatro cantos do nosso estado. Semana passada fui com Jer\u00f4nimo a Macarani, e a gente passou por uma ponte que tinha ca\u00eddo na cidade devido \u00e0s fortes chuvas e eu ouvi dele um depoimento que marca muito o car\u00e1ter, a personalidade, o ser humano, o cidad\u00e3o que \u00e9 Jer\u00f4nimo Rodrigues. Ao passar pela ponte, Jer\u00f4nimo falou que aquela situa\u00e7\u00e3o mexia muito com ele porque quando morava em Palmeirinha, em Aiquara, ele testemunhou, uma que caiu de madrugada e isolou o povoado dele que n\u00e3o podia ter mais acesso \u00e0 acidade\u201d.<!--more--><\/p>\n<p style=\"text-align: justify;\">Ao ouvir de Jer\u00f4nimo sobre a vontade de trabalhar incansavelmente junto \u00e0 Lula, ao governador Rui Costa e Jaques Wagner para que nenhuma comunidade mais fique isolada por causa da insensibilidade de qualquer pol\u00edtico da Bahia, \u00c9den afirmou que por conhecer a realidade da popula\u00e7\u00e3o mais pobre e vulner\u00e1vel, Jer\u00f4nimo \u00e9 o melhor candidato para cuidar do povo baiano. \u201cEsse \u00e9 o candidato de Lula, de Rui, de Otto, \u00e9 o pr\u00f3ximo governador da Bahia\u201d, concluiu.<\/p>\n<p style=\"text-align: justify;\">&#8212;<br \/>\nAscom PT Bahia<br \/>\nFoto: Matheus Souza<\/p>\n","protected":false},"excerpt":{"rendered":"<p>Presente nas discuss\u00f5es da caravana \u201cMais Bahia, Mais Brasil\u201d para constru\u00e7\u00e3o do Programa de Governo Participativo do pr\u00e9-candidato do PT ao Governo do Estado, Jer\u00f4nimo Rodrigues, neste s\u00e1bado, 21, em Barreiras, o presidente do Partido dos Trabalhadores da Bahia, \u00c9den Valadares, destacou que por sua origem humilde e preocupa\u00e7\u00e3o em promover igualdade e inclus\u00e3o social, [&hellip;]<\/p>\n","protected":false},"author":2,"featured_media":109216,"comment_status":"open","ping_status":"open","sticky":false,"template":"","format":"standard","meta":[],"categories":[96,105],"tags":[],"_links":{"self":[{"href":"https:\/\/www.blogdopaulonunes.com\/v5\/index.php\/wp-json\/wp\/v2\/posts\/109215"}],"collection":[{"href":"https:\/\/www.blogdopaulonunes.com\/v5\/index.php\/wp-json\/wp\/v2\/posts"}],"about":[{"href":"https:\/\/www.blogdopaulonunes.com\/v5\/index.php\/wp-json\/wp\/v2\/types\/post"}],"author":[{"embeddable":true,"href":"https:\/\/www.blogdopaulonunes.com\/v5\/index.php\/wp-json\/wp\/v2\/users\/2"}],"replies":[{"embeddable":true,"href":"https:\/\/www.blogdopaulonunes.com\/v5\/index.php\/wp-json\/wp\/v2\/comments?post=109215"}],"version-history":[{"count":1,"href":"https:\/\/www.blogdopaulonunes.com\/v5\/index.php\/wp-json\/wp\/v2\/posts\/109215\/revisions"}],"predecessor-version":[{"id":109217,"href":"https:\/\/www.blogdopaulonunes.com\/v5\/index.php\/wp-json\/wp\/v2\/posts\/109215\/revisions\/109217"}],"wp:featuredmedia":[{"embeddable":true,"href":"https:\/\/www.blogdopaulonunes.com\/v5\/index.php\/wp-json\/wp\/v2\/media\/109216"}],"wp:attachment":[{"href":"https:\/\/www.blogdopaulonunes.com\/v5\/index.php\/wp-json\/wp\/v2\/media?parent=109215"}],"wp:term":[{"taxonomy":"category","embeddable":true,"href":"https:\/\/www.blogdopaulonunes.com\/v5\/index.php\/wp-json\/wp\/v2\/categories?post=109215"},{"taxonomy":"post_tag","embeddable":true,"href":"https:\/\/www.blogdopaulonunes.com\/v5\/index.php\/wp-json\/wp\/v2\/tags?post=109215"}],"curies":[{"name":"wp","href":"https:\/\/api.w.org\/{rel}","templated":true}]}}