{"id":109211,"date":"2022-05-21T16:15:49","date_gmt":"2022-05-21T19:15:49","guid":{"rendered":"https:\/\/www.blogdopaulonunes.com\/v5\/?p=109211"},"modified":"2022-05-21T16:15:49","modified_gmt":"2022-05-21T19:15:49","slug":"lancamento-da-biografia-de-haroldo-lima-reune-liderancas-politicas-e-estudiosos-em-vitoria-da-conquista","status":"publish","type":"post","link":"https:\/\/www.blogdopaulonunes.com\/v5\/index.php\/2022\/05\/21\/lancamento-da-biografia-de-haroldo-lima-reune-liderancas-politicas-e-estudiosos-em-vitoria-da-conquista\/","title":{"rendered":"Lan\u00e7amento da biografia de Haroldo Lima re\u00fane lideran\u00e7as pol\u00edticas e estudiosos, em Vit\u00f3ria da Conquista"},"content":{"rendered":"<p style=\"text-align: justify;\">Na noite dessa quinta-feira (19), aconteceu o lan\u00e7amento da biografia de Haroldo Lima, ex-deputado constituinte e dirigente do Partido Comunista do Brasil (PCdoB), na Livraria Nobel, em Vit\u00f3ria da Conquista. A obra \u201cHaroldo Lima \u2013 coragem e dedica\u00e7\u00e3o \u00e0 luta do povo\u201d, da Editora Anita Garibaldi, foi escrita por Haroldo um pouco antes de seu falecimento no ano passado, e, posteriormente, organizada por Aldo Arantes, amigo pessoal do ex-deputado. Haroldo faleceu aos 81 anos, em mar\u00e7o de 2021, foi v\u00edtima da Covid-19.<\/p>\n<p style=\"text-align: justify;\">O evento contou com apresenta\u00e7\u00e3o de Aldo Arantes e sess\u00e3o de aut\u00f3grafos. Estiveram presentes no lan\u00e7amento os deputados estaduais Fabr\u00edcio Falc\u00e3o (PCdoB) e Jos\u00e9 Raimundo (PT), os vereadores Andreson Ribeiro (PCdoB), Ricardo Bab\u00e3o (PCdoB) e Chico Estrella (PTC), al\u00e9m de representantes da OAB, Universidade Estadual do Sudoeste da Bahia (Uesb), partidos pol\u00edticos e imprensa. Quem tamb\u00e9m prestigiou o lan\u00e7amento foi Elquisson Soares, ex-deputado federal.<img loading=\"lazy\" class=\"alignnone size-full wp-image-109213\" src=\"https:\/\/www.blogdopaulonunes.com\/v5\/wp-content\/uploads\/2022\/05\/Fabricio-livro.jpg1_.jpg\" alt=\"\" width=\"400\" height=\"273\" \/><\/p>\n<p style=\"text-align: justify;\">Um dos idealizadores do lan\u00e7amento do livro em terras conquistenses, o deputado Fabr\u00edcio destacou a import\u00e2ncia da obra para Conquista. \u201cHaroldo tinha um carinho e rela\u00e7\u00e3o muito fortes com a nossa cidade, foi uma grande refer\u00eancia para mim e para v\u00e1rios quadros do nosso partido em Conquista. Essa \u00e9 mais uma forma de poder homenage\u00e1-lo. A biografia eterniza a luta do nosso grande mestre\u201d, afirmou o deputado.<!--more--><\/p>\n<p style=\"text-align: justify;\">Aldo Arantes, membro da dire\u00e7\u00e3o nacional do PCdoB e amigo e companheiro de milit\u00e2ncia pol\u00edtica de longa data de Haroldo fez uma apresenta\u00e7\u00e3o durante o lan\u00e7amento, compartilhando com a plateia epis\u00f3dios de diversas \u00e9pocas da vida do biografado. Pela primeira vez em Conquista, Arantes falou da import\u00e2ncia da obra, um reconhecimento \u00e0 dedica\u00e7\u00e3o e coragem de algu\u00e9m que lutou pela democracia brasileira, tendo militado em tempos dif\u00edceis quando o pa\u00eds vivia sob a Ditadura Militar.<\/p>\n","protected":false},"excerpt":{"rendered":"<p>Na noite dessa quinta-feira (19), aconteceu o lan\u00e7amento da biografia de Haroldo Lima, ex-deputado constituinte e dirigente do Partido Comunista do Brasil (PCdoB), na Livraria Nobel, em Vit\u00f3ria da Conquista. A obra \u201cHaroldo Lima \u2013 coragem e dedica\u00e7\u00e3o \u00e0 luta do povo\u201d, da Editora Anita Garibaldi, foi escrita por Haroldo um pouco antes de seu [&hellip;]<\/p>\n","protected":false},"author":2,"featured_media":109212,"comment_status":"open","ping_status":"open","sticky":false,"template":"","format":"standard","meta":[],"categories":[103,71],"tags":[],"_links":{"self":[{"href":"https:\/\/www.blogdopaulonunes.com\/v5\/index.php\/wp-json\/wp\/v2\/posts\/109211"}],"collection":[{"href":"https:\/\/www.blogdopaulonunes.com\/v5\/index.php\/wp-json\/wp\/v2\/posts"}],"about":[{"href":"https:\/\/www.blogdopaulonunes.com\/v5\/index.php\/wp-json\/wp\/v2\/types\/post"}],"author":[{"embeddable":true,"href":"https:\/\/www.blogdopaulonunes.com\/v5\/index.php\/wp-json\/wp\/v2\/users\/2"}],"replies":[{"embeddable":true,"href":"https:\/\/www.blogdopaulonunes.com\/v5\/index.php\/wp-json\/wp\/v2\/comments?post=109211"}],"version-history":[{"count":1,"href":"https:\/\/www.blogdopaulonunes.com\/v5\/index.php\/wp-json\/wp\/v2\/posts\/109211\/revisions"}],"predecessor-version":[{"id":109214,"href":"https:\/\/www.blogdopaulonunes.com\/v5\/index.php\/wp-json\/wp\/v2\/posts\/109211\/revisions\/109214"}],"wp:featuredmedia":[{"embeddable":true,"href":"https:\/\/www.blogdopaulonunes.com\/v5\/index.php\/wp-json\/wp\/v2\/media\/109212"}],"wp:attachment":[{"href":"https:\/\/www.blogdopaulonunes.com\/v5\/index.php\/wp-json\/wp\/v2\/media?parent=109211"}],"wp:term":[{"taxonomy":"category","embeddable":true,"href":"https:\/\/www.blogdopaulonunes.com\/v5\/index.php\/wp-json\/wp\/v2\/categories?post=109211"},{"taxonomy":"post_tag","embeddable":true,"href":"https:\/\/www.blogdopaulonunes.com\/v5\/index.php\/wp-json\/wp\/v2\/tags?post=109211"}],"curies":[{"name":"wp","href":"https:\/\/api.w.org\/{rel}","templated":true}]}}