{"id":109204,"date":"2022-05-21T15:54:14","date_gmt":"2022-05-21T18:54:14","guid":{"rendered":"https:\/\/www.blogdopaulonunes.com\/v5\/?p=109204"},"modified":"2022-05-21T15:55:27","modified_gmt":"2022-05-21T18:55:27","slug":"convite-plenaria-dos-mandatos-dos-mandatos-dos-deputados-waldenor-e-ze-raimundo","status":"publish","type":"post","link":"https:\/\/www.blogdopaulonunes.com\/v5\/index.php\/2022\/05\/21\/convite-plenaria-dos-mandatos-dos-mandatos-dos-deputados-waldenor-e-ze-raimundo\/","title":{"rendered":"CONVITE &#8211; Plen\u00e1ria dos mandatos dos mandatos  dos deputados Waldenor e  Z\u00e9 Raimundo"},"content":{"rendered":"<p style=\"text-align: justify;\">Prezado(a) Companheiro(a)<\/p>\n<p style=\"text-align: justify;\">\ud83d\udcc5 Neste domingo, 22 de maio, os deputados Waldenor e Z\u00e9 Raimundo realizar\u00e3o a plen\u00e1ria de planejamento da pr\u00e9-campanha para as elei\u00e7\u00f5es de 2022 e contamos com a sua presen\u00e7a para darmos inicio ao processo vittorioso do nosso projeto pol\u00edtico com Lula, Jer\u00f4nimo, Otto e tamb\u00e9m na renova\u00e7\u00e3o de nossos mandatos.<\/p>\n<p style=\"text-align: justify;\">\ud83d\uddd3\ufe0f Em pauta, um bate-papo sobre a conjuntura pol\u00edtica atual, o Programa de Governo Participativo (PGP), al\u00e9m do calend\u00e1rio eleitoral e o planejamento dos comit\u00eas de luta. Vamos continuar crescendo na Bahia, no rumo certo, e pensar novas a\u00e7\u00f5es para reconstruir o Brasil que todos e todas merecem.<\/p>\n<p style=\"text-align: justify;\">DATA: 22\/05\/2022 ( DOMINGO )<br \/>\nHOR\u00c1RIO: 09H<br \/>\nLOCAL: HOTEL ESPLENDOR &#8211; AV. BRUMADO 2024 ( AO LADO DO POSTO DE COMBUST\u00cdVEL SABRINA )<\/p>\n","protected":false},"excerpt":{"rendered":"<p>Prezado(a) Companheiro(a) \ud83d\udcc5 Neste domingo, 22 de maio, os deputados Waldenor e Z\u00e9 Raimundo realizar\u00e3o a plen\u00e1ria de planejamento da pr\u00e9-campanha para as elei\u00e7\u00f5es de 2022 e contamos com a sua presen\u00e7a para darmos inicio ao processo vittorioso do nosso projeto pol\u00edtico com Lula, Jer\u00f4nimo, Otto e tamb\u00e9m na renova\u00e7\u00e3o de nossos mandatos. \ud83d\uddd3\ufe0f Em [&hellip;]<\/p>\n","protected":false},"author":2,"featured_media":109205,"comment_status":"open","ping_status":"open","sticky":false,"template":"","format":"standard","meta":[],"categories":[96,71],"tags":[],"_links":{"self":[{"href":"https:\/\/www.blogdopaulonunes.com\/v5\/index.php\/wp-json\/wp\/v2\/posts\/109204"}],"collection":[{"href":"https:\/\/www.blogdopaulonunes.com\/v5\/index.php\/wp-json\/wp\/v2\/posts"}],"about":[{"href":"https:\/\/www.blogdopaulonunes.com\/v5\/index.php\/wp-json\/wp\/v2\/types\/post"}],"author":[{"embeddable":true,"href":"https:\/\/www.blogdopaulonunes.com\/v5\/index.php\/wp-json\/wp\/v2\/users\/2"}],"replies":[{"embeddable":true,"href":"https:\/\/www.blogdopaulonunes.com\/v5\/index.php\/wp-json\/wp\/v2\/comments?post=109204"}],"version-history":[{"count":2,"href":"https:\/\/www.blogdopaulonunes.com\/v5\/index.php\/wp-json\/wp\/v2\/posts\/109204\/revisions"}],"predecessor-version":[{"id":109207,"href":"https:\/\/www.blogdopaulonunes.com\/v5\/index.php\/wp-json\/wp\/v2\/posts\/109204\/revisions\/109207"}],"wp:featuredmedia":[{"embeddable":true,"href":"https:\/\/www.blogdopaulonunes.com\/v5\/index.php\/wp-json\/wp\/v2\/media\/109205"}],"wp:attachment":[{"href":"https:\/\/www.blogdopaulonunes.com\/v5\/index.php\/wp-json\/wp\/v2\/media?parent=109204"}],"wp:term":[{"taxonomy":"category","embeddable":true,"href":"https:\/\/www.blogdopaulonunes.com\/v5\/index.php\/wp-json\/wp\/v2\/categories?post=109204"},{"taxonomy":"post_tag","embeddable":true,"href":"https:\/\/www.blogdopaulonunes.com\/v5\/index.php\/wp-json\/wp\/v2\/tags?post=109204"}],"curies":[{"name":"wp","href":"https:\/\/api.w.org\/{rel}","templated":true}]}}