{"id":109200,"date":"2022-05-21T15:45:39","date_gmt":"2022-05-21T18:45:39","guid":{"rendered":"https:\/\/www.blogdopaulonunes.com\/v5\/?p=109200"},"modified":"2022-05-21T15:45:39","modified_gmt":"2022-05-21T18:45:39","slug":"sai-edital-para-pavimentacao-da-estrada-que-liga-cacule-ibiassuce-pancadao","status":"publish","type":"post","link":"https:\/\/www.blogdopaulonunes.com\/v5\/index.php\/2022\/05\/21\/sai-edital-para-pavimentacao-da-estrada-que-liga-cacule-ibiassuce-pancadao\/","title":{"rendered":"Sai edital para pavimenta\u00e7\u00e3o da estrada que liga Cacul\u00e9-Ibiassuc\u00ea- Pancad\u00e3o"},"content":{"rendered":"<p style=\"text-align: justify;\">Saiu o edital de licita\u00e7\u00e3o para a obra de restaura\u00e7\u00e3o da estrada de Cacul\u00e9 at\u00e9 o entroncamento da BR-030, na comunidade de Pancad\u00e3o &#8211; numa extens\u00e3o de 42,5 km, passando pelo munic\u00edpio de Ibiassuc\u00ea. A publica\u00e7\u00e3o oficial, neste s\u00e1bado, 21, desta concorr\u00eancia (N\u00ba 111\/2022), cumpre o prazo estimado pelo titular da Secretaria Estadual de Infraestrutura (Seinfra), Marcus Cavalcanti, em recente reuni\u00e3o com o deputado federal Waldenor Pereira, o deputado estadual Z\u00e9 Raimundo, e o prefeito de Cacul\u00e9, Pedr\u00e3o.<br \/>\nA restaura\u00e7\u00e3o desta estrada vem depois dos servi\u00e7os de melhoria nos trechos entre Urandi e Jacaraci, conclu\u00eddo, e Jacaraci a Conde\u00faba, como ressalta Waldenor Pereira, que est\u00e1 comemorando a realiza\u00e7\u00e3o de mais este pleito que ele defende com Z\u00e9 Raimundo. &#8220;Estamos especialmente agradecidos ao governador Rui Costa por mais esta obra que vai melhorar o tr\u00e1fego para as pessoas e o escoamento da produ\u00e7\u00e3o na regi\u00e3o. Quero parabenizar o prefeito de Cacul\u00e9, Pedr\u00e3o, e o ex-prefeito de Ibiassuc\u00ea, que encamparam a luta por essas obras\u201d, destacou Waldenor.<!--more--><\/p>\n<p style=\"text-align: justify;\"><img loading=\"lazy\" class=\"alignnone size-full wp-image-109202\" src=\"https:\/\/www.blogdopaulonunes.com\/v5\/wp-content\/uploads\/2022\/05\/Cacule-Ze-Raimundo.jpg1_.jpg\" alt=\"\" width=\"383\" height=\"228\" \/><br \/>\nPara ficar ainda melhor, avisa Z\u00e9 Raimundo, vem a\u00ed a restaura\u00e7\u00e3o de mais dois trechos, para os quais o Governo do Estado deve abrir concorr\u00eancia p\u00fablica em breve: de Cacul\u00e9 a Conde\u00faba e de Rio do Ant\u00f4nio a Ibiassuc\u00ea. &#8220;O governador Rui Costa est\u00e1 fazendo a maior recupera\u00e7\u00e3o das estradas da Bahia e n\u00e3o por acaso \u00e9 o que mais investe em obras em todo o Brasil&#8221;, elogia o deputado estadual.<\/p>\n","protected":false},"excerpt":{"rendered":"<p>Saiu o edital de licita\u00e7\u00e3o para a obra de restaura\u00e7\u00e3o da estrada de Cacul\u00e9 at\u00e9 o entroncamento da BR-030, na comunidade de Pancad\u00e3o &#8211; numa extens\u00e3o de 42,5 km, passando pelo munic\u00edpio de Ibiassuc\u00ea. A publica\u00e7\u00e3o oficial, neste s\u00e1bado, 21, desta concorr\u00eancia (N\u00ba 111\/2022), cumpre o prazo estimado pelo titular da Secretaria Estadual de Infraestrutura [&hellip;]<\/p>\n","protected":false},"author":2,"featured_media":109201,"comment_status":"open","ping_status":"open","sticky":false,"template":"","format":"standard","meta":[],"categories":[74,72],"tags":[],"_links":{"self":[{"href":"https:\/\/www.blogdopaulonunes.com\/v5\/index.php\/wp-json\/wp\/v2\/posts\/109200"}],"collection":[{"href":"https:\/\/www.blogdopaulonunes.com\/v5\/index.php\/wp-json\/wp\/v2\/posts"}],"about":[{"href":"https:\/\/www.blogdopaulonunes.com\/v5\/index.php\/wp-json\/wp\/v2\/types\/post"}],"author":[{"embeddable":true,"href":"https:\/\/www.blogdopaulonunes.com\/v5\/index.php\/wp-json\/wp\/v2\/users\/2"}],"replies":[{"embeddable":true,"href":"https:\/\/www.blogdopaulonunes.com\/v5\/index.php\/wp-json\/wp\/v2\/comments?post=109200"}],"version-history":[{"count":1,"href":"https:\/\/www.blogdopaulonunes.com\/v5\/index.php\/wp-json\/wp\/v2\/posts\/109200\/revisions"}],"predecessor-version":[{"id":109203,"href":"https:\/\/www.blogdopaulonunes.com\/v5\/index.php\/wp-json\/wp\/v2\/posts\/109200\/revisions\/109203"}],"wp:featuredmedia":[{"embeddable":true,"href":"https:\/\/www.blogdopaulonunes.com\/v5\/index.php\/wp-json\/wp\/v2\/media\/109201"}],"wp:attachment":[{"href":"https:\/\/www.blogdopaulonunes.com\/v5\/index.php\/wp-json\/wp\/v2\/media?parent=109200"}],"wp:term":[{"taxonomy":"category","embeddable":true,"href":"https:\/\/www.blogdopaulonunes.com\/v5\/index.php\/wp-json\/wp\/v2\/categories?post=109200"},{"taxonomy":"post_tag","embeddable":true,"href":"https:\/\/www.blogdopaulonunes.com\/v5\/index.php\/wp-json\/wp\/v2\/tags?post=109200"}],"curies":[{"name":"wp","href":"https:\/\/api.w.org\/{rel}","templated":true}]}}