{"id":109197,"date":"2022-05-21T13:35:54","date_gmt":"2022-05-21T16:35:54","guid":{"rendered":"https:\/\/www.blogdopaulonunes.com\/v5\/?p=109197"},"modified":"2022-05-21T13:35:54","modified_gmt":"2022-05-21T16:35:54","slug":"deputados-e-prefeito-comemoram-licitacao-para-obra-de-asfalto-em-licinio-de-almeida","status":"publish","type":"post","link":"https:\/\/www.blogdopaulonunes.com\/v5\/index.php\/2022\/05\/21\/deputados-e-prefeito-comemoram-licitacao-para-obra-de-asfalto-em-licinio-de-almeida\/","title":{"rendered":"Deputados e prefeito comemoram licita\u00e7\u00e3o para obra de asfalto em Lic\u00ednio de Almeida"},"content":{"rendered":"<p style=\"text-align: justify;\">Trecho que liga a sede de Lic\u00ednio de Almeida ao povoado de Jurema vai receber asfaltamento. Um sonho antigo dos moradores, o asfalto ser\u00e1 feito pelo Governo da Bahia. A licita\u00e7\u00e3o que escolheu a empresa que vai executar a obra foi realizada nessa ter\u00e7a-feira, 17. De acordo com o prefeito de Lic\u00ednio, Frederico Vasconcelos (PCdoB), a empresa vencedora visitar\u00e1 o munic\u00edpio na pr\u00f3xima semana para averiguar o trecho e levantar as primeiras informa\u00e7\u00f5es para o projeto. \u201cEssa a\u00e7\u00e3o \u00e9 fruto de uma parceria muito forte entre os deputados Fabr\u00edcio Falc\u00e3o e Diego Coronel e o governo estadual. Vai concretizar o sonho de toda a comunidade da regi\u00e3o\u201d, afirmou o prefeito.<\/p>\n<p style=\"text-align: justify;\">O deputado Fabr\u00edcio (PCdoB) destacou que a obra receber\u00e1 investimento de mais de R$ 10 milh\u00f5es. \u201cN\u00e3o sairia sem o compromisso do governador Rui Correria e a nossa articula\u00e7\u00e3o, nosso mandato e o amigo Diego Coronel, al\u00e9m do trabalho incans\u00e1vel do nosso prefeito Frederico\u201d, afirmou Fabr\u00edcio.<\/p>\n<p style=\"text-align: justify;\">Diego Coronel (PSD) frisou que o sucesso da licita\u00e7\u00e3o \u00e9 motivo de comemora\u00e7\u00e3o: \u201cdo mesmo jeito que estivemos em Lic\u00ednio h\u00e1 um tempo atr\u00e1s para anunciar que essa obra t\u00e3o sonhada iria acontecer, hoje n\u00f3s estamos aqui para comemorar e trazer essa not\u00edcia em primeira m\u00e3o para voc\u00eas\u201d<\/p>\n","protected":false},"excerpt":{"rendered":"<p>Trecho que liga a sede de Lic\u00ednio de Almeida ao povoado de Jurema vai receber asfaltamento. Um sonho antigo dos moradores, o asfalto ser\u00e1 feito pelo Governo da Bahia. A licita\u00e7\u00e3o que escolheu a empresa que vai executar a obra foi realizada nessa ter\u00e7a-feira, 17. De acordo com o prefeito de Lic\u00ednio, Frederico Vasconcelos (PCdoB), [&hellip;]<\/p>\n","protected":false},"author":2,"featured_media":109198,"comment_status":"open","ping_status":"open","sticky":false,"template":"","format":"standard","meta":[],"categories":[115],"tags":[],"_links":{"self":[{"href":"https:\/\/www.blogdopaulonunes.com\/v5\/index.php\/wp-json\/wp\/v2\/posts\/109197"}],"collection":[{"href":"https:\/\/www.blogdopaulonunes.com\/v5\/index.php\/wp-json\/wp\/v2\/posts"}],"about":[{"href":"https:\/\/www.blogdopaulonunes.com\/v5\/index.php\/wp-json\/wp\/v2\/types\/post"}],"author":[{"embeddable":true,"href":"https:\/\/www.blogdopaulonunes.com\/v5\/index.php\/wp-json\/wp\/v2\/users\/2"}],"replies":[{"embeddable":true,"href":"https:\/\/www.blogdopaulonunes.com\/v5\/index.php\/wp-json\/wp\/v2\/comments?post=109197"}],"version-history":[{"count":1,"href":"https:\/\/www.blogdopaulonunes.com\/v5\/index.php\/wp-json\/wp\/v2\/posts\/109197\/revisions"}],"predecessor-version":[{"id":109199,"href":"https:\/\/www.blogdopaulonunes.com\/v5\/index.php\/wp-json\/wp\/v2\/posts\/109197\/revisions\/109199"}],"wp:featuredmedia":[{"embeddable":true,"href":"https:\/\/www.blogdopaulonunes.com\/v5\/index.php\/wp-json\/wp\/v2\/media\/109198"}],"wp:attachment":[{"href":"https:\/\/www.blogdopaulonunes.com\/v5\/index.php\/wp-json\/wp\/v2\/media?parent=109197"}],"wp:term":[{"taxonomy":"category","embeddable":true,"href":"https:\/\/www.blogdopaulonunes.com\/v5\/index.php\/wp-json\/wp\/v2\/categories?post=109197"},{"taxonomy":"post_tag","embeddable":true,"href":"https:\/\/www.blogdopaulonunes.com\/v5\/index.php\/wp-json\/wp\/v2\/tags?post=109197"}],"curies":[{"name":"wp","href":"https:\/\/api.w.org\/{rel}","templated":true}]}}