{"id":109192,"date":"2022-05-21T11:42:09","date_gmt":"2022-05-21T14:42:09","guid":{"rendered":"https:\/\/www.blogdopaulonunes.com\/v5\/?p=109192"},"modified":"2022-05-21T11:42:09","modified_gmt":"2022-05-21T14:42:09","slug":"deputado-fabricio-falcao-lamenta-a-morte-do-amigo-marcelo-melo","status":"publish","type":"post","link":"https:\/\/www.blogdopaulonunes.com\/v5\/index.php\/2022\/05\/21\/deputado-fabricio-falcao-lamenta-a-morte-do-amigo-marcelo-melo\/","title":{"rendered":"Deputado Fabr\u00edcio Falc\u00e3o lamenta a morte do amigo Marcelo Melo"},"content":{"rendered":"<p style=\"text-align: justify;\">O deputado Jean Fabr\u00edcio Falc\u00e3o lamenta a morte do jovem, pol\u00edtico conquistense Marcelo Melo, ocorrida hoje, em Vit\u00f3ria da Conquista, ao tempo em que apresenta, os mais sinceros sentimentos de pesar \u00e0 fam\u00edlia enlutada, Fabr\u00edcio argumenta, que Marcelo era querido e respeitado, tanto pelo segmento pol\u00edtico da Direita, quanto da Esquerda, o deputado disse: &#8221; estou sem acreditar at\u00e9 agora, eu era amigo dele, visitava sua casa, rapaz de fino trato, educado e sincero nas suas posi\u00e7\u00f5es, lament\u00e1vel, que Deus conforte a fam\u00edlia e demais amigos&#8221; concluiu<\/p>\n","protected":false},"excerpt":{"rendered":"<p>O deputado Jean Fabr\u00edcio Falc\u00e3o lamenta a morte do jovem, pol\u00edtico conquistense Marcelo Melo, ocorrida hoje, em Vit\u00f3ria da Conquista, ao tempo em que apresenta, os mais sinceros sentimentos de pesar \u00e0 fam\u00edlia enlutada, Fabr\u00edcio argumenta, que Marcelo era querido e respeitado, tanto pelo segmento pol\u00edtico da Direita, quanto da Esquerda, o deputado disse: &#8221; [&hellip;]<\/p>\n","protected":false},"author":2,"featured_media":108741,"comment_status":"open","ping_status":"open","sticky":false,"template":"","format":"standard","meta":[],"categories":[104,105],"tags":[],"_links":{"self":[{"href":"https:\/\/www.blogdopaulonunes.com\/v5\/index.php\/wp-json\/wp\/v2\/posts\/109192"}],"collection":[{"href":"https:\/\/www.blogdopaulonunes.com\/v5\/index.php\/wp-json\/wp\/v2\/posts"}],"about":[{"href":"https:\/\/www.blogdopaulonunes.com\/v5\/index.php\/wp-json\/wp\/v2\/types\/post"}],"author":[{"embeddable":true,"href":"https:\/\/www.blogdopaulonunes.com\/v5\/index.php\/wp-json\/wp\/v2\/users\/2"}],"replies":[{"embeddable":true,"href":"https:\/\/www.blogdopaulonunes.com\/v5\/index.php\/wp-json\/wp\/v2\/comments?post=109192"}],"version-history":[{"count":1,"href":"https:\/\/www.blogdopaulonunes.com\/v5\/index.php\/wp-json\/wp\/v2\/posts\/109192\/revisions"}],"predecessor-version":[{"id":109193,"href":"https:\/\/www.blogdopaulonunes.com\/v5\/index.php\/wp-json\/wp\/v2\/posts\/109192\/revisions\/109193"}],"wp:featuredmedia":[{"embeddable":true,"href":"https:\/\/www.blogdopaulonunes.com\/v5\/index.php\/wp-json\/wp\/v2\/media\/108741"}],"wp:attachment":[{"href":"https:\/\/www.blogdopaulonunes.com\/v5\/index.php\/wp-json\/wp\/v2\/media?parent=109192"}],"wp:term":[{"taxonomy":"category","embeddable":true,"href":"https:\/\/www.blogdopaulonunes.com\/v5\/index.php\/wp-json\/wp\/v2\/categories?post=109192"},{"taxonomy":"post_tag","embeddable":true,"href":"https:\/\/www.blogdopaulonunes.com\/v5\/index.php\/wp-json\/wp\/v2\/tags?post=109192"}],"curies":[{"name":"wp","href":"https:\/\/api.w.org\/{rel}","templated":true}]}}