{"id":109116,"date":"2022-05-18T04:39:37","date_gmt":"2022-05-18T07:39:37","guid":{"rendered":"https:\/\/www.blogdopaulonunes.com\/v5\/?p=109116"},"modified":"2022-05-18T04:39:37","modified_gmt":"2022-05-18T07:39:37","slug":"waldenor-e-ze-raimundo-comemoram-repasse-de-2-milhoes-para-malhada-para-revitalizacao-da-orla","status":"publish","type":"post","link":"https:\/\/www.blogdopaulonunes.com\/v5\/index.php\/2022\/05\/18\/waldenor-e-ze-raimundo-comemoram-repasse-de-2-milhoes-para-malhada-para-revitalizacao-da-orla\/","title":{"rendered":"Waldenor e Z\u00e9 Raimundo comemoram repasse de 2 milh\u00f5es para Malhada para revitaliza\u00e7\u00e3o da orla"},"content":{"rendered":"<p>&nbsp;<\/p>\n<p style=\"text-align: justify;\">A prefeitura do munic\u00edpio de Malhada j\u00e1 tem garantidos recursos no valor de R$ 1 milh\u00e3o 793 mil para a revitaliza\u00e7\u00e3o da orla do Rio S\u00e3o Francisco, com a publica\u00e7\u00e3o do conv\u00eanio assinado com o governo do estado, no Di\u00e1rio Oficial do \u00faltimo s\u00e1bado, dia 14. A assinatura do repasse deste montante oriundo do tesouro estadual aconteceu na segunda-feira passada (9), em ato do governador Rui Costa, realizado em Salvador com a participa\u00e7\u00e3o do prefeito Gymmy Ramos e dos parlamentares do PT que s\u00e3o defensores do pleito, o deputado federal Waldenor Pereira e o deputado estadual Z\u00e9 Raimundo.<\/p>\n<p style=\"text-align: justify;\">A obra de revitaliza\u00e7\u00e3o, segundo o Dr.Gimmy, constar\u00e1 de pista de caminhada numa extens\u00e3o de 2 quil\u00f4metros e um novo cais. \u201cA revitaliza\u00e7\u00e3o da nossa orla vai melhorar o espa\u00e7o para os malhadenses e fomentar\u00e1 o turismo na regi\u00e3o do M\u00e9dio S\u00e3o Francisco, acelerando a recupera\u00e7\u00e3o da nossa economia, dando uma nova vis\u00e3o panor\u00e2mica\u201d, defende o prefeito.<!--more--><\/p>\n<p style=\"text-align: justify;\">Os deputados Waldenor Pereira e Z\u00e9 Raimundo est\u00e3o comemorando a oficializa\u00e7\u00e3o do repasse dos recursos para este importante projeto de Malhada, apoiado por eles desde o primeiro mandato do prefeito Gimmy. \u201cEsta obra, como outras na regi\u00e3o, tem a marca do PT. Eu e o deputado Z\u00e9 Raimundo temos trabalhado por Malhada, atrav\u00e9s de emendas parlamentares, fortalecendo a sa\u00fade, a agricultura familiar com a entrega de tratores, o acesso \u00e0 \u00e1gua pot\u00e1vel, com a distribui\u00e7\u00e3o de tubos e caixas, a entrega de barracas, pavimenta\u00e7\u00e3o de ruas, a constru\u00e7\u00e3o de escolas e quadras, al\u00e9m da intermedia\u00e7\u00e3o junto ao governo Rui no acesso a importantes benef\u00edcios como este, que certamente tornar\u00e1 a orla malhadense ainda mais atrativa\u201d, disse Waldenor Pereira.<\/p>\n","protected":false},"excerpt":{"rendered":"<p>&nbsp; A prefeitura do munic\u00edpio de Malhada j\u00e1 tem garantidos recursos no valor de R$ 1 milh\u00e3o 793 mil para a revitaliza\u00e7\u00e3o da orla do Rio S\u00e3o Francisco, com a publica\u00e7\u00e3o do conv\u00eanio assinado com o governo do estado, no Di\u00e1rio Oficial do \u00faltimo s\u00e1bado, dia 14. A assinatura do repasse deste montante oriundo do [&hellip;]<\/p>\n","protected":false},"author":2,"featured_media":109117,"comment_status":"open","ping_status":"open","sticky":false,"template":"","format":"standard","meta":[],"categories":[115,71],"tags":[],"_links":{"self":[{"href":"https:\/\/www.blogdopaulonunes.com\/v5\/index.php\/wp-json\/wp\/v2\/posts\/109116"}],"collection":[{"href":"https:\/\/www.blogdopaulonunes.com\/v5\/index.php\/wp-json\/wp\/v2\/posts"}],"about":[{"href":"https:\/\/www.blogdopaulonunes.com\/v5\/index.php\/wp-json\/wp\/v2\/types\/post"}],"author":[{"embeddable":true,"href":"https:\/\/www.blogdopaulonunes.com\/v5\/index.php\/wp-json\/wp\/v2\/users\/2"}],"replies":[{"embeddable":true,"href":"https:\/\/www.blogdopaulonunes.com\/v5\/index.php\/wp-json\/wp\/v2\/comments?post=109116"}],"version-history":[{"count":1,"href":"https:\/\/www.blogdopaulonunes.com\/v5\/index.php\/wp-json\/wp\/v2\/posts\/109116\/revisions"}],"predecessor-version":[{"id":109118,"href":"https:\/\/www.blogdopaulonunes.com\/v5\/index.php\/wp-json\/wp\/v2\/posts\/109116\/revisions\/109118"}],"wp:featuredmedia":[{"embeddable":true,"href":"https:\/\/www.blogdopaulonunes.com\/v5\/index.php\/wp-json\/wp\/v2\/media\/109117"}],"wp:attachment":[{"href":"https:\/\/www.blogdopaulonunes.com\/v5\/index.php\/wp-json\/wp\/v2\/media?parent=109116"}],"wp:term":[{"taxonomy":"category","embeddable":true,"href":"https:\/\/www.blogdopaulonunes.com\/v5\/index.php\/wp-json\/wp\/v2\/categories?post=109116"},{"taxonomy":"post_tag","embeddable":true,"href":"https:\/\/www.blogdopaulonunes.com\/v5\/index.php\/wp-json\/wp\/v2\/tags?post=109116"}],"curies":[{"name":"wp","href":"https:\/\/api.w.org\/{rel}","templated":true}]}}