{"id":108965,"date":"2022-05-10T01:27:48","date_gmt":"2022-05-10T04:27:48","guid":{"rendered":"https:\/\/www.blogdopaulonunes.com\/v5\/?p=108965"},"modified":"2022-05-10T01:27:48","modified_gmt":"2022-05-10T04:27:48","slug":"deputado-fabricio-e-prefeito-wagner-ramos-apresentam-demandas-de-mirante-ao-estado","status":"publish","type":"post","link":"https:\/\/www.blogdopaulonunes.com\/v5\/index.php\/2022\/05\/10\/deputado-fabricio-e-prefeito-wagner-ramos-apresentam-demandas-de-mirante-ao-estado\/","title":{"rendered":"Deputado Fabr\u00edcio e prefeito Wagner Ramos apresentam demandas de Mirante ao Estado"},"content":{"rendered":"<p style=\"text-align: justify;\">Constru\u00e7\u00e3o de uma ciclovia, com pista para caminhada e ilumina\u00e7\u00e3o, entre a sede de Mirante e a comunidade de Lagoa da Pedra e extens\u00e3o do asfalto at\u00e9 a ponte do Rio do Peixe, no sentido do povoado do Arei\u00e3o, est\u00e3o entre as principais pautas apresentadas ao Governo da Bahia pelo deputado estadual Fabr\u00edcio Falc\u00e3o (PCdoB) e o prefeito do munic\u00edpio, Wagner Ramos (PSD).<\/p>\n<p style=\"text-align: justify;\">A reuni\u00e3o aconteceu na \u00faltima quarta-feira, 04, em Salvador e reuniu, al\u00e9m de Fabr\u00edcio e Wagner, o deputado Diego Coronel (PSD), o senador Otto Alencar (PSD) e os secret\u00e1rios estaduais Marcus Cavalcanti, Infraestrutura, e Luiz Caetano, Rela\u00e7\u00f5es Institucionais. \u201cApresentamos um conjunto de demandas aos secret\u00e1rios e ao senador que receberam muito bem e se comprometeram em atender \u00e0s nossas solicita\u00e7\u00f5es\u201d, afirmou Fabr\u00edcio.<!--more--><\/p>\n<p style=\"text-align: justify;\">De acordo com Wagner, a ciclovia solicitada dever\u00e1 ter extens\u00e3o de 4.5 km, \u201cpara atender os praticantes de atividades f\u00edsicas sem o risco de disputar o espa\u00e7o com os ve\u00edculos, dando mais seguran\u00e7a e comodidade para a nossa popula\u00e7\u00e3o, pleito que foi prontamente atendido\u201d. Ele ainda explicou que o Governo da Bahia autorizou incluir um estudo sobre o pedido de asfalto no projeto de pavimenta\u00e7\u00e3o da BA-640, \u201cque est\u00e1 em pena execu\u00e7\u00e3o, ligando Mirante a Bom Jesus da Serra. Ressalto que as obras ser\u00e3o entregues juntamente com o asfalto\u201d.<\/p>\n","protected":false},"excerpt":{"rendered":"<p>Constru\u00e7\u00e3o de uma ciclovia, com pista para caminhada e ilumina\u00e7\u00e3o, entre a sede de Mirante e a comunidade de Lagoa da Pedra e extens\u00e3o do asfalto at\u00e9 a ponte do Rio do Peixe, no sentido do povoado do Arei\u00e3o, est\u00e3o entre as principais pautas apresentadas ao Governo da Bahia pelo deputado estadual Fabr\u00edcio Falc\u00e3o (PCdoB) [&hellip;]<\/p>\n","protected":false},"author":2,"featured_media":108966,"comment_status":"open","ping_status":"open","sticky":false,"template":"","format":"standard","meta":[],"categories":[115,71],"tags":[],"_links":{"self":[{"href":"https:\/\/www.blogdopaulonunes.com\/v5\/index.php\/wp-json\/wp\/v2\/posts\/108965"}],"collection":[{"href":"https:\/\/www.blogdopaulonunes.com\/v5\/index.php\/wp-json\/wp\/v2\/posts"}],"about":[{"href":"https:\/\/www.blogdopaulonunes.com\/v5\/index.php\/wp-json\/wp\/v2\/types\/post"}],"author":[{"embeddable":true,"href":"https:\/\/www.blogdopaulonunes.com\/v5\/index.php\/wp-json\/wp\/v2\/users\/2"}],"replies":[{"embeddable":true,"href":"https:\/\/www.blogdopaulonunes.com\/v5\/index.php\/wp-json\/wp\/v2\/comments?post=108965"}],"version-history":[{"count":1,"href":"https:\/\/www.blogdopaulonunes.com\/v5\/index.php\/wp-json\/wp\/v2\/posts\/108965\/revisions"}],"predecessor-version":[{"id":108967,"href":"https:\/\/www.blogdopaulonunes.com\/v5\/index.php\/wp-json\/wp\/v2\/posts\/108965\/revisions\/108967"}],"wp:featuredmedia":[{"embeddable":true,"href":"https:\/\/www.blogdopaulonunes.com\/v5\/index.php\/wp-json\/wp\/v2\/media\/108966"}],"wp:attachment":[{"href":"https:\/\/www.blogdopaulonunes.com\/v5\/index.php\/wp-json\/wp\/v2\/media?parent=108965"}],"wp:term":[{"taxonomy":"category","embeddable":true,"href":"https:\/\/www.blogdopaulonunes.com\/v5\/index.php\/wp-json\/wp\/v2\/categories?post=108965"},{"taxonomy":"post_tag","embeddable":true,"href":"https:\/\/www.blogdopaulonunes.com\/v5\/index.php\/wp-json\/wp\/v2\/tags?post=108965"}],"curies":[{"name":"wp","href":"https:\/\/api.w.org\/{rel}","templated":true}]}}