{"id":108958,"date":"2022-05-10T03:23:56","date_gmt":"2022-05-10T06:23:56","guid":{"rendered":"https:\/\/www.blogdopaulonunes.com\/v5\/?p=108958"},"modified":"2022-05-09T23:37:30","modified_gmt":"2022-05-10T02:37:30","slug":"rui-participa-da-formatura-de-917-novos-soldados-baianos","status":"publish","type":"post","link":"https:\/\/www.blogdopaulonunes.com\/v5\/index.php\/2022\/05\/10\/rui-participa-da-formatura-de-917-novos-soldados-baianos\/","title":{"rendered":"Rui participa da formatura de 917 novos soldados baianos"},"content":{"rendered":"<p style=\"text-align: justify;\">Em solenidade realizada nesta segunda-feira (9), na Vila Policial Militar do Bonfim, em Salvador, a Pol\u00edcia Militar da Bahia (PMBA) formou 257 novos soldados do curso de forma\u00e7\u00e3o da PM. Outros 660 foram graduados de forma simult\u00e2nea em outras cidades do interior do estado, totalizando em 917 novos policiais.<\/p>\n<p style=\"text-align: justify;\">O governador Rui Costa acompanhou, na capital, a forma\u00e7\u00e3o do grupo, que integra o Plano de Promo\u00e7\u00e3o e Progress\u00e3o do Governo do Estado para acelerar as ascens\u00f5es dos militares, possibilitando que conquistem patentes mais altas ainda durante a ativa.<\/p>\n<p style=\"text-align: justify;\">&#8220;No estado s\u00e3o 917 novos policiais formados. Ainda neste m\u00eas, outros 1.700 entram em treinamento, portanto, at\u00e9 o final do ano, n\u00f3s teremos 2.600 novos policiais nas ruas. E hoje, autorizei a Secretaria de Administra\u00e7\u00e3o a realizar um novo concurso, ainda este ano, com mais duas mil vagas&#8221;, detalhou o governador.<\/p>\n<p style=\"text-align: justify;\">Para a soldada Bruna Paes, integrar as for\u00e7as de seguran\u00e7a p\u00fablica \u00e9 a realiza\u00e7\u00e3o de um sonho. \u201cDepois de mais de dez meses de dedica\u00e7\u00e3o e empenho, \u00e9 uma sensa\u00e7\u00e3o maravilhosa. Poder servir \u00e0 popula\u00e7\u00e3o \u00e9 um sonho que sempre tive e que a partir de agora vou poder realizar\u201d.<\/p>\n<p style=\"text-align: justify;\">Motivo de felicidade tamb\u00e9m para as fam\u00edlias. M\u00e3e de um dos formandos, a dona de casa, Elilze Soares, acompanhou de perto o empenho necess\u00e1rio para a conclus\u00e3o do curso. \u201cMeu filho diversas vezes pensou em desistir, mas se manteve firme e hoje est\u00e1 aqui se formando nessa profiss\u00e3o linda de servir e proteger\u201d.<\/p>\n<p style=\"text-align: justify;\"><strong>Homenagem<\/strong><\/p>\n<p style=\"text-align: justify;\">A cerim\u00f4nia contou com uma homenagem ao sargento Jos\u00e9 Roberto Cardoso Silva, patrono da turma falecido em 2021, atrav\u00e9s da vi\u00fava e de dois dos tr\u00eas filhos que seguiram os caminhos do pai e s\u00e3o alunos formandos. Durante a trajet\u00f3ria profissional, o sargento Cardoso serviu em diversas unidades e exerceu, entre outras fun\u00e7\u00f5es, dentre elas a fun\u00e7\u00e3o de comandante da guarda do Quartel do Comando Geral (QCG).<\/p>\n<p style=\"text-align: justify;\"><strong>Foto: Joa Souza\/GOVBA<\/strong><\/p>\n","protected":false},"excerpt":{"rendered":"<p>Em solenidade realizada nesta segunda-feira (9), na Vila Policial Militar do Bonfim, em Salvador, a Pol\u00edcia Militar da Bahia (PMBA) formou 257 novos soldados do curso de forma\u00e7\u00e3o da PM. Outros 660 foram graduados de forma simult\u00e2nea em outras cidades do interior do estado, totalizando em 917 novos policiais. O governador Rui Costa acompanhou, na [&hellip;]<\/p>\n","protected":false},"author":2,"featured_media":108959,"comment_status":"open","ping_status":"open","sticky":false,"template":"","format":"standard","meta":[],"categories":[74,105],"tags":[],"_links":{"self":[{"href":"https:\/\/www.blogdopaulonunes.com\/v5\/index.php\/wp-json\/wp\/v2\/posts\/108958"}],"collection":[{"href":"https:\/\/www.blogdopaulonunes.com\/v5\/index.php\/wp-json\/wp\/v2\/posts"}],"about":[{"href":"https:\/\/www.blogdopaulonunes.com\/v5\/index.php\/wp-json\/wp\/v2\/types\/post"}],"author":[{"embeddable":true,"href":"https:\/\/www.blogdopaulonunes.com\/v5\/index.php\/wp-json\/wp\/v2\/users\/2"}],"replies":[{"embeddable":true,"href":"https:\/\/www.blogdopaulonunes.com\/v5\/index.php\/wp-json\/wp\/v2\/comments?post=108958"}],"version-history":[{"count":1,"href":"https:\/\/www.blogdopaulonunes.com\/v5\/index.php\/wp-json\/wp\/v2\/posts\/108958\/revisions"}],"predecessor-version":[{"id":108960,"href":"https:\/\/www.blogdopaulonunes.com\/v5\/index.php\/wp-json\/wp\/v2\/posts\/108958\/revisions\/108960"}],"wp:featuredmedia":[{"embeddable":true,"href":"https:\/\/www.blogdopaulonunes.com\/v5\/index.php\/wp-json\/wp\/v2\/media\/108959"}],"wp:attachment":[{"href":"https:\/\/www.blogdopaulonunes.com\/v5\/index.php\/wp-json\/wp\/v2\/media?parent=108958"}],"wp:term":[{"taxonomy":"category","embeddable":true,"href":"https:\/\/www.blogdopaulonunes.com\/v5\/index.php\/wp-json\/wp\/v2\/categories?post=108958"},{"taxonomy":"post_tag","embeddable":true,"href":"https:\/\/www.blogdopaulonunes.com\/v5\/index.php\/wp-json\/wp\/v2\/tags?post=108958"}],"curies":[{"name":"wp","href":"https:\/\/api.w.org\/{rel}","templated":true}]}}