{"id":108954,"date":"2022-05-10T00:07:20","date_gmt":"2022-05-10T03:07:20","guid":{"rendered":"https:\/\/www.blogdopaulonunes.com\/v5\/?p=108954"},"modified":"2022-05-09T23:15:28","modified_gmt":"2022-05-10T02:15:28","slug":"convenios-repassam-recursos-de-emendas-de-waldenor-e-ze-raimundo-para-8-municipios","status":"publish","type":"post","link":"https:\/\/www.blogdopaulonunes.com\/v5\/index.php\/2022\/05\/10\/convenios-repassam-recursos-de-emendas-de-waldenor-e-ze-raimundo-para-8-municipios\/","title":{"rendered":"Conv\u00eanios repassam recursos de emendas de Waldenor e Z\u00e9 Raimundo para 8 munic\u00edpios"},"content":{"rendered":"<p style=\"text-align: justify;\">Os deputados Waldenor Pereira (federal) e Z\u00e9 Raimundo (estadual) participaram de ato com o governador Rui Costa, na tarde desta segunda-feira, 9, no audit\u00f3rio da Secretaria Estadual de Infraestrutura (Seinfra), em Salvador. O evento\u00a0 foi realizado para assinatura de conv\u00eanios de repasse de recursos de emenda parlamentar deles para oito munic\u00edpios: Cacul\u00e9, Mortugaba, Malhada, Planalto, Pirip\u00e1, Carinhanha, Dom Bas\u00edlio e Barra do Cho\u00e7a.<\/p>\n<p style=\"text-align: justify;\">Os munic\u00edpios estiveram representados pelos seus respectivos prefeitos: Cacul\u00e9, Pedr\u00e3o; Malhada Dr. Gimmy; Planalto, Cloves Andrade;\u00a0 Pirip\u00e1, Fl\u00e1vio Oliveira; Mortugaba, Her\u00e1clito Mattos, Carinhanha, Chica do PT, Dom\u00a0 Bas\u00edlio,\u00a0 Roberval Galego, e Barra do Cho\u00e7a, Oberdan Rocha.<\/p>\n<p><img loading=\"lazy\" class=\"alignnone size-full wp-image-108956\" src=\"https:\/\/www.blogdopaulonunes.com\/v5\/wp-content\/uploads\/2022\/05\/DomBasilio-WZ.jpg1_.jpg\" alt=\"\" width=\"280\" height=\"254\" \/><\/p>\n<p style=\"text-align: justify;\">O munic\u00edpio de Pirip\u00e1 foi contemplado com recursos\u00a0 para constru\u00e7\u00e3o de\u00a0 est\u00e1dio de futebol,\u00a0 no valor R$ 1 milh\u00e3o 881 mil 599. Enquanto Planalto,\u00a0 Malhada e Dom Bas\u00edlio v\u00e3o ganhar novos PSFs- Posto de Sa\u00fade da Fam\u00edlia,\u00a0 cada qual no valor de 924 mil 390. <!--more--><\/p>\n<p style=\"text-align: justify;\">Cacul\u00e9 vai receber equipamentos de sa\u00fade no valor de R$ 215 mil; Mortugaba\u00a0 ter\u00e1 repasse no valor\u00a0 de R$50 mil 818,91 \u00e9 Barra do Cho\u00e7a vai ganhar kites de parto e p\u00f3s- parto, no valor de 85 mil, e Carinhanha ter\u00e1 R$ 100 mil para aquisi\u00e7\u00e3o de equipamento de ultrassonografia.<\/p>\n","protected":false},"excerpt":{"rendered":"<p>Os deputados Waldenor Pereira (federal) e Z\u00e9 Raimundo (estadual) participaram de ato com o governador Rui Costa, na tarde desta segunda-feira, 9, no audit\u00f3rio da Secretaria Estadual de Infraestrutura (Seinfra), em Salvador. O evento\u00a0 foi realizado para assinatura de conv\u00eanios de repasse de recursos de emenda parlamentar deles para oito munic\u00edpios: Cacul\u00e9, Mortugaba, Malhada, Planalto, [&hellip;]<\/p>\n","protected":false},"author":2,"featured_media":108955,"comment_status":"open","ping_status":"open","sticky":false,"template":"","format":"standard","meta":[],"categories":[115,71],"tags":[],"_links":{"self":[{"href":"https:\/\/www.blogdopaulonunes.com\/v5\/index.php\/wp-json\/wp\/v2\/posts\/108954"}],"collection":[{"href":"https:\/\/www.blogdopaulonunes.com\/v5\/index.php\/wp-json\/wp\/v2\/posts"}],"about":[{"href":"https:\/\/www.blogdopaulonunes.com\/v5\/index.php\/wp-json\/wp\/v2\/types\/post"}],"author":[{"embeddable":true,"href":"https:\/\/www.blogdopaulonunes.com\/v5\/index.php\/wp-json\/wp\/v2\/users\/2"}],"replies":[{"embeddable":true,"href":"https:\/\/www.blogdopaulonunes.com\/v5\/index.php\/wp-json\/wp\/v2\/comments?post=108954"}],"version-history":[{"count":1,"href":"https:\/\/www.blogdopaulonunes.com\/v5\/index.php\/wp-json\/wp\/v2\/posts\/108954\/revisions"}],"predecessor-version":[{"id":108957,"href":"https:\/\/www.blogdopaulonunes.com\/v5\/index.php\/wp-json\/wp\/v2\/posts\/108954\/revisions\/108957"}],"wp:featuredmedia":[{"embeddable":true,"href":"https:\/\/www.blogdopaulonunes.com\/v5\/index.php\/wp-json\/wp\/v2\/media\/108955"}],"wp:attachment":[{"href":"https:\/\/www.blogdopaulonunes.com\/v5\/index.php\/wp-json\/wp\/v2\/media?parent=108954"}],"wp:term":[{"taxonomy":"category","embeddable":true,"href":"https:\/\/www.blogdopaulonunes.com\/v5\/index.php\/wp-json\/wp\/v2\/categories?post=108954"},{"taxonomy":"post_tag","embeddable":true,"href":"https:\/\/www.blogdopaulonunes.com\/v5\/index.php\/wp-json\/wp\/v2\/tags?post=108954"}],"curies":[{"name":"wp","href":"https:\/\/api.w.org\/{rel}","templated":true}]}}