{"id":108918,"date":"2022-05-06T14:35:36","date_gmt":"2022-05-06T17:35:36","guid":{"rendered":"https:\/\/www.blogdopaulonunes.com\/v5\/?p=108918"},"modified":"2022-05-06T14:35:36","modified_gmt":"2022-05-06T17:35:36","slug":"general-que-questiona-eleicoes-contratou-empresa-israelense-que-tem-ex-chefe-de-ti-do-governo-bolsonaro-como-executivo","status":"publish","type":"post","link":"https:\/\/www.blogdopaulonunes.com\/v5\/index.php\/2022\/05\/06\/general-que-questiona-eleicoes-contratou-empresa-israelense-que-tem-ex-chefe-de-ti-do-governo-bolsonaro-como-executivo\/","title":{"rendered":"General que questiona elei\u00e7\u00f5es contratou empresa israelense que tem ex-chefe de TI do governo Bolsonaro como executivo"},"content":{"rendered":"<p style=\"text-align: justify;\">General H\u00e9ber Garcia Portella firmou contrato com a empresa CySource, que tem entre seus executivos um ex-diretor de TI da Secretaria-Geral da Presid\u00eancia<\/p>\n<p style=\"text-align: justify;\"><b>Paulo Motoryn,\u00a0<\/b><a href=\"https:\/\/www.brasildefato.com.br\/2022\/05\/06\/general-que-questiona-eleicoes-contratou-empresa-israelense-de-ex-chefe-de-ti-de-bolsonaro\" target=\"_blank\" rel=\"noopener\"><b>Brasil de Fato\u00a0<\/b><\/a><b>&#8211;\u00a0<\/b>O general H\u00e9ber Garcia Portella, comandante de Defesa Cibern\u00e9tica do Ex\u00e9rcito Brasileiro (ComDCiber), foi respons\u00e1vel pela assinatura de um acordo de coopera\u00e7\u00e3o com a empresa de cyberseguran\u00e7a israelense CySource, em mar\u00e7o deste ano. Portella foi indicado pelas For\u00e7as Armadas, em setembro do ano passado, para participar de uma comiss\u00e3o criada pelo TSE para fiscalizar o processo eleitoral. No posto, ele tem insistido em apontar supostos riscos e fragilidades do sistema de vota\u00e7\u00e3o brasileiro. A firma israelense contratada pelo setor de Portella no Ex\u00e9rcito tem como um de seus executivos o analista de sistemas H\u00e9lio Cabral Sant&#8217;ana, ex-diretor de Tecnologia da Informa\u00e7\u00e3o da Secretaria-Geral da Presid\u00eancia da Rep\u00fablica no governo de Jair Bolsonaro (PL<\/p>\n<p style=\"text-align: justify;\">\nNo mesmo m\u00eas em que deixou o governo federal, em mar\u00e7o deste ano, Sant&#8217;ana atuou como um dos representantes da CySource na celebra\u00e7\u00e3o do termo coopera\u00e7\u00e3o da empresa com o Ex\u00e9rcito Brasileiro para capacita\u00e7\u00e3o de militares em defesa cibern\u00e9tica.<\/p>\n<p style=\"text-align: justify;\">O acordo foi assinado presencialmente, em 25 de mar\u00e7o, em Tel Aviv. O encontro reuniu o coronel Jaques Fl\u00f3rio Simpl\u00edcio, adido de Defesa do Brasil em Israel, o embaixador brasileiro em Israel, Gerson Menandro Garcia de Freitas, e Shai Alfasi, executivo da CySource.<\/p>\n<p style=\"text-align: justify;\">At\u00e9 o momento, os detalhes do acordo de coopera\u00e7\u00e3o n\u00e3o s\u00e3o p\u00fablicos. No Portal da Transpar\u00eancia, n\u00e3o consta nenhum documento relativo \u00e0 negocia\u00e7\u00e3o. A empresa tamb\u00e9m n\u00e3o aparece como fornecedora ou prestadora de servi\u00e7os ao governo.<\/p>\n<p style=\"text-align: justify;\">&#8220;Vamos capacitar o Ex\u00e9rcito Brasileiro com um leque completo de treinamentos, adequando todo conte\u00fado para atender as necessidades que foram sendo identificadas&#8221;, disse Sant\u2019ana, em comunicado divulgado por ambas as partes ap\u00f3s o encontro.<!--more--><\/p>\n<p style=\"text-align: justify;\">De acordo com a nota da empresa, entre os conceitos abordados na capacita\u00e7\u00e3o est\u00e3o: an\u00e1lise de malware, fundamentos de rede, respostas a incidentes cibern\u00e9ticos, red team, per\u00edcia forense digital e testes de intrus\u00e3o a sistemas cr\u00edticos.<\/p>\n<p style=\"text-align: justify;\">Empresa israelense tem militares e bolsonarista<br \/>\nAl\u00e9m de ter chefiado as pol\u00edticas de tecnologia da informa\u00e7\u00e3o na Presid\u00eancia da Rep\u00fablica durante o governo Bolsonaro, H\u00e9lio Cabral Sant&#8217;ana foi primeiro-tenente do Ex\u00e9rcito, de janeiro de 2009 a mar\u00e7o de 2013. Para sair do Executivo e assumir o cargo na CySource, ele teve autoriza\u00e7\u00e3o da Comiss\u00e3o de \u00c9tica P\u00fablica da Presid\u00eancia.<\/p>\n<p style=\"text-align: justify;\">O ex-diretor de TI da Presid\u00eancia n\u00e3o \u00e9 o \u00fanico representante da empresa com passagem pelas For\u00e7as Armadas. Assim como ele, o diretor global de vendas da CySource, Luiz Katzap, foi tenente do Ex\u00e9rcito de fevereiro de 2008 a agosto de 2016.<\/p>\n<p style=\"text-align: justify;\">A CySource foi fundada por veteranos das for\u00e7as de defesa militar de Israel. Ap\u00f3s anos atuando com seguran\u00e7a cibern\u00e9tica para organiza\u00e7\u00f5es militares, a empresa afirma contar com &#8220;a melhor plataforma de educa\u00e7\u00e3o e treinamento em seguran\u00e7a cibern\u00e9tica baseada em Intelig\u00eancia Artificial do mundo&#8221;.<\/p>\n<p style=\"text-align: justify;\">O diretor executivo da CySource, Amir Bar-El, assim como os outros fundadores da empresa, tem experi\u00eancia no setor de defesa israelense. Ele atuou nas unidades de intelig\u00eancia do Mossad, servi\u00e7o secreto de Israel. Depois, fez carreira na iniciativa privada.<\/p>\n<p style=\"text-align: justify;\">\u201cAo longo dos \u00faltimos anos estabelecemos academias de seguran\u00e7a cibern\u00e9tica para diversas organiza\u00e7\u00f5es militares e unidades de seguran\u00e7a em todo o mundo, o que nos permitiu consolidar conhecimento estrat\u00e9gico na defesa cibern\u00e9tica\u201d, afirmou Bar-EI no comunicado da parceria com o Ex\u00e9rcito Brasileiro.<\/p>\n<p style=\"text-align: justify;\">Empossado no cargo do Comando de Defesa Cibern\u00e9tica em maio de 2021, pelo ent\u00e3o ministro da Defesa, Fernando Azevedo, H\u00e9ber Garcia Portella j\u00e1 foi instrutor da Academia Militar das Agulhas Negras e da Academia de Guerra do Ex\u00e9rcito Chileno.<\/p>\n<p style=\"text-align: justify;\">Portella ainda exerceu o cargo de Comandante do 28\u00ba Batalh\u00e3o de Infantaria Leve em Campinas, S\u00e3o Paulo. Como general, foi chefe do Comando Militar do Nordeste (CMNE), sediado em Recife (PE).<\/p>\n<p style=\"text-align: justify;\">Em 2020, como chefe de Recursos Humanos do Ex\u00e9rcito, fez uma visita aos Estados Unidos, onde se reuniu com o general de comando Joseph Calloway, que exercia cargo semelhante no Ex\u00e9rcito dos Estados Unidos.<\/p>\n<p style=\"text-align: justify;\">&#8220;Ap\u00f3s uma tradicional troca de presentes entre Calloway e o tenente-general Heber Garcia Portella, diretor da Diretoria de Gest\u00e3o de Recursos Humanos do Ex\u00e9rcito Brasileiro, os dois l\u00edderes discutiram programas, pol\u00edticas, gest\u00e3o e desenvolvimento de soldados do Ex\u00e9rcito dos EUA, com foco no Processo de Alinhamento de Talentos do Ex\u00e9rcito&#8221;, diz um comunicado divulgado pelo Comando Sul do Ex\u00e9rcito dos EUA.<\/p>\n<p style=\"text-align: justify;\">Outro lado<br \/>\nO Brasil de Fato acionou a assessoria de imprensa do Comando do Ex\u00e9rcito e os contatos oficiais da empresa CySource. At\u00e9 o momento, nenhuma das partes acusou recebimento do pedido de posicionamento. O espa\u00e7o segue aberto para manifesta\u00e7\u00f5es.<\/p>\n","protected":false},"excerpt":{"rendered":"<p>General H\u00e9ber Garcia Portella firmou contrato com a empresa CySource, que tem entre seus executivos um ex-diretor de TI da Secretaria-Geral da Presid\u00eancia Paulo Motoryn,\u00a0Brasil de Fato\u00a0&#8211;\u00a0O general H\u00e9ber Garcia Portella, comandante de Defesa Cibern\u00e9tica do Ex\u00e9rcito Brasileiro (ComDCiber), foi respons\u00e1vel pela assinatura de um acordo de coopera\u00e7\u00e3o com a empresa de cyberseguran\u00e7a israelense CySource, [&hellip;]<\/p>\n","protected":false},"author":2,"featured_media":108919,"comment_status":"open","ping_status":"open","sticky":false,"template":"","format":"standard","meta":[],"categories":[36,105],"tags":[],"_links":{"self":[{"href":"https:\/\/www.blogdopaulonunes.com\/v5\/index.php\/wp-json\/wp\/v2\/posts\/108918"}],"collection":[{"href":"https:\/\/www.blogdopaulonunes.com\/v5\/index.php\/wp-json\/wp\/v2\/posts"}],"about":[{"href":"https:\/\/www.blogdopaulonunes.com\/v5\/index.php\/wp-json\/wp\/v2\/types\/post"}],"author":[{"embeddable":true,"href":"https:\/\/www.blogdopaulonunes.com\/v5\/index.php\/wp-json\/wp\/v2\/users\/2"}],"replies":[{"embeddable":true,"href":"https:\/\/www.blogdopaulonunes.com\/v5\/index.php\/wp-json\/wp\/v2\/comments?post=108918"}],"version-history":[{"count":1,"href":"https:\/\/www.blogdopaulonunes.com\/v5\/index.php\/wp-json\/wp\/v2\/posts\/108918\/revisions"}],"predecessor-version":[{"id":108920,"href":"https:\/\/www.blogdopaulonunes.com\/v5\/index.php\/wp-json\/wp\/v2\/posts\/108918\/revisions\/108920"}],"wp:featuredmedia":[{"embeddable":true,"href":"https:\/\/www.blogdopaulonunes.com\/v5\/index.php\/wp-json\/wp\/v2\/media\/108919"}],"wp:attachment":[{"href":"https:\/\/www.blogdopaulonunes.com\/v5\/index.php\/wp-json\/wp\/v2\/media?parent=108918"}],"wp:term":[{"taxonomy":"category","embeddable":true,"href":"https:\/\/www.blogdopaulonunes.com\/v5\/index.php\/wp-json\/wp\/v2\/categories?post=108918"},{"taxonomy":"post_tag","embeddable":true,"href":"https:\/\/www.blogdopaulonunes.com\/v5\/index.php\/wp-json\/wp\/v2\/tags?post=108918"}],"curies":[{"name":"wp","href":"https:\/\/api.w.org\/{rel}","templated":true}]}}