{"id":108912,"date":"2022-05-06T10:19:45","date_gmt":"2022-05-06T13:19:45","guid":{"rendered":"https:\/\/www.blogdopaulonunes.com\/v5\/?p=108912"},"modified":"2022-05-06T10:19:45","modified_gmt":"2022-05-06T13:19:45","slug":"presidente-do-stm-recebeu-diarias-para-viagens-ao-rj-sem-compromisso-qualquer-semelhanca-com-alguem-que-voce-conheca-e-mera-coincidencia-oficial","status":"publish","type":"post","link":"https:\/\/www.blogdopaulonunes.com\/v5\/index.php\/2022\/05\/06\/presidente-do-stm-recebeu-diarias-para-viagens-ao-rj-sem-compromisso-qualquer-semelhanca-com-alguem-que-voce-conheca-e-mera-coincidencia-oficial\/","title":{"rendered":"Presidente do STM recebeu di\u00e1rias para viagens ao RJ sem compromisso; qualquer semelhan\u00e7a com algu\u00e9m que voc\u00ea conhe\u00e7a \u00e9 mera coincid\u00eancia oficial"},"content":{"rendered":"<p style=\"text-align: justify;\">Boa parte das viagens teve como objetivo a participa\u00e7\u00e3o em eventos burocr\u00e1ticos, mas algumas n\u00e3o contavam com compromissos oficiais<\/p>\n<p>O presidente do Superior Tribunal Militar (STM), general Luis Carlos Gomes Mattos fez diversas viagens bancadas com di\u00e1rias. Segundo a Folha de S.Paulo, boa parte das viagens teve como objetivo a participa\u00e7\u00e3o em eventos burocr\u00e1ticos, mas algumas n\u00e3o contavam com compromissos oficiais.<\/p>\n<p style=\"text-align: justify;\">Entre elas, fins de semana sem compromisso oficial no Rio de Janeiro e cinco dias em Cartagena, na Col\u00f4mbia, para uma palestra e um evento. Mattos viajou para acompanhar 12 solenidades militares.<\/p>\n<p style=\"text-align: justify;\">Em um ano, os gastos com di\u00e1rias e passagens a\u00e9reas do presidente do STM e de assessores que o acompanham somaram R$ 235 mil. Ao todo, foram feitas 22 viagens.<\/p>\n<p style=\"text-align: justify;\">&#8220;Privilegiando o princ\u00edpio da economicidade, o presidente do STM aproveita participa\u00e7\u00e3o em solenidades militares para visitar as diversas auditorias militares e estabelecer contato com autoridades, em diversas unidades da federa\u00e7\u00e3o&#8221;, disse. &#8220;O presidente recebe as di\u00e1rias computadas para os dias em que participa de atividades previstas em sua agenda&#8221;.<\/p>\n","protected":false},"excerpt":{"rendered":"<p>Boa parte das viagens teve como objetivo a participa\u00e7\u00e3o em eventos burocr\u00e1ticos, mas algumas n\u00e3o contavam com compromissos oficiais O presidente do Superior Tribunal Militar (STM), general Luis Carlos Gomes Mattos fez diversas viagens bancadas com di\u00e1rias. Segundo a Folha de S.Paulo, boa parte das viagens teve como objetivo a participa\u00e7\u00e3o em eventos burocr\u00e1ticos, mas [&hellip;]<\/p>\n","protected":false},"author":2,"featured_media":108913,"comment_status":"open","ping_status":"open","sticky":false,"template":"","format":"standard","meta":[],"categories":[36,105],"tags":[],"_links":{"self":[{"href":"https:\/\/www.blogdopaulonunes.com\/v5\/index.php\/wp-json\/wp\/v2\/posts\/108912"}],"collection":[{"href":"https:\/\/www.blogdopaulonunes.com\/v5\/index.php\/wp-json\/wp\/v2\/posts"}],"about":[{"href":"https:\/\/www.blogdopaulonunes.com\/v5\/index.php\/wp-json\/wp\/v2\/types\/post"}],"author":[{"embeddable":true,"href":"https:\/\/www.blogdopaulonunes.com\/v5\/index.php\/wp-json\/wp\/v2\/users\/2"}],"replies":[{"embeddable":true,"href":"https:\/\/www.blogdopaulonunes.com\/v5\/index.php\/wp-json\/wp\/v2\/comments?post=108912"}],"version-history":[{"count":1,"href":"https:\/\/www.blogdopaulonunes.com\/v5\/index.php\/wp-json\/wp\/v2\/posts\/108912\/revisions"}],"predecessor-version":[{"id":108914,"href":"https:\/\/www.blogdopaulonunes.com\/v5\/index.php\/wp-json\/wp\/v2\/posts\/108912\/revisions\/108914"}],"wp:featuredmedia":[{"embeddable":true,"href":"https:\/\/www.blogdopaulonunes.com\/v5\/index.php\/wp-json\/wp\/v2\/media\/108913"}],"wp:attachment":[{"href":"https:\/\/www.blogdopaulonunes.com\/v5\/index.php\/wp-json\/wp\/v2\/media?parent=108912"}],"wp:term":[{"taxonomy":"category","embeddable":true,"href":"https:\/\/www.blogdopaulonunes.com\/v5\/index.php\/wp-json\/wp\/v2\/categories?post=108912"},{"taxonomy":"post_tag","embeddable":true,"href":"https:\/\/www.blogdopaulonunes.com\/v5\/index.php\/wp-json\/wp\/v2\/tags?post=108912"}],"curies":[{"name":"wp","href":"https:\/\/api.w.org\/{rel}","templated":true}]}}