{"id":108833,"date":"2022-05-02T14:56:28","date_gmt":"2022-05-02T17:56:28","guid":{"rendered":"https:\/\/www.blogdopaulonunes.com\/v5\/?p=108833"},"modified":"2022-05-02T14:56:28","modified_gmt":"2022-05-02T17:56:28","slug":"populacao-do-municipio-de-barreiras-recebe-servicos-da-feira-cidada","status":"publish","type":"post","link":"https:\/\/www.blogdopaulonunes.com\/v5\/index.php\/2022\/05\/02\/populacao-do-municipio-de-barreiras-recebe-servicos-da-feira-cidada\/","title":{"rendered":"Popula\u00e7\u00e3o do munic\u00edpio de Barreiras recebe servi\u00e7os da Feira Cidad\u00e3"},"content":{"rendered":"<p style=\"text-align: justify;\">A Secretaria da Sa\u00fade do Estado (Sesab) deu in\u00edcio, nesta segunda-feira (2), a mais uma edi\u00e7\u00e3o da Feira Cidad\u00e3, desta vez no munic\u00edpio de Barreiras, na regi\u00e3o Oeste. At\u00e9 quarta (4), ser\u00e3o realizados mais de oito mil atendimentos, entre consultas m\u00e9dicas, exames, procedimentos odontol\u00f3gicos, teste e vacina\u00e7\u00e3o para Covid-19, al\u00e9m de servi\u00e7os de cidadania, como emiss\u00e3o de documentos. Em visita ao munic\u00edpio para uma s\u00e9rie de entregas, o governador Rui Costa, ao lado da titular da Sesab, Ad\u00e9lia Pinheiro, acompanhou a a\u00e7\u00e3o.<\/p>\n<p style=\"text-align: justify;\">\u201cA Feira aqui em Barreiras vai atender uma demanda reprimida da pandemia, com procedimentos como a cirurgia de catarata, bastante procurada, al\u00e9m de atendimentos odontol\u00f3gicos, servi\u00e7os de aten\u00e7\u00e3o ao cidad\u00e3o e tamb\u00e9m marca\u00e7\u00e3o de exames e cirurgias eletivas para as mulheres\u201d, explicou o governador.<\/p>\n<p style=\"text-align: justify;\">Os atendimentos acontecem das 8h \u00e0s 17h, no espa\u00e7o montado no Batalh\u00e3o de Instru\u00e7\u00e3o e Capacita\u00e7\u00e3o de Pol\u00edcia Militar, localizado na Avenida Rui Barbosa, no bairro Vila Regina. A popula\u00e7\u00e3o tem acesso a consultas com oftalmologistas, exames de ultrassonografia, eletrocardiograma, raio-x e outros servi\u00e7os m\u00e9dicos. No local reservado ao atendimento odontol\u00f3gico, os profissionais realizam procedimentos de obtura\u00e7\u00e3o, restaura\u00e7\u00e3o, limpeza, canal e procedimentos mais complexos, como cirurgias bucomaxilo.<!--more--><\/p>\n<p style=\"text-align: justify;\">Para ter acesso \u00e0 feira e aos servi\u00e7os, \u00e9 necess\u00e1rio apresentar RG, cart\u00e3o do SUS, comprovante de resid\u00eancia e comprovante de vacina\u00e7\u00e3o com as doses contra a Covid-19 em dia. O mec\u00e2nico, Francisco Soares, de 63 anos, aproveitou a oportunidade e j\u00e1 foi encaminhado para realizar a cirurgia de catarata, que aguarda h\u00e1 quatro anos. \u201cSe n\u00e3o fosse essa chance, eu teria que fazer uma cirurgia particular, mas os pre\u00e7os s\u00e3o muito altos, em torno de R$ 4 mil a R$ 6 mil para cada olho. Essa oportunidade caiu do c\u00e9u. Aqui, j\u00e1 fui atendido e agora estou sendo encaminhado para a cirurgia&#8221;, destacou.<\/p>\n<p><img loading=\"lazy\" class=\"alignnone size-full wp-image-108835\" src=\"https:\/\/www.blogdopaulonunes.com\/v5\/wp-content\/uploads\/2022\/05\/Barreiras-4.png1_.png\" alt=\"\" width=\"218\" height=\"148\" \/><\/p>\n<p style=\"text-align: justify;\"><strong>Cidadania<\/strong><\/p>\n<p style=\"text-align: justify;\">Aliado aos servi\u00e7os de sa\u00fade, a popula\u00e7\u00e3o tamb\u00e9m conta com o aux\u00edlio do Servi\u00e7o de Atendimento ao Cidad\u00e3o (SAC), que disponibiliza servi\u00e7os como emiss\u00e3o de segunda via do RG, cadastramento de biometria de eleitor, inscri\u00e7\u00e3o no CPF e emiss\u00e3o de antecedentes criminais. A estudante Ta\u00eds Figueredo aproveitou a oferta gratuita de servi\u00e7os para tirar o documento de identidade. \u201cA feira foi uma \u00f3tima op\u00e7\u00e3o para vir fazer o RG, que eu tinha perdido, e n\u00e3o estava tendo tempo. Foi super r\u00e1pido\u201d, comemorou.<\/p>\n<p style=\"text-align: justify;\"><strong>Balan\u00e7o<\/strong><\/p>\n<p style=\"text-align: justify;\">Barreiras \u00e9 a quinta cidade a receber a Feira Cidad\u00e3, em 2022. Seabra, Salvador, Vit\u00f3ria da Conquista e Jequi\u00e9 foram contempladas recentemente com a a\u00e7\u00e3o, que beneficiou mais de 60 mil pessoas. O projeto atingiu a marca de mais de 372 mil atendimentos em 2019. No ano de 2020, duas edi\u00e7\u00f5es foram realizadas, totalizando mais de 9 mil atendimentos, mas a a\u00e7\u00e3o precisou ser interrompida em virtude da pandemia.<\/p>\n<p style=\"text-align: justify;\"><strong>Pr\u00f3xima edi\u00e7\u00e3o<\/strong><\/p>\n<p style=\"text-align: justify;\">Na pr\u00f3xima semana, a Feira Cidad\u00e3 ser\u00e1 realizada no munic\u00edpio de Bom Jesus da Lapa, na Bacia do Rio Corrente, onde vai atender a popula\u00e7\u00e3o nos dias 11, 12 e 13 de maio<\/p>\n","protected":false},"excerpt":{"rendered":"<p>A Secretaria da Sa\u00fade do Estado (Sesab) deu in\u00edcio, nesta segunda-feira (2), a mais uma edi\u00e7\u00e3o da Feira Cidad\u00e3, desta vez no munic\u00edpio de Barreiras, na regi\u00e3o Oeste. At\u00e9 quarta (4), ser\u00e3o realizados mais de oito mil atendimentos, entre consultas m\u00e9dicas, exames, procedimentos odontol\u00f3gicos, teste e vacina\u00e7\u00e3o para Covid-19, al\u00e9m de servi\u00e7os de cidadania, como [&hellip;]<\/p>\n","protected":false},"author":2,"featured_media":108834,"comment_status":"open","ping_status":"open","sticky":false,"template":"","format":"standard","meta":[],"categories":[74,105],"tags":[],"_links":{"self":[{"href":"https:\/\/www.blogdopaulonunes.com\/v5\/index.php\/wp-json\/wp\/v2\/posts\/108833"}],"collection":[{"href":"https:\/\/www.blogdopaulonunes.com\/v5\/index.php\/wp-json\/wp\/v2\/posts"}],"about":[{"href":"https:\/\/www.blogdopaulonunes.com\/v5\/index.php\/wp-json\/wp\/v2\/types\/post"}],"author":[{"embeddable":true,"href":"https:\/\/www.blogdopaulonunes.com\/v5\/index.php\/wp-json\/wp\/v2\/users\/2"}],"replies":[{"embeddable":true,"href":"https:\/\/www.blogdopaulonunes.com\/v5\/index.php\/wp-json\/wp\/v2\/comments?post=108833"}],"version-history":[{"count":1,"href":"https:\/\/www.blogdopaulonunes.com\/v5\/index.php\/wp-json\/wp\/v2\/posts\/108833\/revisions"}],"predecessor-version":[{"id":108836,"href":"https:\/\/www.blogdopaulonunes.com\/v5\/index.php\/wp-json\/wp\/v2\/posts\/108833\/revisions\/108836"}],"wp:featuredmedia":[{"embeddable":true,"href":"https:\/\/www.blogdopaulonunes.com\/v5\/index.php\/wp-json\/wp\/v2\/media\/108834"}],"wp:attachment":[{"href":"https:\/\/www.blogdopaulonunes.com\/v5\/index.php\/wp-json\/wp\/v2\/media?parent=108833"}],"wp:term":[{"taxonomy":"category","embeddable":true,"href":"https:\/\/www.blogdopaulonunes.com\/v5\/index.php\/wp-json\/wp\/v2\/categories?post=108833"},{"taxonomy":"post_tag","embeddable":true,"href":"https:\/\/www.blogdopaulonunes.com\/v5\/index.php\/wp-json\/wp\/v2\/tags?post=108833"}],"curies":[{"name":"wp","href":"https:\/\/api.w.org\/{rel}","templated":true}]}}