{"id":108826,"date":"2022-05-02T14:07:41","date_gmt":"2022-05-02T17:07:41","guid":{"rendered":"https:\/\/www.blogdopaulonunes.com\/v5\/?p=108826"},"modified":"2022-05-02T14:07:41","modified_gmt":"2022-05-02T17:07:41","slug":"ufrb-abre-inscricoes-para-contratacao-de-19-professores-e-professoras-visitantes","status":"publish","type":"post","link":"https:\/\/www.blogdopaulonunes.com\/v5\/index.php\/2022\/05\/02\/ufrb-abre-inscricoes-para-contratacao-de-19-professores-e-professoras-visitantes\/","title":{"rendered":"UFRB abre inscri\u00e7\u00f5es para contrata\u00e7\u00e3o de 19 professores e professoras visitantes"},"content":{"rendered":"<p style=\"text-align: justify;\">A Universidade Federal do Rec\u00f4ncavo da Bahia (UFRB) abre inscri\u00e7\u00f5es para o processo seletivo simplificado destinado ao provimento de 19 vagas para professores e professoras visitantes nacionais e estrangeiros(as), que v\u00e3o atuar nos cursos de p\u00f3s-gradua\u00e7\u00e3o (mestrado e doutorado) da institui\u00e7\u00e3o.<\/p>\n<p style=\"text-align: justify;\">Das 19 vagas, quatro s\u00e3o reservadas para candidatos(as) negros(as) e duas para pessoas com defici\u00eancia. Este volume de vagas ofertadas \u00e9 maior do que todos os processos seletivos anteriores realizados pela UFRB.<\/p>\n<p style=\"text-align: justify;\">As inscri\u00e7\u00f5es podem ser realizadas at\u00e9 23 de maio, por meio de\u00a0<a href=\"https:\/\/docs.google.com\/forms\/d\/e\/1FAIpQLSc8ypiUfgl4CdYyR9mQ0l8xybNTCh7yiBP_MgspzVODNjTbkA\/viewform\" target=\"_blank\" rel=\"noopener\" data-saferedirecturl=\"https:\/\/www.google.com\/url?q=https:\/\/docs.google.com\/forms\/d\/e\/1FAIpQLSc8ypiUfgl4CdYyR9mQ0l8xybNTCh7yiBP_MgspzVODNjTbkA\/viewform&amp;source=gmail&amp;ust=1651597024099000&amp;usg=AOvVaw37x-7mqmyRIIXiaATZz3oG\">formul\u00e1rio eletr\u00f4nico<\/a>. Est\u00e3o dispon\u00edveis vagas em 14 programas de p\u00f3s-gradua\u00e7\u00e3o:\u00a0Arqueologia e Patrim\u00f4nio Cultural;\u00a0Ci\u00eancias Agr\u00e1rias;\u00a0Ci\u00eancias Sociais: Cultura, Desigualdades e Desenvolvimento;\u00a0Comunica\u00e7\u00e3o;\u00a0<wbr \/>Defesa Agropecu\u00e1ria;\u00a0Educa\u00e7\u00e3o Cientifica, Inclus\u00e3o e Diversidade;\u00a0Educa\u00e7\u00e3o do Campo;\u00a0Engenharia Agr\u00edcola;\u00a0Gest\u00e3o de Pol\u00edticas P\u00fablicas e Seguran\u00e7a Social;\u00a0Hist\u00f3ria da \u00c1frica, da Di\u00e1spora e dos Povos Ind\u00edgenas;\u00a0Pol\u00edtica Social e Territ\u00f3rios;\u00a0Recursos Gen\u00e9ticos Vegetais;\u00a0Sa\u00fade da Popula\u00e7\u00e3o Negra e Ind\u00edgena; e\u00a0Zootecnia.<\/p>\n<p style=\"text-align: justify;\">O edital apresenta como novidade a contempla\u00e7\u00e3o dos programas de p\u00f3s-gradua\u00e7\u00e3o na modalidade profissional, al\u00e9m dos programas acad\u00eamicos.<!--more--><\/p>\n<p style=\"text-align: justify;\">A contrata\u00e7\u00e3o de professor(a) visitante nacional e de professor(a) visitante estrangeiro(a) ser\u00e1, inicialmente, pelo per\u00edodo de 12 meses, podendo ser prorrogado at\u00e9 o limite m\u00e1ximo de 24 meses. O regime de trabalho necess\u00e1rio \u00e9 de 40 (quarenta) horas semanais com dedica\u00e7\u00e3o exclusiva.<\/p>\n<p style=\"text-align: justify;\"><strong>Remunera\u00e7\u00e3o<\/strong><\/p>\n<p style=\"text-align: justify;\">A remunera\u00e7\u00e3o ser\u00e1 estabelecida com base na qualifica\u00e7\u00e3o e experi\u00eancia do(a) professor(a) doutor(a), podendo ter no m\u00ednimo dois anos de titula\u00e7\u00e3o de doutorado, Classe C (Adjunto), correspondente ao valor bruto salarial de R$ 12.258,12; no m\u00ednimo dez anos de titula\u00e7\u00e3o de doutorado, Classe D (Associado), com sal\u00e1rio bruto de R$ 17.713,59; e no m\u00ednimo dezoito anos de titula\u00e7\u00e3o de doutorado, Classe E (Titular), com sal\u00e1rio bruto de R$ 20.988,01.<\/p>\n<p><strong>Resultado<\/strong><\/p>\n<p>A Comiss\u00e3o de Sele\u00e7\u00e3o ter\u00e1 at\u00e9 o dia 27 de junho para emitir o resultado final, que dever\u00e1 ser divulgado no\u00a0<a href=\"https:\/\/ufrb.edu.br\/portal\/component\/chronoforms5\/?chronoform=ver-concurso&amp;id=442\" target=\"_blank\" rel=\"noopener\" data-saferedirecturl=\"https:\/\/www.google.com\/url?q=https:\/\/ufrb.edu.br\/portal\/component\/chronoforms5\/?chronoform%3Dver-concurso%26id%3D442&amp;source=gmail&amp;ust=1651597024099000&amp;usg=AOvVaw38FCfggQOb1vg2LLPqnNlw\">site de Concursos da UFRB<\/a>\u00a0e publicado no Di\u00e1rio Oficial da Uni\u00e3o (DOU).<\/p>\n<p>Confira o\u00a0<a href=\"https:\/\/ufrb.edu.br\/portal\/components\/com_chronoforms5\/chronoforms\/uploads\/documento\/20220429085540_EDITAL_INTERNO_PROFESSOR_VISITANTE_2022.pdf\" target=\"_blank\" rel=\"noopener\" data-saferedirecturl=\"https:\/\/www.google.com\/url?q=https:\/\/ufrb.edu.br\/portal\/components\/com_chronoforms5\/chronoforms\/uploads\/documento\/20220429085540_EDITAL_INTERNO_PROFESSOR_VISITANTE_2022.pdf&amp;source=gmail&amp;ust=1651597024099000&amp;usg=AOvVaw0FVBlyODey8woEWnHg7tWv\">Edital Interno N\u00ba 01\/2022 &#8211; Professor Visitante<\/a>.<\/p>\n<p>Mais informa\u00e7\u00f5es em\u00a0<a href=\"https:\/\/ufrb.edu.br\/portal\/concursos\" target=\"_blank\" rel=\"noopener\" data-saferedirecturl=\"https:\/\/www.google.com\/url?q=https:\/\/ufrb.edu.br\/portal\/concursos&amp;source=gmail&amp;ust=1651597024099000&amp;usg=AOvVaw2xO1dKjP-FnsLluve1Hgh6\">ufrb.edu.br\/portal\/<wbr \/>concursos<\/a>\u00a0e\u00a0<a href=\"https:\/\/ufrb.edu.br\/progep\/selecao-e-ingressos\" target=\"_blank\" rel=\"noopener\" data-saferedirecturl=\"https:\/\/www.google.com\/url?q=https:\/\/ufrb.edu.br\/progep\/selecao-e-ingressos&amp;source=gmail&amp;ust=1651597024099000&amp;usg=AOvVaw08SG5sFiE4npNKCJgCs9A1\">ufrb.edu.br\/<wbr \/>progep\/selecao-e-ingressos<\/a>.<\/p>\n<p><img loading=\"lazy\" class=\"CToWUd a6T\" tabindex=\"0\" src=\"https:\/\/mail.google.com\/mail\/u\/0?ui=2&amp;ik=772f07da5b&amp;attid=0.1&amp;permmsgid=msg-f:1731708925572273729&amp;th=18084417c31bd641&amp;view=fimg&amp;fur=ip&amp;sz=s0-l75-ft&amp;attbid=ANGjdJ9uHgcsKqhfYXSVt3CgNUJgU_bnJzk-ekD9OLmFW1Si5dHCJl5ZmNqveENt7GZIivLhinprsi6tJqSlyRRXp-CTNJQ8AonlDp4r3UTXEPvMJMfuk5mNlAYQdtU&amp;disp=emb&amp;realattid=ii_l2okd9qk0\" alt=\"image.png\" width=\"378\" height=\"472\" data-image-whitelisted=\"\" \/><\/p>\n<div><\/div>\n<p><span style=\"color: #888888;\">&#8212;<\/span><\/p>\n","protected":false},"excerpt":{"rendered":"<p>A Universidade Federal do Rec\u00f4ncavo da Bahia (UFRB) abre inscri\u00e7\u00f5es para o processo seletivo simplificado destinado ao provimento de 19 vagas para professores e professoras visitantes nacionais e estrangeiros(as), que v\u00e3o atuar nos cursos de p\u00f3s-gradua\u00e7\u00e3o (mestrado e doutorado) da institui\u00e7\u00e3o. Das 19 vagas, quatro s\u00e3o reservadas para candidatos(as) negros(as) e duas para pessoas com [&hellip;]<\/p>\n","protected":false},"author":2,"featured_media":108827,"comment_status":"open","ping_status":"open","sticky":false,"template":"","format":"standard","meta":[],"categories":[91],"tags":[],"_links":{"self":[{"href":"https:\/\/www.blogdopaulonunes.com\/v5\/index.php\/wp-json\/wp\/v2\/posts\/108826"}],"collection":[{"href":"https:\/\/www.blogdopaulonunes.com\/v5\/index.php\/wp-json\/wp\/v2\/posts"}],"about":[{"href":"https:\/\/www.blogdopaulonunes.com\/v5\/index.php\/wp-json\/wp\/v2\/types\/post"}],"author":[{"embeddable":true,"href":"https:\/\/www.blogdopaulonunes.com\/v5\/index.php\/wp-json\/wp\/v2\/users\/2"}],"replies":[{"embeddable":true,"href":"https:\/\/www.blogdopaulonunes.com\/v5\/index.php\/wp-json\/wp\/v2\/comments?post=108826"}],"version-history":[{"count":1,"href":"https:\/\/www.blogdopaulonunes.com\/v5\/index.php\/wp-json\/wp\/v2\/posts\/108826\/revisions"}],"predecessor-version":[{"id":108828,"href":"https:\/\/www.blogdopaulonunes.com\/v5\/index.php\/wp-json\/wp\/v2\/posts\/108826\/revisions\/108828"}],"wp:featuredmedia":[{"embeddable":true,"href":"https:\/\/www.blogdopaulonunes.com\/v5\/index.php\/wp-json\/wp\/v2\/media\/108827"}],"wp:attachment":[{"href":"https:\/\/www.blogdopaulonunes.com\/v5\/index.php\/wp-json\/wp\/v2\/media?parent=108826"}],"wp:term":[{"taxonomy":"category","embeddable":true,"href":"https:\/\/www.blogdopaulonunes.com\/v5\/index.php\/wp-json\/wp\/v2\/categories?post=108826"},{"taxonomy":"post_tag","embeddable":true,"href":"https:\/\/www.blogdopaulonunes.com\/v5\/index.php\/wp-json\/wp\/v2\/tags?post=108826"}],"curies":[{"name":"wp","href":"https:\/\/api.w.org\/{rel}","templated":true}]}}