{"id":108819,"date":"2022-05-02T02:18:05","date_gmt":"2022-05-02T05:18:05","guid":{"rendered":"https:\/\/www.blogdopaulonunes.com\/v5\/?p=108819"},"modified":"2022-05-02T02:18:05","modified_gmt":"2022-05-02T05:18:05","slug":"atos-do-pt-e-centrais-sindicais-reunem-militancia-trabalhadores-e-liderancas","status":"publish","type":"post","link":"https:\/\/www.blogdopaulonunes.com\/v5\/index.php\/2022\/05\/02\/atos-do-pt-e-centrais-sindicais-reunem-militancia-trabalhadores-e-liderancas\/","title":{"rendered":"Atos do PT e centrais sindicais re\u00fanem milit\u00e2ncia, trabalhadores e lideran\u00e7as"},"content":{"rendered":"<p style=\"text-align: justify;\">Realizado no Farol da Barra, em Salvador, e em cidades do interior, atos marcam o Dia do Trabalhador, comemorado neste domingo, 1\u00ba<\/p>\n<p style=\"text-align: justify;\">Os atos em defesa da gera\u00e7\u00e3o de empregos, melhores condi\u00e7\u00f5es de trabalho e direitos trabalhistas organizados pelo Partido dos Trabalhadores da Bahia e centrais sindicais, como a CUT (Central \u00danica dos Trabalhadores), CTB (Central dos Trabalhadores e Trabalhadoras da Bahia), UGB (Uni\u00e3o Geral dos Trabalhadores), For\u00e7a Sindical e Nova Central, reuniram militantes, trabalhadores e lideran\u00e7as pol\u00edticas neste domingo, 1\u00ba, no Farol da Barra, em Salvador, e em cidades do interior.<\/p>\n<p style=\"text-align: justify;\">Ao lado de representantes das centrais sindicais, associa\u00e7\u00f5es, os presentes nos atos protestaram tamb\u00e9m contra retrocessos impostos aos trabalhadores, com a precariza\u00e7\u00e3o das condi\u00e7\u00f5es de trabalho, sub-emprego e da retirada de direitos hist\u00f3ricos, iniciada por Michel Temer com a reforma trabalhista e aprofundada pelo presidente da Rep\u00fablica, Jair Bolsonaro.<!--more--><\/p>\n<p style=\"text-align: justify;\">&#8220;O golpe que foi sofrido pela presidenta Dilma n\u00e3o foi s\u00f3 um golpe sofrido por ela, mas por toda classe trabalhadora que vinha construindo, trilhando um caminho de avan\u00e7o de direitos, de perspectiva no Brasil e que, com o golpe, essa classe trabalhadora foi golpeada com a derrocada a partir da perda de direitos. Aumentou o desemprego no Brasil, houve arrocho do sal\u00e1rio m\u00ednimo, que hoje em dia n\u00e3o tem sido o suficiente para manuten\u00e7\u00e3o dos gastos das fam\u00edlias com a carestia, o pre\u00e7o dos alimentos&#8221;, destacou a secret\u00e1ria de Movimentos Populares do PT Bahia, Luciene Santana.<\/p>\n<p style=\"text-align: justify;\">Luciene falou ainda sobre a piora das condi\u00e7\u00f5es de trabalho por conta da pandemia. &#8220;Al\u00e9m de ser um governo genocida, \u00e9 um governo ruim para a classe trabalhadora, um governo de retirada de direitos e sobretudo um governo sem perspectivas. Ent\u00e3o \u00e9 fundamental que a gente possa retomar o processo democr\u00e1tico no Brasil, e que com a retomada dos governos do PT, com o governo Lula, que a gente consiga retomar o crescimento do pa\u00eds, de emprego, debater a soberania nacional e todas essas quest\u00f5es que foram feridas com o governo Bolsonaro&#8221;.<\/p>\n<p style=\"text-align: justify;\">Presidente da CUT, Maria Madalena Oliveira Firmo, a Leninha, lamentou o n\u00famero de desempregados no Brasil e afirmou que a CUT continuar\u00e1 seu trabalho em defesa da classe e para a gera\u00e7\u00e3o de emprego. &#8220;Queremos mudar a situa\u00e7\u00e3o do nosso pa\u00eds, n\u00e3o d\u00e1 para ver tanta gente desempregada e passando fome, n\u00e3o d\u00e1 para ver tantas jovens sem emprego. Precisamos, sim, dar oportunidade para todas essas pessoas&#8221;.<\/p>\n","protected":false},"excerpt":{"rendered":"<p>Realizado no Farol da Barra, em Salvador, e em cidades do interior, atos marcam o Dia do Trabalhador, comemorado neste domingo, 1\u00ba Os atos em defesa da gera\u00e7\u00e3o de empregos, melhores condi\u00e7\u00f5es de trabalho e direitos trabalhistas organizados pelo Partido dos Trabalhadores da Bahia e centrais sindicais, como a CUT (Central \u00danica dos Trabalhadores), CTB [&hellip;]<\/p>\n","protected":false},"author":2,"featured_media":108820,"comment_status":"open","ping_status":"open","sticky":false,"template":"","format":"standard","meta":[],"categories":[22,72],"tags":[],"_links":{"self":[{"href":"https:\/\/www.blogdopaulonunes.com\/v5\/index.php\/wp-json\/wp\/v2\/posts\/108819"}],"collection":[{"href":"https:\/\/www.blogdopaulonunes.com\/v5\/index.php\/wp-json\/wp\/v2\/posts"}],"about":[{"href":"https:\/\/www.blogdopaulonunes.com\/v5\/index.php\/wp-json\/wp\/v2\/types\/post"}],"author":[{"embeddable":true,"href":"https:\/\/www.blogdopaulonunes.com\/v5\/index.php\/wp-json\/wp\/v2\/users\/2"}],"replies":[{"embeddable":true,"href":"https:\/\/www.blogdopaulonunes.com\/v5\/index.php\/wp-json\/wp\/v2\/comments?post=108819"}],"version-history":[{"count":1,"href":"https:\/\/www.blogdopaulonunes.com\/v5\/index.php\/wp-json\/wp\/v2\/posts\/108819\/revisions"}],"predecessor-version":[{"id":108821,"href":"https:\/\/www.blogdopaulonunes.com\/v5\/index.php\/wp-json\/wp\/v2\/posts\/108819\/revisions\/108821"}],"wp:featuredmedia":[{"embeddable":true,"href":"https:\/\/www.blogdopaulonunes.com\/v5\/index.php\/wp-json\/wp\/v2\/media\/108820"}],"wp:attachment":[{"href":"https:\/\/www.blogdopaulonunes.com\/v5\/index.php\/wp-json\/wp\/v2\/media?parent=108819"}],"wp:term":[{"taxonomy":"category","embeddable":true,"href":"https:\/\/www.blogdopaulonunes.com\/v5\/index.php\/wp-json\/wp\/v2\/categories?post=108819"},{"taxonomy":"post_tag","embeddable":true,"href":"https:\/\/www.blogdopaulonunes.com\/v5\/index.php\/wp-json\/wp\/v2\/tags?post=108819"}],"curies":[{"name":"wp","href":"https:\/\/api.w.org\/{rel}","templated":true}]}}