{"id":108816,"date":"2022-05-02T01:56:55","date_gmt":"2022-05-02T04:56:55","guid":{"rendered":"https:\/\/www.blogdopaulonunes.com\/v5\/?p=108816"},"modified":"2022-05-02T01:56:55","modified_gmt":"2022-05-02T04:56:55","slug":"sob-o-dominio-do-medo","status":"publish","type":"post","link":"https:\/\/www.blogdopaulonunes.com\/v5\/index.php\/2022\/05\/02\/sob-o-dominio-do-medo\/","title":{"rendered":"Sob o dom\u00ednio do medo"},"content":{"rendered":"<p style=\"text-align: justify;\">\nN\u00e3o existe democracia onde pessoas possam emitir opini\u00f5es com armas na cintura<br \/>\nTexto de Silvio Almeida para a Folha<\/p>\n<p style=\"text-align: justify;\">O primeiro passo para enfrentar uma situa\u00e7\u00e3o dif\u00edcil \u00e9 admitir que a situa\u00e7\u00e3o existe.<\/p>\n<p style=\"text-align: justify;\">Ent\u00e3o, para que que possamos dar este primeiro passo \u00e9 preciso dizer com todas as letras que o Brasil n\u00e3o \u00e9 uma democracia e nem uma Rep\u00fablica. Se um dia foi \u2014e h\u00e1 bons argumentos para sustentar o contr\u00e1rio\u2014 hoje, definitivamente, n\u00e3o \u00e9 mais.<\/p>\n<p style=\"text-align: justify;\">Havia antes a ideia de que \u00e9ramos uma &#8220;jovem democracia&#8221;. Pois bem: essa &#8220;jovem&#8221; democracia morreu antes de chegar \u00e0 fase adulta, como morrem os jovens nas periferias, na maioria negros, assassinados pelas tais &#8220;balas perdidas&#8221;.<\/p>\n<p style=\"text-align: justify;\">N\u00e3o pode ser considerado democr\u00e1tico um pa\u00eds em que pessoas com armas na cintura se sintam autorizados a participar do debate p\u00fablico.<\/p>\n<p style=\"text-align: justify;\">Tornou-se normal no Brasil que militares emitam notas &#8220;criticando&#8221; pol\u00edticos, membros do judici\u00e1rio e at\u00e9 se posicionando sobre temas eleitorais. Isso deveria ser uma anomalia porque, em \u00faltima inst\u00e2ncia, a arma na cintura torna a pretensa cr\u00edtica uma amea\u00e7a, independentemente de qual seja a real inten\u00e7\u00e3o de quem emitiu a nota.<!--more--><\/p>\n<p style=\"text-align: justify;\">Por isso, em sociedades minimamente organizadas, militares s\u00e3o proibidos de opinar sobre pol\u00edtica ou mesmo dela diretamente participar porque parte-se do pressuposto de que n\u00e3o \u00e9 poss\u00edvel negociar em termos republicanos e democr\u00e1ticos com pessoas armadas.<\/p>\n<p style=\"text-align: justify;\">Militares deveriam ser agentes de Estado e n\u00e3o de governo e essa \u00e9 a diferen\u00e7a fundamental entre um ex\u00e9rcito e uma mil\u00edcia. Nada h\u00e1 na Constitui\u00e7\u00e3o Federal que d\u00ea \u00e0s For\u00e7as Armadas a condi\u00e7\u00e3o de &#8220;poder moderador&#8221; da Rep\u00fablica. E se houvesse algo do tipo poder\u00edamos dizer sem subterf\u00fagios que o Brasil n\u00e3o \u00e9 um pa\u00eds democr\u00e1tico nem do ponto de vista formal, at\u00e9 porque culturalmente j\u00e1 sabemos que n\u00e3o \u00e9.<\/p>\n<p style=\"text-align: justify;\">Tampouco cabe o papo furado de que nesse caso seria melhor que todos andassem armados. Isso \u00e9 conversa de miliciano ou de quem est\u00e1 preso a algum mundo delirante de filmes de faroeste.<\/p>\n<p style=\"text-align: justify;\">Quando pessoas armadas se sentem confort\u00e1veis, mesmo ao arrepio da lei, para &#8220;criticar&#8221; decis\u00f5es judiciais ou mat\u00e9rias jornal\u00edsticas \u00e9 porque passamos de todos os limites. E sem limites n\u00e3o h\u00e1 responsabilidade e sem responsabilidade n\u00e3o h\u00e1 nem democracia e nem republicanismo.<\/p>\n","protected":false},"excerpt":{"rendered":"<p>N\u00e3o existe democracia onde pessoas possam emitir opini\u00f5es com armas na cintura Texto de Silvio Almeida para a Folha O primeiro passo para enfrentar uma situa\u00e7\u00e3o dif\u00edcil \u00e9 admitir que a situa\u00e7\u00e3o existe. Ent\u00e3o, para que que possamos dar este primeiro passo \u00e9 preciso dizer com todas as letras que o Brasil n\u00e3o \u00e9 uma [&hellip;]<\/p>\n","protected":false},"author":2,"featured_media":108817,"comment_status":"open","ping_status":"open","sticky":false,"template":"","format":"standard","meta":[],"categories":[97,71],"tags":[],"_links":{"self":[{"href":"https:\/\/www.blogdopaulonunes.com\/v5\/index.php\/wp-json\/wp\/v2\/posts\/108816"}],"collection":[{"href":"https:\/\/www.blogdopaulonunes.com\/v5\/index.php\/wp-json\/wp\/v2\/posts"}],"about":[{"href":"https:\/\/www.blogdopaulonunes.com\/v5\/index.php\/wp-json\/wp\/v2\/types\/post"}],"author":[{"embeddable":true,"href":"https:\/\/www.blogdopaulonunes.com\/v5\/index.php\/wp-json\/wp\/v2\/users\/2"}],"replies":[{"embeddable":true,"href":"https:\/\/www.blogdopaulonunes.com\/v5\/index.php\/wp-json\/wp\/v2\/comments?post=108816"}],"version-history":[{"count":1,"href":"https:\/\/www.blogdopaulonunes.com\/v5\/index.php\/wp-json\/wp\/v2\/posts\/108816\/revisions"}],"predecessor-version":[{"id":108818,"href":"https:\/\/www.blogdopaulonunes.com\/v5\/index.php\/wp-json\/wp\/v2\/posts\/108816\/revisions\/108818"}],"wp:featuredmedia":[{"embeddable":true,"href":"https:\/\/www.blogdopaulonunes.com\/v5\/index.php\/wp-json\/wp\/v2\/media\/108817"}],"wp:attachment":[{"href":"https:\/\/www.blogdopaulonunes.com\/v5\/index.php\/wp-json\/wp\/v2\/media?parent=108816"}],"wp:term":[{"taxonomy":"category","embeddable":true,"href":"https:\/\/www.blogdopaulonunes.com\/v5\/index.php\/wp-json\/wp\/v2\/categories?post=108816"},{"taxonomy":"post_tag","embeddable":true,"href":"https:\/\/www.blogdopaulonunes.com\/v5\/index.php\/wp-json\/wp\/v2\/tags?post=108816"}],"curies":[{"name":"wp","href":"https:\/\/api.w.org\/{rel}","templated":true}]}}