{"id":108814,"date":"2022-05-02T01:50:04","date_gmt":"2022-05-02T04:50:04","guid":{"rendered":"https:\/\/www.blogdopaulonunes.com\/v5\/?p=108814"},"modified":"2022-05-02T01:50:04","modified_gmt":"2022-05-02T04:50:04","slug":"o-ato-de-oficio-indeterminado","status":"publish","type":"post","link":"https:\/\/www.blogdopaulonunes.com\/v5\/index.php\/2022\/05\/02\/o-ato-de-oficio-indeterminado\/","title":{"rendered":"O ato de of\u00edcio indeterminado"},"content":{"rendered":"<p style=\"text-align: justify;\">&#8220;O Brasil tem se dividido entre os que odeiam Lula (uma patologia que tento entender) e os que o amam. Sou de uma terceira vertente, a dos que reconhecem os erros e os acertos de Lula e n\u00e3o o enxergam como mito intoc\u00e1vel e sim como um estadista com profundo sentimento humano e grande habilidade pol\u00edtica. Acusaram Lula de ter se transformado num bilion\u00e1rio em decorr\u00eancia de roubos em seus governos. O patrim\u00f4nio de Lula foi devassado, foi esmiu\u00e7ado e colocado num microsc\u00f3pio eletr\u00f4nico. Pol\u00edcia Federal, Receita Federal e MPF nada encontraram al\u00e9m do que est\u00e1 registrado em sua declara\u00e7\u00e3o de Imposto de Renda, com origem declarada e inquestion\u00e1vel. Ponto. Lula foi preso porque Moro e o TRF-4 assim o quiseram, acusando-o de ser o verdadeiro dono de dois im\u00f3veis que nunca foram seus. Um era da construtora OAS e o outro da fam\u00edlia Bittar. Acusaram Lula por uma reforma num triplex, sendo que tal reforma nunca existiu (fotos do im\u00f3vel comprovam isso). Acusaram Lula por reformas e melhorias num s\u00edtio no qual ele frequentava como convidado da fam\u00edlia Bittar. Todas as benfeitorias feitas no s\u00edtio s\u00f3 beneficiaram a fam\u00edlia Bittar, que agora o est\u00e1 vendendo&#8230;n\u00e3o esquecendo a senten\u00e7a (ATO DE OF\u00cdCIO INDETERMINADO). Voc\u00ea sabe por acaso o significado dessa frase???Lula n\u00e3o enriqueceu. O foco de Lula sempre foi o poder, a sua ambi\u00e7\u00e3o nunca foi a de acumular apartamento em Paris, malas abarrotadas de dinheiro, milh\u00f5es de d\u00f3lares em contas na Su\u00ed\u00e7a e nem fazendas com pistas de pouso para avi\u00f5es. Lula foi milion\u00e1rio por dois mandatos pol\u00edticos em que proporcionou paz pol\u00edtica, crescimento econ\u00f4mico e inclus\u00e3o social no pa\u00eds que tanto ama.<!--more--><\/p>\n<p style=\"text-align: justify;\">Ele n\u00e3o entra pela porta dos fundos nos encontros com estadistas pelo mundo afora. Lula \u00e9 recebido com tapete vermelho, com respeito e reconhecimento. \u00c9 quase uma unanimidade. Talvez seja odiado por Trump que \u00e9 um Bolsonaro mais rico, inteligente e poderoso. Qual foi o legado de Lula para tanto respeito? Tirou milh\u00f5es de brasileiros da condi\u00e7\u00e3o de mis\u00e9ria extrema e combateu a FOME como nunca se fez em 500 anos neste pa\u00eds. Defendeu a tecnologia nacional, o desenvolvimento econ\u00f4mico com p\u00f3los regionais, focou na educa\u00e7\u00e3o e na cultura, investiu nos programas sociais, respeitou os direitos trabalhistas, proporcionou crescimento para empresas e para o setor financeiro, conciliou na pol\u00edtica (em prol do pa\u00eds), n\u00e3o perseguiu advers\u00e1rios, combateu o racismo, a homofobia, a intoler\u00e2ncia religiosa, a misoginia e jamais fez discursos de \u00f3dio defendendo a morte de seus advers\u00e1rios ideol\u00f3gicos. Saiu ao final de seu segundo mandato com 87% de aprova\u00e7\u00e3o. Um recorde nunca batido no Brasil. Fica dif\u00edcil entender o \u00f3dio impregnado nos cora\u00e7\u00f5es e mentes de brasileiros que tiveram uma vida melhor nos anos em que Lula foi presidente. Foi a conquista da moradia, da sa\u00fade preventiva p\u00fablica, da energia el\u00e9trica que chegou em suas casas, a conquista do emprego que gerou renda e botou um prato de comida na mesa, foi o sonho concretizado com o filho se formando numa Universidade Federal e a real conquista da DIGNIDADE. Muitos que conquistaram tudo isso cuspiram na cara de Lula, comemoraram a morte de sua esposa e depois de seu neto e por fim soltaram foguetes quando de sua injusta pris\u00e3o. Nunca consegui entender esse \u00f3dio patol\u00f3gico e essa falta de leitura reflexiva sobre uma realidade t\u00e3o escancarada. Posso culpar a influ\u00eancia da m\u00eddia parcial? Posso. Mas ainda culpo a ingratid\u00e3o, a mentalidade atrasada e a falta de empatia de milh\u00f5es de brasileiros que nos jogaram numa jornada tr\u00e1gica sob o comando de um cl\u00e3 de milicianos. Ler e entender o Brasil nunca foi para amadores.&#8221;<\/p>\n<p style=\"text-align: justify;\">(Via Nuno \u00c1lvares )<\/p>\n","protected":false},"excerpt":{"rendered":"<p>&#8220;O Brasil tem se dividido entre os que odeiam Lula (uma patologia que tento entender) e os que o amam. Sou de uma terceira vertente, a dos que reconhecem os erros e os acertos de Lula e n\u00e3o o enxergam como mito intoc\u00e1vel e sim como um estadista com profundo sentimento humano e grande habilidade [&hellip;]<\/p>\n","protected":false},"author":2,"featured_media":107637,"comment_status":"open","ping_status":"open","sticky":false,"template":"","format":"standard","meta":[],"categories":[97,71],"tags":[],"_links":{"self":[{"href":"https:\/\/www.blogdopaulonunes.com\/v5\/index.php\/wp-json\/wp\/v2\/posts\/108814"}],"collection":[{"href":"https:\/\/www.blogdopaulonunes.com\/v5\/index.php\/wp-json\/wp\/v2\/posts"}],"about":[{"href":"https:\/\/www.blogdopaulonunes.com\/v5\/index.php\/wp-json\/wp\/v2\/types\/post"}],"author":[{"embeddable":true,"href":"https:\/\/www.blogdopaulonunes.com\/v5\/index.php\/wp-json\/wp\/v2\/users\/2"}],"replies":[{"embeddable":true,"href":"https:\/\/www.blogdopaulonunes.com\/v5\/index.php\/wp-json\/wp\/v2\/comments?post=108814"}],"version-history":[{"count":1,"href":"https:\/\/www.blogdopaulonunes.com\/v5\/index.php\/wp-json\/wp\/v2\/posts\/108814\/revisions"}],"predecessor-version":[{"id":108815,"href":"https:\/\/www.blogdopaulonunes.com\/v5\/index.php\/wp-json\/wp\/v2\/posts\/108814\/revisions\/108815"}],"wp:featuredmedia":[{"embeddable":true,"href":"https:\/\/www.blogdopaulonunes.com\/v5\/index.php\/wp-json\/wp\/v2\/media\/107637"}],"wp:attachment":[{"href":"https:\/\/www.blogdopaulonunes.com\/v5\/index.php\/wp-json\/wp\/v2\/media?parent=108814"}],"wp:term":[{"taxonomy":"category","embeddable":true,"href":"https:\/\/www.blogdopaulonunes.com\/v5\/index.php\/wp-json\/wp\/v2\/categories?post=108814"},{"taxonomy":"post_tag","embeddable":true,"href":"https:\/\/www.blogdopaulonunes.com\/v5\/index.php\/wp-json\/wp\/v2\/tags?post=108814"}],"curies":[{"name":"wp","href":"https:\/\/api.w.org\/{rel}","templated":true}]}}