{"id":108811,"date":"2022-05-02T01:14:38","date_gmt":"2022-05-02T04:14:38","guid":{"rendered":"https:\/\/www.blogdopaulonunes.com\/v5\/?p=108811"},"modified":"2022-05-02T01:14:38","modified_gmt":"2022-05-02T04:14:38","slug":"quem-elegeu-o-prefeito-a-vice-prefeita-e-os-vereadores-de-vitoria-da-conquista-em-2020-foi-o-mdb","status":"publish","type":"post","link":"https:\/\/www.blogdopaulonunes.com\/v5\/index.php\/2022\/05\/02\/quem-elegeu-o-prefeito-a-vice-prefeita-e-os-vereadores-de-vitoria-da-conquista-em-2020-foi-o-mdb\/","title":{"rendered":"Quem elegeu o prefeito a vice-prefeita e os vereadores de Vit\u00f3ria da Conquista em 2020 foi o MDB"},"content":{"rendered":"<p><iframe loading=\"lazy\" title=\"YouTube video player\" src=\"https:\/\/www.youtube.com\/embed\/11iYdj7beGc\" width=\"560\" height=\"315\" frameborder=\"0\" allowfullscreen=\"allowfullscreen\"><\/iframe><\/p>\n<p style=\"text-align: justify;\">Caiu como uma \u2018bomba\u2019 em Vit\u00f3ria da Conquista a confirma\u00e7\u00e3o do apoio do MDB ao pr\u00e9-candidato Jer\u00f4nimo Rodrigues, do PT, a sucess\u00e3o estadual na Bahia.<\/p>\n<p style=\"text-align: justify;\">O an\u00fancio foi feito pelo presidente de honra da sigla no Estado, o ex-deputado federal L\u00facio Vieira Lima, ao lado de v\u00e1rias lideran\u00e7as do PT, a exemplo do senador Jaques Wagner. A sigla emplacou o presidente da C\u00e2mara de Vereadores de Salvador, Geraldo J\u00fanior, na vice.<\/p>\n<p style=\"text-align: justify;\">Em Conquista o partido \u00e9 considerado forte, com 4 vereadores e tinha como principal lideran\u00e7a o saudoso ex-prefeito Herzem Gusm\u00e3o.<!--more--><\/p>\n<p style=\"text-align: justify;\">Sempre em oposi\u00e7\u00e3o ao PT, tanto a n\u00edvel estadual, quanto a n\u00edvel federal e municipal, o partido dever\u00e1 sofrer uma \u2018debandada\u2019 de desfilia\u00e7\u00f5es nos pr\u00f3ximos dias.<\/p>\n<p style=\"text-align: justify;\">Atualmente o MDB \u00e9 presidido em Conquista pela vereadora L\u00facia Rocha.<\/p>\n<p style=\"text-align: justify;\">Segundo fontes do blog, v\u00e1rios cargos do 1\u00ba, 2\u00ba e 3\u00ba escal\u00e3o do governo da Prefeita Sheila Lemos, que est\u00e3o no MDB, v\u00e3o pedir a desfilia\u00e7\u00e3o.<\/p>\n<p style=\"text-align: justify;\">\u201cA decis\u00e3o \u00e9 contr\u00e1ria a todo trabalho desenvolvido pelo MDB de Vit\u00f3ria da Conquista. A linha de combate a pol\u00edtica praticada pelo PT liderada pelo MDB de Vit\u00f3ria da Conquista, inclusive, foi reconhecida pela popula\u00e7\u00e3o, que elegeu Herzem por duas vezes\u201d, disse uma fonte do MDB conquistense que preferiu o anonimato. Fonte: Blog do Rodrigo Ferraz<\/p>\n","protected":false},"excerpt":{"rendered":"<p>Caiu como uma \u2018bomba\u2019 em Vit\u00f3ria da Conquista a confirma\u00e7\u00e3o do apoio do MDB ao pr\u00e9-candidato Jer\u00f4nimo Rodrigues, do PT, a sucess\u00e3o estadual na Bahia. O an\u00fancio foi feito pelo presidente de honra da sigla no Estado, o ex-deputado federal L\u00facio Vieira Lima, ao lado de v\u00e1rias lideran\u00e7as do PT, a exemplo do senador Jaques [&hellip;]<\/p>\n","protected":false},"author":2,"featured_media":108812,"comment_status":"open","ping_status":"open","sticky":false,"template":"","format":"standard","meta":[],"categories":[98,105],"tags":[],"_links":{"self":[{"href":"https:\/\/www.blogdopaulonunes.com\/v5\/index.php\/wp-json\/wp\/v2\/posts\/108811"}],"collection":[{"href":"https:\/\/www.blogdopaulonunes.com\/v5\/index.php\/wp-json\/wp\/v2\/posts"}],"about":[{"href":"https:\/\/www.blogdopaulonunes.com\/v5\/index.php\/wp-json\/wp\/v2\/types\/post"}],"author":[{"embeddable":true,"href":"https:\/\/www.blogdopaulonunes.com\/v5\/index.php\/wp-json\/wp\/v2\/users\/2"}],"replies":[{"embeddable":true,"href":"https:\/\/www.blogdopaulonunes.com\/v5\/index.php\/wp-json\/wp\/v2\/comments?post=108811"}],"version-history":[{"count":1,"href":"https:\/\/www.blogdopaulonunes.com\/v5\/index.php\/wp-json\/wp\/v2\/posts\/108811\/revisions"}],"predecessor-version":[{"id":108813,"href":"https:\/\/www.blogdopaulonunes.com\/v5\/index.php\/wp-json\/wp\/v2\/posts\/108811\/revisions\/108813"}],"wp:featuredmedia":[{"embeddable":true,"href":"https:\/\/www.blogdopaulonunes.com\/v5\/index.php\/wp-json\/wp\/v2\/media\/108812"}],"wp:attachment":[{"href":"https:\/\/www.blogdopaulonunes.com\/v5\/index.php\/wp-json\/wp\/v2\/media?parent=108811"}],"wp:term":[{"taxonomy":"category","embeddable":true,"href":"https:\/\/www.blogdopaulonunes.com\/v5\/index.php\/wp-json\/wp\/v2\/categories?post=108811"},{"taxonomy":"post_tag","embeddable":true,"href":"https:\/\/www.blogdopaulonunes.com\/v5\/index.php\/wp-json\/wp\/v2\/tags?post=108811"}],"curies":[{"name":"wp","href":"https:\/\/api.w.org\/{rel}","templated":true}]}}