{"id":108452,"date":"2022-04-08T13:32:32","date_gmt":"2022-04-08T16:32:32","guid":{"rendered":"https:\/\/www.blogdopaulonunes.com\/v5\/?p=108452"},"modified":"2022-04-08T13:32:32","modified_gmt":"2022-04-08T16:32:32","slug":"e-um-gesto-de-grandeza-em-proveito-da-democracia-diz-haddad-sobre-lula-alckmin","status":"publish","type":"post","link":"https:\/\/www.blogdopaulonunes.com\/v5\/index.php\/2022\/04\/08\/e-um-gesto-de-grandeza-em-proveito-da-democracia-diz-haddad-sobre-lula-alckmin\/","title":{"rendered":"&#8220;\u00c9 um gesto de grandeza em proveito da democracia&#8221;, diz Haddad sobre Lula-Alckmin"},"content":{"rendered":"<p style=\"text-align: justify;\">O PSB formalizou nesta sexta-feira a indica\u00e7\u00e3o de Alckmin para ser vice de Lula. A chapa, disse o ex-presidente, \u00e9 para vencer as elei\u00e7\u00f5es e &#8220;recuperar esse pa\u00eds&#8221;<\/p>\n<p style=\"text-align: justify;\"><b>\u00a0<\/b>Ocorreu nesta sexta-feira (8) em um hotel de S\u00e3o Paulo a\u00a0<a href=\"https:\/\/www.brasil247.com\/poder\/psb-formaliza-indicacao-de-alckmin-para-vice-de-lula\" target=\"_blank\" rel=\"noopener\">indica\u00e7\u00e3o formal por parte do PSB do nome do ex-governador Geraldo Alckmin<\/a>\u00a0(PSB) para ser candidato a vice-presidente na chapa liderada pelo ex-presidente Lula (PT).<\/p>\n<p style=\"text-align: justify;\">Em discurso,\u00a0<a href=\"https:\/\/www.brasil247.com\/poder\/politica-nao-e-uma-arte-solitaria-diz-alckmin-ao-lado-de-lula\" target=\"_blank\" rel=\"noopener\">Alckmin pregou &#8220;esperan\u00e7a, entusiasmo e amor&#8221; para falar de sua uni\u00e3o com o petista<\/a>\u00a0para concorrer \u00e0s elei\u00e7\u00f5es. J\u00e1\u00a0<a href=\"https:\/\/www.brasil247.com\/brasil\/daqui-para-frente-eu-te-chamo-de-companheiro-alckmin-e-voce-me-chama-de-companheiro-lula-diz-ex-presidente-ao-novo-aliado\" target=\"_blank\" rel=\"noopener\">Lula disse que a chapa com Alckmin n\u00e3o visa somente vencer o pleito, mas tamb\u00e9m garantir a governabilidade<\/a>.<\/p>\n<p style=\"text-align: justify;\">\u00c0 CNN Brasil, o pr\u00e9-candidato ao governo de S\u00e3o Paulo pelo PT, Fernando Haddad, disse que a alian\u00e7a &#8220;\u00e9 um gesto de grandeza em proveito da democracia e da justi\u00e7a&#8221;.<\/p>\n<p style=\"text-align: justify;\">A pr\u00e9-candidatura de Lula ser\u00e1 lan\u00e7ada oficialmente em 30 de abril, no Anhembi, em S\u00e3o Paulo. Na ocasi\u00e3o, ser\u00e1 apresentada a frente de partidos que apoiar\u00e1 o petista, composta pela federa\u00e7\u00e3o formada por PT, PCdoB e PV, pela federa\u00e7\u00e3o que re\u00fane PSOL e Rede, em coliga\u00e7\u00e3o com PSB e o Solidariedade.<\/p>\n<p style=\"text-align: justify;\">A executiva do PT tamb\u00e9m marcou para 4 de junho o encontro partid\u00e1rio. Pela tradi\u00e7\u00e3o petista, \u00e9 nos encontros que as chapas s\u00e3o aprovadas. Por\u00e9m, a corrente majorit\u00e1ria da sigla, a CNB, quer que o diret\u00f3rio nacional j\u00e1 fa\u00e7a uma primeira aprova\u00e7\u00e3o da chapa no dia 14.<\/p>\n","protected":false},"excerpt":{"rendered":"<p>O PSB formalizou nesta sexta-feira a indica\u00e7\u00e3o de Alckmin para ser vice de Lula. A chapa, disse o ex-presidente, \u00e9 para vencer as elei\u00e7\u00f5es e &#8220;recuperar esse pa\u00eds&#8221; \u00a0Ocorreu nesta sexta-feira (8) em um hotel de S\u00e3o Paulo a\u00a0indica\u00e7\u00e3o formal por parte do PSB do nome do ex-governador Geraldo Alckmin\u00a0(PSB) para ser candidato a vice-presidente [&hellip;]<\/p>\n","protected":false},"author":2,"featured_media":108453,"comment_status":"open","ping_status":"open","sticky":false,"template":"","format":"standard","meta":[],"categories":[96,105],"tags":[],"_links":{"self":[{"href":"https:\/\/www.blogdopaulonunes.com\/v5\/index.php\/wp-json\/wp\/v2\/posts\/108452"}],"collection":[{"href":"https:\/\/www.blogdopaulonunes.com\/v5\/index.php\/wp-json\/wp\/v2\/posts"}],"about":[{"href":"https:\/\/www.blogdopaulonunes.com\/v5\/index.php\/wp-json\/wp\/v2\/types\/post"}],"author":[{"embeddable":true,"href":"https:\/\/www.blogdopaulonunes.com\/v5\/index.php\/wp-json\/wp\/v2\/users\/2"}],"replies":[{"embeddable":true,"href":"https:\/\/www.blogdopaulonunes.com\/v5\/index.php\/wp-json\/wp\/v2\/comments?post=108452"}],"version-history":[{"count":1,"href":"https:\/\/www.blogdopaulonunes.com\/v5\/index.php\/wp-json\/wp\/v2\/posts\/108452\/revisions"}],"predecessor-version":[{"id":108454,"href":"https:\/\/www.blogdopaulonunes.com\/v5\/index.php\/wp-json\/wp\/v2\/posts\/108452\/revisions\/108454"}],"wp:featuredmedia":[{"embeddable":true,"href":"https:\/\/www.blogdopaulonunes.com\/v5\/index.php\/wp-json\/wp\/v2\/media\/108453"}],"wp:attachment":[{"href":"https:\/\/www.blogdopaulonunes.com\/v5\/index.php\/wp-json\/wp\/v2\/media?parent=108452"}],"wp:term":[{"taxonomy":"category","embeddable":true,"href":"https:\/\/www.blogdopaulonunes.com\/v5\/index.php\/wp-json\/wp\/v2\/categories?post=108452"},{"taxonomy":"post_tag","embeddable":true,"href":"https:\/\/www.blogdopaulonunes.com\/v5\/index.php\/wp-json\/wp\/v2\/tags?post=108452"}],"curies":[{"name":"wp","href":"https:\/\/api.w.org\/{rel}","templated":true}]}}