{"id":108441,"date":"2022-04-08T10:57:01","date_gmt":"2022-04-08T13:57:01","guid":{"rendered":"https:\/\/www.blogdopaulonunes.com\/v5\/?p=108441"},"modified":"2022-04-08T10:57:01","modified_gmt":"2022-04-08T13:57:01","slug":"incendio-no-atacadao-funcionarios-e-consumidores-na-corrida-pela-vida-em-vitoria-da-conquista","status":"publish","type":"post","link":"https:\/\/www.blogdopaulonunes.com\/v5\/index.php\/2022\/04\/08\/incendio-no-atacadao-funcionarios-e-consumidores-na-corrida-pela-vida-em-vitoria-da-conquista\/","title":{"rendered":"Inc\u00eandio no Atacad\u00e3o | funcion\u00e1rios e consumidores na corrida pela vida em Vit\u00f3ria da Conquista"},"content":{"rendered":"<p style=\"text-align: justify;\">In\u00fameras s\u00e3o as imagens capturada pelo BLOG DO ANDERSON sobre os momentos de p\u00e2nico vivenciados por consumidores e funcion\u00e1rios do Atacad\u00e3o. A loja que fica \u00e0s margens da Rodovia Santos Dumont, BR-116, Per\u00edmetro Urbano de Vit\u00f3ria da Conquista, \u00e9 atingida por inc\u00eandio na manh\u00e3 desta sexta-feira (8). De longe \u00e9 poss\u00edvel observar a fuma\u00e7a negra que consome toda a estrutura. O 7\u00ba Grupamento de Bombeiros Militar est\u00e1 no local.\/ Texto e imagens- Blog do Anderson<\/p>\n<p><iframe loading=\"lazy\" title=\"YouTube video player\" src=\"https:\/\/www.youtube.com\/embed\/AiXN49SfEHM\" width=\"560\" height=\"315\" frameborder=\"0\" allowfullscreen=\"allowfullscreen\"><\/iframe><\/p>\n","protected":false},"excerpt":{"rendered":"<p>In\u00fameras s\u00e3o as imagens capturada pelo BLOG DO ANDERSON sobre os momentos de p\u00e2nico vivenciados por consumidores e funcion\u00e1rios do Atacad\u00e3o. A loja que fica \u00e0s margens da Rodovia Santos Dumont, BR-116, Per\u00edmetro Urbano de Vit\u00f3ria da Conquista, \u00e9 atingida por inc\u00eandio na manh\u00e3 desta sexta-feira (8). De longe \u00e9 poss\u00edvel observar a fuma\u00e7a negra [&hellip;]<\/p>\n","protected":false},"author":2,"featured_media":108442,"comment_status":"open","ping_status":"open","sticky":false,"template":"","format":"standard","meta":[],"categories":[104],"tags":[],"_links":{"self":[{"href":"https:\/\/www.blogdopaulonunes.com\/v5\/index.php\/wp-json\/wp\/v2\/posts\/108441"}],"collection":[{"href":"https:\/\/www.blogdopaulonunes.com\/v5\/index.php\/wp-json\/wp\/v2\/posts"}],"about":[{"href":"https:\/\/www.blogdopaulonunes.com\/v5\/index.php\/wp-json\/wp\/v2\/types\/post"}],"author":[{"embeddable":true,"href":"https:\/\/www.blogdopaulonunes.com\/v5\/index.php\/wp-json\/wp\/v2\/users\/2"}],"replies":[{"embeddable":true,"href":"https:\/\/www.blogdopaulonunes.com\/v5\/index.php\/wp-json\/wp\/v2\/comments?post=108441"}],"version-history":[{"count":1,"href":"https:\/\/www.blogdopaulonunes.com\/v5\/index.php\/wp-json\/wp\/v2\/posts\/108441\/revisions"}],"predecessor-version":[{"id":108443,"href":"https:\/\/www.blogdopaulonunes.com\/v5\/index.php\/wp-json\/wp\/v2\/posts\/108441\/revisions\/108443"}],"wp:featuredmedia":[{"embeddable":true,"href":"https:\/\/www.blogdopaulonunes.com\/v5\/index.php\/wp-json\/wp\/v2\/media\/108442"}],"wp:attachment":[{"href":"https:\/\/www.blogdopaulonunes.com\/v5\/index.php\/wp-json\/wp\/v2\/media?parent=108441"}],"wp:term":[{"taxonomy":"category","embeddable":true,"href":"https:\/\/www.blogdopaulonunes.com\/v5\/index.php\/wp-json\/wp\/v2\/categories?post=108441"},{"taxonomy":"post_tag","embeddable":true,"href":"https:\/\/www.blogdopaulonunes.com\/v5\/index.php\/wp-json\/wp\/v2\/tags?post=108441"}],"curies":[{"name":"wp","href":"https:\/\/api.w.org\/{rel}","templated":true}]}}