{"id":108427,"date":"2022-04-08T10:42:02","date_gmt":"2022-04-08T13:42:02","guid":{"rendered":"https:\/\/www.blogdopaulonunes.com\/v5\/?p=108427"},"modified":"2022-04-08T14:07:04","modified_gmt":"2022-04-08T17:07:04","slug":"largada-presidencial-de-joao-doria-sera-em-rio-de-contas-na-bahia-visitara-a-casa-do-artista-plastico-orlando-celino","status":"publish","type":"post","link":"https:\/\/www.blogdopaulonunes.com\/v5\/index.php\/2022\/04\/08\/largada-presidencial-de-joao-doria-sera-em-rio-de-contas-na-bahia-visitara-a-casa-do-artista-plastico-orlando-celino\/","title":{"rendered":"Largada presidencial de Jo\u00e3o Doria ser\u00e1  em Rio de Contas na Bahia, visitar\u00e1 a casa do artista pl\u00e1stico Orlando Celino"},"content":{"rendered":"<p style=\"text-align: justify;\">Ele escolheu a cidade do pai, Jo\u00e3o Agripino da Costa D\u00f3ria Neto, na Bahia para sua primeira viagem como pr\u00e9-candidato \u00e0 Presid\u00eancia da Rep\u00fablica.<\/p>\n<p style=\"text-align: justify;\">Doria visita\u00a0 neste s\u00e1bado (09) a pequena Rio de Contas, com pouco mais de 13.000 habitantes, a 213 quil\u00f4metros de Vit\u00f3ria da Conquista. Depois dessa visita ao passado, o tucano passar\u00e1 pela capital baiana em encontros pol\u00edticos.<br \/>\nRio de Contas foi a primeira cidade planejada do Brasil. A vila de Nossa Senhora Senhora do Livramento das Minas do Rio de Contas foi criada em 1723 e teve sua sede transferida para um local planejado, o Pouso dos Crioulos, em 1745. O Pouso dos Crioulos j\u00e1 existia desde o s\u00e9culo XVII.<\/p>\n<p style=\"text-align: justify;\"><!--more--><\/p>\n<p style=\"text-align: justify;\">O ex-governador de S\u00e3o Paulo e candidato a presidente\u00a0 nas elei\u00e7\u00f5es de 2022, visitar\u00e1 a casa\u00a0 que hoje, \u00e9 de propriedade do famoso artista pl\u00e1stico baiano Orlando Cruz Celino, o pintor conquistense que\u00a0 imortalizou em suas pinturas, os intendentes e prefeitos de Vit\u00f3ria da Conquista, entre tantas, outras obras.\u00a0 Na verdade Jo\u00e3o D\u00f3ria visitar\u00e1 a casa que pertenceu aos\u00a0 seus pais por heran\u00e7a . Hoje, se encontra muito bem cuidada pelo\u00a0 artista Orlando Celino.\u00a0 Veja algumas fotos do casar\u00e3o:<\/p>\n<p><img loading=\"lazy\" class=\"alignnone size-full wp-image-108446\" src=\"https:\/\/www.blogdopaulonunes.com\/v5\/wp-content\/uploads\/2022\/04\/Casarao-de-Orlando-Celino.png1_.png\" alt=\"\" width=\"240\" height=\"224\" \/><\/p>\n<blockquote class=\"wp-block-quote\"><p><img loading=\"lazy\" class=\"alignnone size-full wp-image-108429\" src=\"https:\/\/www.blogdopaulonunes.com\/v5\/wp-content\/uploads\/2022\/04\/download-22.jpg\" alt=\"\" width=\"275\" height=\"183\" \/><\/p>\n<p><img loading=\"lazy\" class=\"alignnone size-full wp-image-108431\" src=\"https:\/\/www.blogdopaulonunes.com\/v5\/wp-content\/uploads\/2022\/04\/Orlando-Celino-2.jpg1_.jpg\" alt=\"\" width=\"209\" height=\"371\" \/><img loading=\"lazy\" class=\"alignnone size-full wp-image-108433\" src=\"https:\/\/www.blogdopaulonunes.com\/v5\/wp-content\/uploads\/2022\/04\/Orlando-Celino-4.jpg1_.jpg\" alt=\"\" width=\"209\" height=\"371\" \/><\/p>\n<p>&nbsp;<\/p><\/blockquote>\n<p style=\"text-align: justify;\"><strong>Rio de Contas<\/strong>\u00a0\u00e9, sem d\u00favida, uma das cidades mais bonitas do Brasil. Mesmo assim, ela passa muitas vezes despercebida aos visitantes da famosa Chapada Diamantina, da qual faz parte.<\/p>\n<p style=\"text-align: justify;\">Por ficar na \u00e1rea sul da regi\u00e3o, distante das principais atra\u00e7\u00f5es, ela certamente deixa de receber muitos visitantes. O que estes n\u00e3o sabem, entretanto, \u00e9 que a dist\u00e2ncia n\u00e3o impede que Rio de Contas seja um dos melhores passeios da Chapada.<\/p>\n<p><img loading=\"lazy\" class=\"alignnone size-full wp-image-108428\" src=\"https:\/\/www.blogdopaulonunes.com\/v5\/wp-content\/uploads\/2022\/04\/rio-de-contas-1020x765-1.jpg1_.jpg\" alt=\"\" width=\"340\" height=\"255\" \/><\/p>\n","protected":false},"excerpt":{"rendered":"<p>Ele escolheu a cidade do pai, Jo\u00e3o Agripino da Costa D\u00f3ria Neto, na Bahia para sua primeira viagem como pr\u00e9-candidato \u00e0 Presid\u00eancia da Rep\u00fablica. Doria visita\u00a0 neste s\u00e1bado (09) a pequena Rio de Contas, com pouco mais de 13.000 habitantes, a 213 quil\u00f4metros de Vit\u00f3ria da Conquista. Depois dessa visita ao passado, o tucano passar\u00e1 [&hellip;]<\/p>\n","protected":false},"author":2,"featured_media":108438,"comment_status":"open","ping_status":"open","sticky":false,"template":"","format":"standard","meta":[],"categories":[96,105],"tags":[],"_links":{"self":[{"href":"https:\/\/www.blogdopaulonunes.com\/v5\/index.php\/wp-json\/wp\/v2\/posts\/108427"}],"collection":[{"href":"https:\/\/www.blogdopaulonunes.com\/v5\/index.php\/wp-json\/wp\/v2\/posts"}],"about":[{"href":"https:\/\/www.blogdopaulonunes.com\/v5\/index.php\/wp-json\/wp\/v2\/types\/post"}],"author":[{"embeddable":true,"href":"https:\/\/www.blogdopaulonunes.com\/v5\/index.php\/wp-json\/wp\/v2\/users\/2"}],"replies":[{"embeddable":true,"href":"https:\/\/www.blogdopaulonunes.com\/v5\/index.php\/wp-json\/wp\/v2\/comments?post=108427"}],"version-history":[{"count":6,"href":"https:\/\/www.blogdopaulonunes.com\/v5\/index.php\/wp-json\/wp\/v2\/posts\/108427\/revisions"}],"predecessor-version":[{"id":108455,"href":"https:\/\/www.blogdopaulonunes.com\/v5\/index.php\/wp-json\/wp\/v2\/posts\/108427\/revisions\/108455"}],"wp:featuredmedia":[{"embeddable":true,"href":"https:\/\/www.blogdopaulonunes.com\/v5\/index.php\/wp-json\/wp\/v2\/media\/108438"}],"wp:attachment":[{"href":"https:\/\/www.blogdopaulonunes.com\/v5\/index.php\/wp-json\/wp\/v2\/media?parent=108427"}],"wp:term":[{"taxonomy":"category","embeddable":true,"href":"https:\/\/www.blogdopaulonunes.com\/v5\/index.php\/wp-json\/wp\/v2\/categories?post=108427"},{"taxonomy":"post_tag","embeddable":true,"href":"https:\/\/www.blogdopaulonunes.com\/v5\/index.php\/wp-json\/wp\/v2\/tags?post=108427"}],"curies":[{"name":"wp","href":"https:\/\/api.w.org\/{rel}","templated":true}]}}