{"id":108418,"date":"2022-04-08T05:53:40","date_gmt":"2022-04-08T08:53:40","guid":{"rendered":"https:\/\/www.blogdopaulonunes.com\/v5\/?p=108418"},"modified":"2022-04-08T05:53:40","modified_gmt":"2022-04-08T08:53:40","slug":"camara-de-vereadores-discute-indicacao-do-pacote-de-leis-xangai-da-cultura-ao-executivo-nesta-sexta","status":"publish","type":"post","link":"https:\/\/www.blogdopaulonunes.com\/v5\/index.php\/2022\/04\/08\/camara-de-vereadores-discute-indicacao-do-pacote-de-leis-xangai-da-cultura-ao-executivo-nesta-sexta\/","title":{"rendered":"C\u00e2mara de vereadores discute indica\u00e7\u00e3o do pacote de &#8221; leis Xangai da cultura&#8221; ao executivo nesta sexta"},"content":{"rendered":"<p style=\"text-align: justify;\">Nesta sexta-feira (08) os vereadores de Vit\u00f3ria da Conquista discutir\u00e3o a indica\u00e7\u00e3o do Pacote de &#8220;Leis Xangai da Cultura&#8221; ao Executivo Municipal.<\/p>\n<p style=\"text-align: justify;\">A indica\u00e7\u00e3o \u00e9 um desdobramento decorrente da Audi\u00eancia P\u00fablica realizada na \u00faltima segunda-feira (04), voltada \u00e0 implementa\u00e7\u00e3o de Pol\u00edticas P\u00fablicas para Efetividade Constitucional dos Direitos Culturais.<\/p>\n<p style=\"text-align: justify;\">A apresenta\u00e7\u00e3o do Pacote de &#8220;Leis Xangai da Cultura&#8221; \u00e0 Prefeita Sheila Lemos tem como objetivo a revis\u00e3o e adequa\u00e7\u00e3o do texto, atrav\u00e9s da Procuradoria Jur\u00eddica, nos termos do Poder Executivo, bem como seu encaminhamento ao Legislativo.<\/p>\n<p style=\"text-align: justify;\">A mat\u00e9ria disp\u00f5e sobre: a) Projeto de Lei da Funda\u00e7\u00e3o Municipal de Cultura; b) Projeto de Lei Municipal de Prote\u00e7\u00e3o e Estimulo a Preserva\u00e7\u00e3o do Patrim\u00f4nio Cultural; c) Projeto de Lei Municipal de Incentivo a Cultura; d) Projeto de Lei da Empresa P\u00fablica Municipal de Cinema &#8211; CINECONQ; e) Projeto de Lei de Incentivo e Fundo Municipal de Cinema e Audiovisual.<\/p>\n<p style=\"text-align: justify;\">Durante a audi\u00eancia, que contou com a participa\u00e7\u00e3o dos Secret\u00e1rios Municipais de Cultura, Turismo, Esporte e Lazer, Servi\u00e7os P\u00fablicos, Agricultura e Finan\u00e7as, al\u00e9m de diversos representantes de setoriais da cultura, houve consenso quanto a necessidade da aprova\u00e7\u00e3o do Pacote de Leis que, na oportunidade, foi amplamente debatido e aplaudido.<\/p>\n","protected":false},"excerpt":{"rendered":"<p>Nesta sexta-feira (08) os vereadores de Vit\u00f3ria da Conquista discutir\u00e3o a indica\u00e7\u00e3o do Pacote de &#8220;Leis Xangai da Cultura&#8221; ao Executivo Municipal. A indica\u00e7\u00e3o \u00e9 um desdobramento decorrente da Audi\u00eancia P\u00fablica realizada na \u00faltima segunda-feira (04), voltada \u00e0 implementa\u00e7\u00e3o de Pol\u00edticas P\u00fablicas para Efetividade Constitucional dos Direitos Culturais. A apresenta\u00e7\u00e3o do Pacote de &#8220;Leis Xangai [&hellip;]<\/p>\n","protected":false},"author":2,"featured_media":108419,"comment_status":"open","ping_status":"open","sticky":false,"template":"","format":"standard","meta":[],"categories":[81,71],"tags":[],"_links":{"self":[{"href":"https:\/\/www.blogdopaulonunes.com\/v5\/index.php\/wp-json\/wp\/v2\/posts\/108418"}],"collection":[{"href":"https:\/\/www.blogdopaulonunes.com\/v5\/index.php\/wp-json\/wp\/v2\/posts"}],"about":[{"href":"https:\/\/www.blogdopaulonunes.com\/v5\/index.php\/wp-json\/wp\/v2\/types\/post"}],"author":[{"embeddable":true,"href":"https:\/\/www.blogdopaulonunes.com\/v5\/index.php\/wp-json\/wp\/v2\/users\/2"}],"replies":[{"embeddable":true,"href":"https:\/\/www.blogdopaulonunes.com\/v5\/index.php\/wp-json\/wp\/v2\/comments?post=108418"}],"version-history":[{"count":1,"href":"https:\/\/www.blogdopaulonunes.com\/v5\/index.php\/wp-json\/wp\/v2\/posts\/108418\/revisions"}],"predecessor-version":[{"id":108420,"href":"https:\/\/www.blogdopaulonunes.com\/v5\/index.php\/wp-json\/wp\/v2\/posts\/108418\/revisions\/108420"}],"wp:featuredmedia":[{"embeddable":true,"href":"https:\/\/www.blogdopaulonunes.com\/v5\/index.php\/wp-json\/wp\/v2\/media\/108419"}],"wp:attachment":[{"href":"https:\/\/www.blogdopaulonunes.com\/v5\/index.php\/wp-json\/wp\/v2\/media?parent=108418"}],"wp:term":[{"taxonomy":"category","embeddable":true,"href":"https:\/\/www.blogdopaulonunes.com\/v5\/index.php\/wp-json\/wp\/v2\/categories?post=108418"},{"taxonomy":"post_tag","embeddable":true,"href":"https:\/\/www.blogdopaulonunes.com\/v5\/index.php\/wp-json\/wp\/v2\/tags?post=108418"}],"curies":[{"name":"wp","href":"https:\/\/api.w.org\/{rel}","templated":true}]}}