{"id":108414,"date":"2022-04-08T05:39:07","date_gmt":"2022-04-08T08:39:07","guid":{"rendered":"https:\/\/www.blogdopaulonunes.com\/v5\/?p=108414"},"modified":"2022-04-08T05:39:07","modified_gmt":"2022-04-08T08:39:07","slug":"indignacao-precisa-ser-transformada-em-esperanca-diz-jeronimo-ao-falar-sobre-historia-de-vida-e-superacao","status":"publish","type":"post","link":"https:\/\/www.blogdopaulonunes.com\/v5\/index.php\/2022\/04\/08\/indignacao-precisa-ser-transformada-em-esperanca-diz-jeronimo-ao-falar-sobre-historia-de-vida-e-superacao\/","title":{"rendered":"\u201cIndigna\u00e7\u00e3o precisa ser transformada em esperan\u00e7a\u201d, diz Jer\u00f4nimo ao falar sobre hist\u00f3ria de vida e supera\u00e7\u00e3o"},"content":{"rendered":"<p>&nbsp;<\/p>\n<p style=\"text-align: justify;\">\u201cA indigna\u00e7\u00e3o n\u00e3o pode virar raiva, \u00f3dio. A indigna\u00e7\u00e3o precisa ser transformada em busca, em esperan\u00e7a\u201d. A declara\u00e7\u00e3o \u00e9 do pr\u00e9-candidato do PT ao Governo do Estado, Jer\u00f4nimo Rodrigues, que lembrou das migra\u00e7\u00f5es que precisou fazer ao longo da vida para garantir o acesso \u00e0 educa\u00e7\u00e3o. Jer\u00f4nimo nasceu no distrito de Palmeirinha, na cidade de A\u00edquara, e teve que deixar a casa dos pais ainda crian\u00e7a para morar em Jequi\u00e9 com as irm\u00e3s, garantindo o acesso \u00e0 educa\u00e7\u00e3o. \u201cMeus amigos que n\u00e3o seguiram o caminho do estudo ficaram para tr\u00e1s. Eu carrego isso, essa transforma\u00e7\u00e3o da indigna\u00e7\u00e3o em esperan\u00e7a\u201d, afirmou o pr\u00e9-candidato, que foi secret\u00e1rio estadual da Educa\u00e7\u00e3o na gest\u00e3o do governador Rui Costa e realizou o maior investimento da hist\u00f3ria em infraestrutura escolar. Na pasta, tamb\u00e9m garantiu aux\u00edlio financeiro para estudantes da rede estadual por meio de programas como o Mais Futuro, Bolsa Presen\u00e7a e Mais Estudo.<\/p>\n<div style=\"width: 640px;\" class=\"wp-video\"><!--[if lt IE 9]><script>document.createElement('video');<\/script><![endif]-->\n<video class=\"wp-video-shortcode\" id=\"video-108414-1\" width=\"640\" height=\"352\" preload=\"metadata\" controls=\"controls\"><source type=\"video\/mp4\" src=\"https:\/\/www.blogdopaulonunes.com\/v5\/wp-content\/uploads\/2022\/04\/Video-entrevista-Jeronimo.mp4?_=1\" \/><a href=\"https:\/\/www.blogdopaulonunes.com\/v5\/wp-content\/uploads\/2022\/04\/Video-entrevista-Jeronimo.mp4\">https:\/\/www.blogdopaulonunes.com\/v5\/wp-content\/uploads\/2022\/04\/Video-entrevista-Jeronimo.mp4<\/a><\/video><\/div>\n<p style=\"text-align: justify;\"><!--more--><\/p>\n<p style=\"text-align: justify;\">Ap\u00f3s concluir os estudos em Jequi\u00e9, Jer\u00f4nimo migrou para Salvador em busca do acesso ao ensino superior, novamente morando na casa de uma das irm\u00e3s. Depois de ser aprovado no vestibular de Engenharia Agr\u00f4noma da Universidade Federal da Bahia (UFBA), voltou a mudar de cidade, indo para Cruz das Almas cursar a faculdade. \u201cEu que vim para esta miss\u00e3o tenho a obriga\u00e7\u00e3o de garantir que a oportunidade aconte\u00e7a\u201d, afirmou Jer\u00f4nimo nos est\u00fadios da Salvador FM, na primeira exclusiva ap\u00f3s lan\u00e7amento da pr\u00e9-candidatura ao Governo do Estado com apoio de Lula, Rui Costa e Jaques Wagner. \u201cEu superei, mas eu n\u00e3o posso esquecer por onde eu pisei\u201d, concluiu.<\/p>\n<p style=\"text-align: justify;\">Jer\u00f4nimo Rodrigues tamb\u00e9m foi secret\u00e1rio do Minist\u00e9rio do Desenvolvimento Agr\u00e1rio, na gest\u00e3o da ex-presidente Dilma Rousseff, e secret\u00e1rio estadual do Desenvolvimento Agr\u00e1rio, entre 2015 e 2019. O professor universit\u00e1rio pela UEFS, de Feira de Santana, se tornou o homem de confian\u00e7a de Rui Costa e tem o apoio de Luiz In\u00e1cio Lula da Silva na Bahia.<\/p>\n","protected":false},"excerpt":{"rendered":"<p>&nbsp; \u201cA indigna\u00e7\u00e3o n\u00e3o pode virar raiva, \u00f3dio. A indigna\u00e7\u00e3o precisa ser transformada em busca, em esperan\u00e7a\u201d. A declara\u00e7\u00e3o \u00e9 do pr\u00e9-candidato do PT ao Governo do Estado, Jer\u00f4nimo Rodrigues, que lembrou das migra\u00e7\u00f5es que precisou fazer ao longo da vida para garantir o acesso \u00e0 educa\u00e7\u00e3o. Jer\u00f4nimo nasceu no distrito de Palmeirinha, na cidade [&hellip;]<\/p>\n","protected":false},"author":2,"featured_media":108416,"comment_status":"open","ping_status":"open","sticky":false,"template":"","format":"standard","meta":[],"categories":[96,105],"tags":[],"_links":{"self":[{"href":"https:\/\/www.blogdopaulonunes.com\/v5\/index.php\/wp-json\/wp\/v2\/posts\/108414"}],"collection":[{"href":"https:\/\/www.blogdopaulonunes.com\/v5\/index.php\/wp-json\/wp\/v2\/posts"}],"about":[{"href":"https:\/\/www.blogdopaulonunes.com\/v5\/index.php\/wp-json\/wp\/v2\/types\/post"}],"author":[{"embeddable":true,"href":"https:\/\/www.blogdopaulonunes.com\/v5\/index.php\/wp-json\/wp\/v2\/users\/2"}],"replies":[{"embeddable":true,"href":"https:\/\/www.blogdopaulonunes.com\/v5\/index.php\/wp-json\/wp\/v2\/comments?post=108414"}],"version-history":[{"count":1,"href":"https:\/\/www.blogdopaulonunes.com\/v5\/index.php\/wp-json\/wp\/v2\/posts\/108414\/revisions"}],"predecessor-version":[{"id":108417,"href":"https:\/\/www.blogdopaulonunes.com\/v5\/index.php\/wp-json\/wp\/v2\/posts\/108414\/revisions\/108417"}],"wp:featuredmedia":[{"embeddable":true,"href":"https:\/\/www.blogdopaulonunes.com\/v5\/index.php\/wp-json\/wp\/v2\/media\/108416"}],"wp:attachment":[{"href":"https:\/\/www.blogdopaulonunes.com\/v5\/index.php\/wp-json\/wp\/v2\/media?parent=108414"}],"wp:term":[{"taxonomy":"category","embeddable":true,"href":"https:\/\/www.blogdopaulonunes.com\/v5\/index.php\/wp-json\/wp\/v2\/categories?post=108414"},{"taxonomy":"post_tag","embeddable":true,"href":"https:\/\/www.blogdopaulonunes.com\/v5\/index.php\/wp-json\/wp\/v2\/tags?post=108414"}],"curies":[{"name":"wp","href":"https:\/\/api.w.org\/{rel}","templated":true}]}}