{"id":107639,"date":"2022-02-20T08:50:39","date_gmt":"2022-02-20T11:50:39","guid":{"rendered":"https:\/\/www.blogdopaulonunes.com\/v5\/?p=107639"},"modified":"2022-02-20T08:50:39","modified_gmt":"2022-02-20T11:50:39","slug":"exposicao-une-o-campo-a-cidade-e-gera-renda-para-populacao","status":"publish","type":"post","link":"https:\/\/www.blogdopaulonunes.com\/v5\/index.php\/2022\/02\/20\/exposicao-une-o-campo-a-cidade-e-gera-renda-para-populacao\/","title":{"rendered":"Exposi\u00e7\u00e3o une o campo \u00e0 cidade e gera renda para popula\u00e7\u00e3o"},"content":{"rendered":"<p>&nbsp;<\/p>\n<p style=\"text-align: justify;\">Prestes a completar 60 anos de emancipa\u00e7\u00e3o pol\u00edtica na pr\u00f3xima ter\u00e7a-feira (22), o munic\u00edpio baiano de Belo Campo, a princesinha do Sudoeste, vive desde a quarta-feira (16) dias de festa com a realiza\u00e7\u00e3o da Expo Belo Campo, evento agropecu\u00e1rio que j\u00e1 se consolidou como o primeiro no Pa\u00eds realizado dentro da cidade, ocupando ruas e avenidas. \u201cEssa exposi\u00e7\u00e3o \u00e9 fant\u00e1stica\u201d, disse entusiasmado o secret\u00e1rio estadual da Agricultura, Jo\u00e3o Carlos Oliveira da Silva, analisando que \u201c\u00e9 um verdadeiro casamento da cidade com o campo, onde a popula\u00e7\u00e3o pode compreender a import\u00e2ncia do campo e em especial da agricultura familiar\u201d. Ele destacou ainda que a exposi\u00e7\u00e3o gera riqueza e o interc\u00e2mbio de informa\u00e7\u00f5es t\u00e9cnicas.<!--more--><br \/>\nE o prefeito da cidade, Jos\u00e9 Henrique Tigre (Quinho), que \u00e9 tamb\u00e9m vice-presidente da Uni\u00e3o dos Munic\u00edpios da Bahia (UPB), viu a exposi\u00e7\u00e3o transformar-se nesse s\u00e1bado (9) num verdadeiro centro pol\u00edtico, recepcionando as visitas do senador Otto Alencar, diversos deputados estaduais e federais, mais de 30 prefeitos da regi\u00e3o, al\u00e9m dos secret\u00e1rios estaduais da Agricultura e o da Educa\u00e7\u00e3o, Ger\u00f4nimo Rodrigues.Ao conceder entrevista \u00e0 m\u00eddia, ao lado de Otto Alencar, o prefeito confirmou a expectativa de movimentar neg\u00f3cios da ordem de R$ 15 milh\u00f5es, com os leil\u00f5es de gado de corte e de leite e com os estandes de produtos e incrementos para a agropecu\u00e1ria. Ele relatou que o leil\u00e3o realizado na noite de sexta-feira (18) colocou \u00e0 venda mais de 1.200 bovinos de corte, de apurada gen\u00e9tica de criadores de sete estados brasileiros, com exemplares avaliados em at\u00e9 500\/600 mil reais. Quinho finalizou sua fala revelando que no dia do anivers\u00e1rio da cidade vai anunciar obras no valor de R$ 35 milh\u00f5es, com recursos pr\u00f3prios e de emendas parlamentares.<br \/>\nPara o senador Otto Alencar, o sucesso da 2\u00aa Expo Belo Campo n\u00e3o \u00e9 novidade, \u201cporque conhe\u00e7o a capacidade laborativa, administrativa e de organiza\u00e7\u00e3o do prefeito Quinho\u201d. Segundo o senador, \u201ceventos como esse s\u00f3 fortalecem a agropecu\u00e1ria, respons\u00e1vel pela gera\u00e7\u00e3o de 38% dos empregos no estado\u201d. Depois, ao lado do prefeito anfitri\u00e3o, Otto visitou todos os espa\u00e7os da exposi\u00e7\u00e3o e assistiu tamb\u00e9m a Terceira Copa de Marcha de cavalos Mangalarga Marchador, realizada na Pra\u00e7a Tiradentes, tamb\u00e9m chamada de Pra\u00e7a de Zena. Mais 100 animais, bel\u00edssimos e imponentes exemplares da ra\u00e7a, foram inscritos para a competi\u00e7\u00e3o.<br \/>\nPara chegar ao local o caminho \u00e9 a Rua Vicente Vieira, onde foram organizadas as baias para bovinos e equinos, defronte das resid\u00eancias cujos moradores apoiaram a id\u00e9ia e viram a oportunidade de faturar uma grana extra. \u00c9 o caso da operadora de caixa Ta\u00edse Ara\u00fajo e sua cunhada Cassia Lopes, que transformaram a frente da casa numa atrativa lanchonete, oferecendo salgados, lanches, bebidas diversas e at\u00e9 caf\u00e9 da manh\u00e3 para atender aos trabalhadores da exposi\u00e7\u00e3o. E ao longo da rua muitos comerciantes se instalaram, criando o que foi batizado como \u201cpassarela do \u00e1lcool\u201d.<\/p>\n<p style=\"text-align: justify;\">Cr\u00e9dito das fotos \u2013 Euro Am\u00e2ncio<\/p>\n","protected":false},"excerpt":{"rendered":"<p>&nbsp; Prestes a completar 60 anos de emancipa\u00e7\u00e3o pol\u00edtica na pr\u00f3xima ter\u00e7a-feira (22), o munic\u00edpio baiano de Belo Campo, a princesinha do Sudoeste, vive desde a quarta-feira (16) dias de festa com a realiza\u00e7\u00e3o da Expo Belo Campo, evento agropecu\u00e1rio que j\u00e1 se consolidou como o primeiro no Pa\u00eds realizado dentro da cidade, ocupando ruas [&hellip;]<\/p>\n","protected":false},"author":2,"featured_media":107640,"comment_status":"open","ping_status":"open","sticky":false,"template":"","format":"standard","meta":[],"categories":[73],"tags":[],"_links":{"self":[{"href":"https:\/\/www.blogdopaulonunes.com\/v5\/index.php\/wp-json\/wp\/v2\/posts\/107639"}],"collection":[{"href":"https:\/\/www.blogdopaulonunes.com\/v5\/index.php\/wp-json\/wp\/v2\/posts"}],"about":[{"href":"https:\/\/www.blogdopaulonunes.com\/v5\/index.php\/wp-json\/wp\/v2\/types\/post"}],"author":[{"embeddable":true,"href":"https:\/\/www.blogdopaulonunes.com\/v5\/index.php\/wp-json\/wp\/v2\/users\/2"}],"replies":[{"embeddable":true,"href":"https:\/\/www.blogdopaulonunes.com\/v5\/index.php\/wp-json\/wp\/v2\/comments?post=107639"}],"version-history":[{"count":1,"href":"https:\/\/www.blogdopaulonunes.com\/v5\/index.php\/wp-json\/wp\/v2\/posts\/107639\/revisions"}],"predecessor-version":[{"id":107641,"href":"https:\/\/www.blogdopaulonunes.com\/v5\/index.php\/wp-json\/wp\/v2\/posts\/107639\/revisions\/107641"}],"wp:featuredmedia":[{"embeddable":true,"href":"https:\/\/www.blogdopaulonunes.com\/v5\/index.php\/wp-json\/wp\/v2\/media\/107640"}],"wp:attachment":[{"href":"https:\/\/www.blogdopaulonunes.com\/v5\/index.php\/wp-json\/wp\/v2\/media?parent=107639"}],"wp:term":[{"taxonomy":"category","embeddable":true,"href":"https:\/\/www.blogdopaulonunes.com\/v5\/index.php\/wp-json\/wp\/v2\/categories?post=107639"},{"taxonomy":"post_tag","embeddable":true,"href":"https:\/\/www.blogdopaulonunes.com\/v5\/index.php\/wp-json\/wp\/v2\/tags?post=107639"}],"curies":[{"name":"wp","href":"https:\/\/api.w.org\/{rel}","templated":true}]}}