{"id":107006,"date":"2022-01-07T13:03:54","date_gmt":"2022-01-07T16:03:54","guid":{"rendered":"https:\/\/webtivaserver.com.br\/blogdopaulonunes\/?p=107006"},"modified":"2022-01-08T15:56:40","modified_gmt":"2022-01-08T18:56:40","slug":"concebida-na-gestao-de-geraldo-simoes-barragem-de-itape-salvou-itabuna-de-uma-tragedia-maior","status":"publish","type":"post","link":"https:\/\/www.blogdopaulonunes.com\/v5\/index.php\/2022\/01\/07\/concebida-na-gestao-de-geraldo-simoes-barragem-de-itape-salvou-itabuna-de-uma-tragedia-maior\/","title":{"rendered":"Concebida na gest\u00e3o de Geraldo Sim\u00f5es, Barragem de Itap\u00e9 salvou Itabuna de uma trag\u00e9dia maior"},"content":{"rendered":"<p>Agora que o leito do rio Cachoeira baixou e Itabuna se envolve num grande esfor\u00e7o de reconstru\u00e7\u00e3o depois da enchente que destruiu as partes mais baixas do munic\u00edpio, mesmo aqueles que na \u00e9poca foram cr\u00edticos ao projeto reconhecem a import\u00e2ncia da edifica\u00e7\u00e3o da Barragem de Itap\u00e9.<\/p>\n<p>Concebida na gest\u00e3o do ex-prefeito de Itabuna Geraldo Sim\u00f5es (PT) tanto para evitar a falta d\u00b4\u00e1gua quanto para conter os efeitos da incid\u00eancia de chuvas fortes na regi\u00e3o, a barragem foi iniciada ainda no governo Jaques Wagner (PT) e conclu\u00edda no de Rui Costa (PT).<\/p>\n<p>Para viabiliz\u00e1-la, Geraldo conseguiu aprovar uma emenda de bancada na \u00e9poca em que era deputado federal que assegurou uma boa parte dos recursos necess\u00e1rios ao empreendimento. Ao final, a obra custou cerca de R$ 120 milh\u00f5es, sendo que 70% do dinheiro saiu do tesouro estadual.<\/p>\n","protected":false},"excerpt":{"rendered":"<p>Agora que o leito do rio Cachoeira baixou e Itabuna se envolve num grande esfor\u00e7o de reconstru\u00e7\u00e3o depois da enchente que destruiu as partes mais baixas do munic\u00edpio, mesmo aqueles que na \u00e9poca foram cr\u00edticos ao projeto reconhecem a import\u00e2ncia da edifica\u00e7\u00e3o da Barragem de Itap\u00e9. Concebida na gest\u00e3o do ex-prefeito de Itabuna Geraldo Sim\u00f5es [&hellip;]<\/p>\n","protected":false},"author":1,"featured_media":107007,"comment_status":"open","ping_status":"open","sticky":false,"template":"","format":"standard","meta":[],"categories":[1],"tags":[],"_links":{"self":[{"href":"https:\/\/www.blogdopaulonunes.com\/v5\/index.php\/wp-json\/wp\/v2\/posts\/107006"}],"collection":[{"href":"https:\/\/www.blogdopaulonunes.com\/v5\/index.php\/wp-json\/wp\/v2\/posts"}],"about":[{"href":"https:\/\/www.blogdopaulonunes.com\/v5\/index.php\/wp-json\/wp\/v2\/types\/post"}],"author":[{"embeddable":true,"href":"https:\/\/www.blogdopaulonunes.com\/v5\/index.php\/wp-json\/wp\/v2\/users\/1"}],"replies":[{"embeddable":true,"href":"https:\/\/www.blogdopaulonunes.com\/v5\/index.php\/wp-json\/wp\/v2\/comments?post=107006"}],"version-history":[{"count":1,"href":"https:\/\/www.blogdopaulonunes.com\/v5\/index.php\/wp-json\/wp\/v2\/posts\/107006\/revisions"}],"predecessor-version":[{"id":107008,"href":"https:\/\/www.blogdopaulonunes.com\/v5\/index.php\/wp-json\/wp\/v2\/posts\/107006\/revisions\/107008"}],"wp:featuredmedia":[{"embeddable":true,"href":"https:\/\/www.blogdopaulonunes.com\/v5\/index.php\/wp-json\/wp\/v2\/media\/107007"}],"wp:attachment":[{"href":"https:\/\/www.blogdopaulonunes.com\/v5\/index.php\/wp-json\/wp\/v2\/media?parent=107006"}],"wp:term":[{"taxonomy":"category","embeddable":true,"href":"https:\/\/www.blogdopaulonunes.com\/v5\/index.php\/wp-json\/wp\/v2\/categories?post=107006"},{"taxonomy":"post_tag","embeddable":true,"href":"https:\/\/www.blogdopaulonunes.com\/v5\/index.php\/wp-json\/wp\/v2\/tags?post=107006"}],"curies":[{"name":"wp","href":"https:\/\/api.w.org\/{rel}","templated":true}]}}