{"id":107000,"date":"2022-01-08T05:42:43","date_gmt":"2022-01-08T08:42:43","guid":{"rendered":"https:\/\/webtivaserver.com.br\/blogdopaulonunes\/?p=107000"},"modified":"2022-01-08T15:54:45","modified_gmt":"2022-01-08T18:54:45","slug":"governo-do-estado-destina-r-124-milhoes-para-a-recuperacao-de-estradas-vicinais","status":"publish","type":"post","link":"https:\/\/www.blogdopaulonunes.com\/v5\/index.php\/2022\/01\/08\/governo-do-estado-destina-r-124-milhoes-para-a-recuperacao-de-estradas-vicinais\/","title":{"rendered":"Governo do Estado destina R$ 12,4 milh\u00f5es para a recupera\u00e7\u00e3o de estradas vicinais"},"content":{"rendered":"<p>Para garantir a mobilidade da popula\u00e7\u00e3o de comunidades rurais que cortam os munic\u00edpios baianos e viabilizar o transporte dos produtos de agricultores familiares, o Governo do Estado, por meio da Companhia de Desenvolvimento e A\u00e7\u00e3o Regional (CAR), empresa p\u00fablica vinculada \u00e0 Secretaria de Desenvolvimento Rural (SDR), est\u00e1 destinando R$ 12,4 milh\u00f5es para a recupera\u00e7\u00e3o de estradas vicinais.<\/p>\n<p>A iniciativa, que integra as a\u00e7\u00f5es emergenciais realizadas nos munic\u00edpios mais atingidos pelas fortes chuvas no m\u00eas de dezembro, ser\u00e1 executada via conv\u00eanios com prefeituras municipais. Inicialmente, ser\u00e3o atendidos 140 munic\u00edpios que est\u00e3o sob decreto de emerg\u00eancia.<\/p>\n<p>A estimativa \u00e9 que at\u00e9, a pr\u00f3xima segunda-feira (10), todos os munic\u00edpios habilitados, com decreto de emerg\u00eancia, encaminhem os planos de trabalho para que os conv\u00eanios sejam firmados at\u00e9 a pr\u00f3xima sexta-feira (14) e efetuados os pagamentos para dar in\u00edcio \u00e0s obras. Os recursos, que ser\u00e3o de R$ 50 a R$ 120 mil, por munic\u00edpio, ser\u00e3o destinados a partir da extens\u00e3o territorial.<\/p>\n<p>De acordo com o secret\u00e1rio da SDR, Josias Gomes, os cons\u00f3rcios ir\u00e3o ajudar com seus equipamentos e maquin\u00e1rios, para recuperar as estradas que foram acordadas nas reuni\u00f5es realizadas com os cons\u00f3rcios. \u201c\u00c9 um passo para que a normalidade econ\u00f4mica, proveniente da agricultura familiar, possa voltar a acontecer e, com isso, n\u00f3s garantimos renda aos nossos agricultores, aumentamos a oferta de produtos nas feiras livres e evitamos o aumento de pre\u00e7o, que \u00e9, sem d\u00favida, um grande problema em um momento como esse\u201d, afirma.<\/p>\n","protected":false},"excerpt":{"rendered":"<p>Para garantir a mobilidade da popula\u00e7\u00e3o de comunidades rurais que cortam os munic\u00edpios baianos e viabilizar o transporte dos produtos de agricultores familiares, o Governo do Estado, por meio da Companhia de Desenvolvimento e A\u00e7\u00e3o Regional (CAR), empresa p\u00fablica vinculada \u00e0 Secretaria de Desenvolvimento Rural (SDR), est\u00e1 destinando R$ 12,4 milh\u00f5es para a recupera\u00e7\u00e3o de [&hellip;]<\/p>\n","protected":false},"author":1,"featured_media":107001,"comment_status":"open","ping_status":"open","sticky":false,"template":"","format":"standard","meta":[],"categories":[1],"tags":[],"_links":{"self":[{"href":"https:\/\/www.blogdopaulonunes.com\/v5\/index.php\/wp-json\/wp\/v2\/posts\/107000"}],"collection":[{"href":"https:\/\/www.blogdopaulonunes.com\/v5\/index.php\/wp-json\/wp\/v2\/posts"}],"about":[{"href":"https:\/\/www.blogdopaulonunes.com\/v5\/index.php\/wp-json\/wp\/v2\/types\/post"}],"author":[{"embeddable":true,"href":"https:\/\/www.blogdopaulonunes.com\/v5\/index.php\/wp-json\/wp\/v2\/users\/1"}],"replies":[{"embeddable":true,"href":"https:\/\/www.blogdopaulonunes.com\/v5\/index.php\/wp-json\/wp\/v2\/comments?post=107000"}],"version-history":[{"count":1,"href":"https:\/\/www.blogdopaulonunes.com\/v5\/index.php\/wp-json\/wp\/v2\/posts\/107000\/revisions"}],"predecessor-version":[{"id":107002,"href":"https:\/\/www.blogdopaulonunes.com\/v5\/index.php\/wp-json\/wp\/v2\/posts\/107000\/revisions\/107002"}],"wp:featuredmedia":[{"embeddable":true,"href":"https:\/\/www.blogdopaulonunes.com\/v5\/index.php\/wp-json\/wp\/v2\/media\/107001"}],"wp:attachment":[{"href":"https:\/\/www.blogdopaulonunes.com\/v5\/index.php\/wp-json\/wp\/v2\/media?parent=107000"}],"wp:term":[{"taxonomy":"category","embeddable":true,"href":"https:\/\/www.blogdopaulonunes.com\/v5\/index.php\/wp-json\/wp\/v2\/categories?post=107000"},{"taxonomy":"post_tag","embeddable":true,"href":"https:\/\/www.blogdopaulonunes.com\/v5\/index.php\/wp-json\/wp\/v2\/tags?post=107000"}],"curies":[{"name":"wp","href":"https:\/\/api.w.org\/{rel}","templated":true}]}}